{"id":1764,"date":"2025-04-27T12:23:00","date_gmt":"2025-04-27T12:23:00","guid":{"rendered":"https:\/\/prahasobe.cz\/praha6sobe\/?p=1764"},"modified":"2026-04-09T12:36:31","modified_gmt":"2026-04-09T12:36:31","slug":"dzban-patri-lidem-ne-developerum","status":"publish","type":"post","link":"https:\/\/prahasobe.cz\/praha6sobe\/2025\/04\/27\/dzban-patri-lidem-ne-developerum\/","title":{"rendered":"D\u017eb\u00e1n pat\u0159\u00ed lidem, ne developer\u016fm"},"content":{"rendered":"\n<p>Praha 6 sob\u011b podnik\u00e1 konkr\u00e9tn\u00ed kroky, aby se are\u00e1l D\u017eb\u00e1n stal op\u011bt m\u00edstem pro v\u0161echny. Ve \u010dtvrtek jsme na Zastupitelstvu hlavn\u00edho m\u011bsta Prahy p\u0159edlo\u017eili n\u00e1vrh, aby m\u011bsto okam\u017eit\u011b zah\u00e1jilo jedn\u00e1n\u00ed o&nbsp;odkupu pozemk\u016f a&nbsp;are\u00e1lu D\u017eb\u00e1n zp\u011bt do ve\u0159ejn\u00e9ho vlastnictv\u00ed.<\/p>\n\n\n\n<div style=\"height:20px\" aria-hidden=\"true\" class=\"wp-block-spacer\"><\/div>\n\n\n\n<p>D\u017eb\u00e1n je jedn\u00edm z&nbsp;posledn\u00edch velk\u00fdch p\u0159\u00edrodn\u00edch are\u00e1l\u016f v&nbsp;Praze. Strategick\u00fd pozemek o&nbsp;rozloze v\u00edce ne\u017e 64&nbsp;000&nbsp;m\u00b2 v&nbsp;atraktivn\u00ed \u010d\u00e1sti Prahy 6 m\u00e1 potenci\u00e1l z\u016fstat m\u00edstem odpo\u010dinku, sportu a&nbsp;komunitn\u00edho \u017eivota. Budovy are\u00e1lu, p\u0159esto\u017ee dnes ch\u00e1traj\u00ed, jsou podle odborn\u00e9ho posudku st\u00e1le zachraniteln\u00e9 a&nbsp;mohou b\u00fdt znovu vyu\u017eity nap\u0159\u00edklad jako \u0161atny, ob\u010derstven\u00ed, komunitn\u00ed prostory nebo klubovny.<\/p>\n\n\n\n<div style=\"height:20px\" aria-hidden=\"true\" class=\"wp-block-spacer\"><\/div>\n\n\n\n<p>Majitel are\u00e1lu, firma Molepo, u\u017e jedn\u00e1 s&nbsp;dal\u0161\u00edmi z\u00e1jemci. Pokud m\u011bsto neza\u010dne okam\u017eit\u011b jednat, hroz\u00ed, \u017ee tento kus p\u0159\u00edrody skon\u010d\u00ed v&nbsp;rukou soukrom\u00fdch investor\u016f a&nbsp;nav\u017edy zm\u011bn\u00ed svou podobu.<\/p>\n\n\n\n<div style=\"height:20px\" aria-hidden=\"true\" class=\"wp-block-spacer\"><\/div>\n\n\n\n<p>D\u00edky pr\u00e1ci na\u0161eho zastupitele \u0160t\u011bp\u00e1na Bart\u00e1ka existuje op\u011bt nad\u011bje, \u017ee se l\u00e1zn\u011b D\u017eb\u00e1n vr\u00e1t\u00ed ve\u0159ejnosti. V&nbsp;n\u00e1vaznosti na jeho podklady vyvinula <a href=\"https:\/\/www.facebook.com\/capkovamariana?__cft__[0]=AZa9yPbIe6TC1xjEMEPCRKxcgkTz80xIoDrzY96Ozxp87hsv29FkcnqgfbDkZuce4r8vprOupUsvVvO45oqAqJX9mijmn98RUFX95-Q5bEby9dQ_944m399Q2ix82yhpHxWuv3GzZlhXjaLypJg92fbjwj_zp_dtuz4cYVQIK9r3oQ&amp;__tn__=-]K-R\">Mariana \u010capkov\u00e1 &#8211; m\u00edstostarostka Prahy 6<\/a> z\u00e1sadn\u00ed tlak na zastupitele hlavn\u00edho m\u011bsta Prahy, aby zasedli k&nbsp;jednac\u00edmu stolu se sou\u010dasn\u00fdm majitelem pozemk\u016f l\u00e1zn\u00ed, ukon\u010dili dlouh\u00e9 obdob\u00ed nejistoty a&nbsp;koupili l\u00e1zn\u011b zp\u011bt.<\/p>\n\n\n\n<div style=\"height:20px\" aria-hidden=\"true\" class=\"wp-block-spacer\"><\/div>\n\n\n\n<p>Te\u010f je na n\u00e1s v\u0161ech, abychom spole\u010dn\u011b uk\u00e1zali, \u017ee D\u017eb\u00e1n m\u00e1 z\u016fstat otev\u0159en\u00fdm prostorem pro komunitn\u00ed \u017eivot, p\u0159\u00edrodu a&nbsp;odpo\u010dinek pro v\u0161echny Pra\u017eany.<\/p>\n\n\n\n<div style=\"height:20px\" aria-hidden=\"true\" class=\"wp-block-spacer\"><\/div>\n\n\n\n<p>Podrobn\u00e9 informace o&nbsp;n\u00e1vrhu a&nbsp;z\u00e1m\u011brech najdete v&nbsp;p\u0159ilo\u017een\u00fdch podkladech.<\/p>\n\n\n\n<div style=\"height:20px\" aria-hidden=\"true\" class=\"wp-block-spacer\"><\/div>\n\n\n\n<figure class=\"wp-block-gallery has-nested-images columns-default is-cropped wp-block-gallery-1 is-layout-flex wp-block-gallery-is-layout-flex\">\n<figure class=\"wp-block-image size-large\"><img loading=\"lazy\" decoding=\"async\" width=\"1241\" height=\"1755\" data-id=\"1766\" src=\"http:\/\/prahasobe.cz\/praha6sobe\/wp-content\/uploads\/sites\/5\/2026\/04\/493288315_676238874995546_2164136664014082958_n.jpg\" alt=\"Prezentace n\u00e1vrhu na z\u00e1chranu a vyu\u017eit\u00ed are\u00e1lu D\u017eb\u00e1n Praha 6\" class=\"wp-image-1766\" srcset=\"https:\/\/prahasobe.cz\/praha6sobe\/wp-content\/uploads\/sites\/5\/2026\/04\/493288315_676238874995546_2164136664014082958_n.jpg 1241w, https:\/\/prahasobe.cz\/praha6sobe\/wp-content\/uploads\/sites\/5\/2026\/04\/493288315_676238874995546_2164136664014082958_n-212x300.jpg 212w, https:\/\/prahasobe.cz\/praha6sobe\/wp-content\/uploads\/sites\/5\/2026\/04\/493288315_676238874995546_2164136664014082958_n-724x1024.jpg 724w, https:\/\/prahasobe.cz\/praha6sobe\/wp-content\/uploads\/sites\/5\/2026\/04\/493288315_676238874995546_2164136664014082958_n-768x1086.jpg 768w, https:\/\/prahasobe.cz\/praha6sobe\/wp-content\/uploads\/sites\/5\/2026\/04\/493288315_676238874995546_2164136664014082958_n-1086x1536.jpg 1086w\" sizes=\"auto, (max-width: 1241px) 100vw, 1241px\" \/><\/figure>\n\n\n\n<figure class=\"wp-block-image size-large\"><img loading=\"lazy\" decoding=\"async\" width=\"1241\" height=\"1755\" data-id=\"1765\" src=\"http:\/\/prahasobe.cz\/praha6sobe\/wp-content\/uploads\/sites\/5\/2026\/04\/493147852_676238848328882_4495342615167043977_n.jpg\" alt=\"Prezentace n\u00e1vrhu na z\u00e1chranu a vyu\u017eit\u00ed are\u00e1lu D\u017eb\u00e1n Praha 6\" class=\"wp-image-1765\" srcset=\"https:\/\/prahasobe.cz\/praha6sobe\/wp-content\/uploads\/sites\/5\/2026\/04\/493147852_676238848328882_4495342615167043977_n.jpg 1241w, https:\/\/prahasobe.cz\/praha6sobe\/wp-content\/uploads\/sites\/5\/2026\/04\/493147852_676238848328882_4495342615167043977_n-212x300.jpg 212w, https:\/\/prahasobe.cz\/praha6sobe\/wp-content\/uploads\/sites\/5\/2026\/04\/493147852_676238848328882_4495342615167043977_n-724x1024.jpg 724w, https:\/\/prahasobe.cz\/praha6sobe\/wp-content\/uploads\/sites\/5\/2026\/04\/493147852_676238848328882_4495342615167043977_n-768x1086.jpg 768w, https:\/\/prahasobe.cz\/praha6sobe\/wp-content\/uploads\/sites\/5\/2026\/04\/493147852_676238848328882_4495342615167043977_n-1086x1536.jpg 1086w\" sizes=\"auto, (max-width: 1241px) 100vw, 1241px\" \/><\/figure>\n\n\n\n<figure class=\"wp-block-image size-large\"><img loading=\"lazy\" decoding=\"async\" width=\"1242\" height=\"1755\" data-id=\"1767\" src=\"http:\/\/prahasobe.cz\/praha6sobe\/wp-content\/uploads\/sites\/5\/2026\/04\/493289063_676238828328884_6843856115759759783_n.jpg\" alt=\"Prezentace n\u00e1vrhu na z\u00e1chranu a vyu\u017eit\u00ed are\u00e1lu D\u017eb\u00e1n Praha 6\" class=\"wp-image-1767\" srcset=\"https:\/\/prahasobe.cz\/praha6sobe\/wp-content\/uploads\/sites\/5\/2026\/04\/493289063_676238828328884_6843856115759759783_n.jpg 1242w, https:\/\/prahasobe.cz\/praha6sobe\/wp-content\/uploads\/sites\/5\/2026\/04\/493289063_676238828328884_6843856115759759783_n-212x300.jpg 212w, https:\/\/prahasobe.cz\/praha6sobe\/wp-content\/uploads\/sites\/5\/2026\/04\/493289063_676238828328884_6843856115759759783_n-725x1024.jpg 725w, https:\/\/prahasobe.cz\/praha6sobe\/wp-content\/uploads\/sites\/5\/2026\/04\/493289063_676238828328884_6843856115759759783_n-768x1085.jpg 768w, https:\/\/prahasobe.cz\/praha6sobe\/wp-content\/uploads\/sites\/5\/2026\/04\/493289063_676238828328884_6843856115759759783_n-1087x1536.jpg 1087w\" sizes=\"auto, (max-width: 1242px) 100vw, 1242px\" \/><\/figure>\n\n\n\n<figure class=\"wp-block-image size-large\"><img loading=\"lazy\" decoding=\"async\" width=\"1242\" height=\"1755\" data-id=\"1768\" src=\"http:\/\/prahasobe.cz\/praha6sobe\/wp-content\/uploads\/sites\/5\/2026\/04\/493289439_676238838328883_1118775977343265584_n.jpg\" alt=\"Prezentace n\u00e1vrhu na z\u00e1chranu a vyu\u017eit\u00ed are\u00e1lu D\u017eb\u00e1n Praha 6\" class=\"wp-image-1768\" srcset=\"https:\/\/prahasobe.cz\/praha6sobe\/wp-content\/uploads\/sites\/5\/2026\/04\/493289439_676238838328883_1118775977343265584_n.jpg 1242w, https:\/\/prahasobe.cz\/praha6sobe\/wp-content\/uploads\/sites\/5\/2026\/04\/493289439_676238838328883_1118775977343265584_n-212x300.jpg 212w, https:\/\/prahasobe.cz\/praha6sobe\/wp-content\/uploads\/sites\/5\/2026\/04\/493289439_676238838328883_1118775977343265584_n-725x1024.jpg 725w, https:\/\/prahasobe.cz\/praha6sobe\/wp-content\/uploads\/sites\/5\/2026\/04\/493289439_676238838328883_1118775977343265584_n-768x1085.jpg 768w, https:\/\/prahasobe.cz\/praha6sobe\/wp-content\/uploads\/sites\/5\/2026\/04\/493289439_676238838328883_1118775977343265584_n-1087x1536.jpg 1087w\" sizes=\"auto, (max-width: 1242px) 100vw, 1242px\" \/><\/figure>\n\n\n\n<figure class=\"wp-block-image size-large\"><img loading=\"lazy\" decoding=\"async\" width=\"1242\" height=\"1755\" data-id=\"1769\" src=\"http:\/\/prahasobe.cz\/praha6sobe\/wp-content\/uploads\/sites\/5\/2026\/04\/493323180_676238844995549_2994217484942851695_n.jpg\" alt=\"Prezentace n\u00e1vrhu na z\u00e1chranu a vyu\u017eit\u00ed are\u00e1lu D\u017eb\u00e1n Praha 6\" class=\"wp-image-1769\" srcset=\"https:\/\/prahasobe.cz\/praha6sobe\/wp-content\/uploads\/sites\/5\/2026\/04\/493323180_676238844995549_2994217484942851695_n.jpg 1242w, https:\/\/prahasobe.cz\/praha6sobe\/wp-content\/uploads\/sites\/5\/2026\/04\/493323180_676238844995549_2994217484942851695_n-212x300.jpg 212w, https:\/\/prahasobe.cz\/praha6sobe\/wp-content\/uploads\/sites\/5\/2026\/04\/493323180_676238844995549_2994217484942851695_n-725x1024.jpg 725w, https:\/\/prahasobe.cz\/praha6sobe\/wp-content\/uploads\/sites\/5\/2026\/04\/493323180_676238844995549_2994217484942851695_n-768x1085.jpg 768w, https:\/\/prahasobe.cz\/praha6sobe\/wp-content\/uploads\/sites\/5\/2026\/04\/493323180_676238844995549_2994217484942851695_n-1087x1536.jpg 1087w\" sizes=\"auto, (max-width: 1242px) 100vw, 1242px\" \/><\/figure>\n<\/figure>\n","protected":false},"excerpt":{"rendered":"<p>Praha 6 sob\u011b podnik\u00e1 konkr\u00e9tn\u00ed kroky, aby se are\u00e1l D\u017eb\u00e1n stal op\u011bt m\u00edstem pro v\u0161echny. Ve \u010dtvrtek jsme na Zastupitelstvu hlavn\u00edho m\u011bsta Prahy p\u0159edlo\u017eili n\u00e1vrh, aby m\u011bsto okam\u017eit\u011b zah\u00e1jilo jedn\u00e1n\u00ed o&nbsp;odkupu pozemk\u016f a&nbsp;are\u00e1lu D\u017eb\u00e1n zp\u011bt do ve\u0159ejn\u00e9ho vlastnictv\u00ed. D\u017eb\u00e1n je jedn\u00edm z&nbsp;posledn\u00edch velk\u00fdch p\u0159\u00edrodn\u00edch are\u00e1l\u016f v&nbsp;Praze. Strategick\u00fd pozemek o&nbsp;rozloze v\u00edce ne\u017e 64&nbsp;000&nbsp;m\u00b2 v&nbsp;atraktivn\u00ed \u010d\u00e1sti Prahy [&hellip;]<\/p>\n","protected":false},"author":9,"featured_media":1770,"comment_status":"open","ping_status":"open","sticky":false,"template":"","format":"standard","meta":{"_acf_changed":false,"inline_featured_image":false,"footnotes":""},"categories":[4],"tags":[],"class_list":["post-1764","post","type-post","status-publish","format-standard","has-post-thumbnail","hentry","category-news"],"acf":[],"aioseo_notices":[],"distributor_meta":false,"distributor_terms":false,"distributor_media":false,"distributor_original_site_name":"Praha6Sob\u011b","distributor_original_site_url":"https:\/\/prahasobe.cz\/praha6sobe","push-errors":false,"_links":{"self":[{"href":"https:\/\/prahasobe.cz\/praha6sobe\/wp-json\/wp\/v2\/posts\/1764","targetHints":{"allow":["GET"]}}],"collection":[{"href":"https:\/\/prahasobe.cz\/praha6sobe\/wp-json\/wp\/v2\/posts"}],"about":[{"href":"https:\/\/prahasobe.cz\/praha6sobe\/wp-json\/wp\/v2\/types\/post"}],"author":[{"embeddable":true,"href":"https:\/\/prahasobe.cz\/praha6sobe\/wp-json\/wp\/v2\/users\/9"}],"replies":[{"embeddable":true,"href":"https:\/\/prahasobe.cz\/praha6sobe\/wp-json\/wp\/v2\/comments?post=1764"}],"version-history":[{"count":1,"href":"https:\/\/prahasobe.cz\/praha6sobe\/wp-json\/wp\/v2\/posts\/1764\/revisions"}],"predecessor-version":[{"id":1771,"href":"https:\/\/prahasobe.cz\/praha6sobe\/wp-json\/wp\/v2\/posts\/1764\/revisions\/1771"}],"wp:featuredmedia":[{"embeddable":true,"href":"https:\/\/prahasobe.cz\/praha6sobe\/wp-json\/wp\/v2\/media\/1770"}],"wp:attachment":[{"href":"https:\/\/prahasobe.cz\/praha6sobe\/wp-json\/wp\/v2\/media?parent=1764"}],"wp:term":[{"taxonomy":"category","embeddable":true,"href":"https:\/\/prahasobe.cz\/praha6sobe\/wp-json\/wp\/v2\/categories?post=1764"},{"taxonomy":"post_tag","embeddable":true,"href":"https:\/\/prahasobe.cz\/praha6sobe\/wp-json\/wp\/v2\/tags?post=1764"}],"curies":[{"name":"wp","href":"https:\/\/api.w.org\/{rel}","templated":true}]}}