{"id":1761,"date":"2025-05-04T12:15:00","date_gmt":"2025-05-04T12:15:00","guid":{"rendered":"https:\/\/prahasobe.cz\/praha6sobe\/?p=1761"},"modified":"2026-04-09T12:22:06","modified_gmt":"2026-04-09T12:22:06","slug":"pohyb-jako-prirozena-soucast-skoly","status":"publish","type":"post","link":"https:\/\/prahasobe.cz\/praha6sobe\/2025\/05\/04\/pohyb-jako-prirozena-soucast-skoly\/","title":{"rendered":"Pohyb jako p\u0159irozen\u00e1 sou\u010d\u00e1st \u0161koly?"},"content":{"rendered":"\n<p>V Praze 6 to rozj\u00ed\u017ed\u00edme naplno!\u00a0<img loading=\"lazy\" decoding=\"async\" height=\"16\" width=\"16\" src=\"https:\/\/static.xx.fbcdn.net\/images\/emoji.php\/v9\/t88\/2\/16\/1f3c3_200d_2640.png\" alt=\"\ud83c\udfc3\u200d\u2640\ufe0f\"><\/p>\n\n\n\n<div style=\"height:20px\" aria-hidden=\"true\" class=\"wp-block-spacer\"><\/div>\n\n\n\n<p>D\u011bl\u00e1me konkr\u00e9tn\u00ed kroky pro zdrav\u011bj\u0161\u00ed a&nbsp;aktivn\u011bj\u0161\u00ed \u0161koln\u00ed prost\u0159ed\u00ed. Na\u0161\u00ed prioritou je, aby se d\u011bti neh\u00fdbaly jen b\u011bhem hodin t\u011blesn\u00e9 v\u00fdchovy, ale i&nbsp;v&nbsp;pr\u016fb\u011bhu b\u011b\u017en\u00e9ho vyu\u010dov\u00e1n\u00ed.<\/p>\n\n\n\n<div style=\"height:20px\" aria-hidden=\"true\" class=\"wp-block-spacer\"><\/div>\n\n\n\n<p><img loading=\"lazy\" decoding=\"async\" height=\"16\" width=\"16\" src=\"https:\/\/static.xx.fbcdn.net\/images\/emoji.php\/v9\/tf0\/2\/16\/1f449.png\" alt=\"\ud83d\udc49\">\u00a0Praha 6 stane prvn\u00ed m\u011bstskou \u010d\u00e1st\u00ed, kde bude spu\u0161t\u011bn pilotn\u00ed projekt\u00a0<a href=\"https:\/\/www.facebook.com\/CSInspekce?__tn__=-]K*F\">\u010cesk\u00e1 \u0161koln\u00ed inspekce &#8211; anal\u00fdzy, data, publikace<\/a>\u00a0s n\u00e1zvem Aktivn\u00ed \u0161kola. C\u00edlem je podpo\u0159it zdrav\u00ed d\u011bt\u00ed, zlep\u0161it jejich soust\u0159ed\u011bn\u00ed i&nbsp;celkovou atmosf\u00e9ru ve t\u0159\u00edd\u00e1ch.<\/p>\n\n\n\n<div style=\"height:20px\" aria-hidden=\"true\" class=\"wp-block-spacer\"><\/div>\n\n\n\n<p><img loading=\"lazy\" decoding=\"async\" height=\"16\" width=\"16\" src=\"https:\/\/static.xx.fbcdn.net\/images\/emoji.php\/v9\/tf0\/2\/16\/1f449.png\" alt=\"\ud83d\udc49\">\u00a0Proto jsme ve spolupr\u00e1ci se spolkem\u00a0<a href=\"https:\/\/www.facebook.com\/treneriveskole?__tn__=-]K*F\">Tren\u00e9\u0159i ve \u0161kole<\/a>\u00a0p\u0159ipravili \u0161kolen\u00ed pro v\u0161echny u\u010ditele t\u011blesn\u00e9 v\u00fdchovy na z\u00e1kladn\u00edch \u0161kol\u00e1ch. Zapoj\u00ed se pedagogov\u00e9 z&nbsp;prvn\u00edho i&nbsp;druh\u00e9ho stupn\u011b. Nau\u010d\u00ed se, jak p\u0159irozen\u011b za\u0159azovat pohyb do b\u011b\u017en\u00e9 v\u00fduky, jak motivovat d\u011bti k&nbsp;aktivn\u011bj\u0161\u00edmu \u017eivotn\u00edmu stylu a&nbsp;jak vyu\u017e\u00edvat jednoduch\u00e9 a&nbsp;funk\u010dn\u00ed metody.<\/p>\n\n\n\n<div style=\"height:20px\" aria-hidden=\"true\" class=\"wp-block-spacer\"><\/div>\n\n\n\n<p><img loading=\"lazy\" decoding=\"async\" height=\"16\" width=\"16\" src=\"https:\/\/static.xx.fbcdn.net\/images\/emoji.php\/v9\/tca\/2\/16\/1f399.png\" alt=\"\ud83c\udf99\ufe0f\">\u00a0\u201eAktivn\u00ed \u0161kola p\u0159in\u00e1\u0161\u00ed do v\u00fduky nov\u00e9 p\u0159\u00edstupy, kter\u00e9 pom\u00e1haj\u00ed d\u011btem nejen ke zdrav\u011bj\u0161\u00edmu \u017eivotn\u00edmu stylu, ale i&nbsp;k&nbsp;lep\u0161\u00edmu soust\u0159ed\u011bn\u00ed a&nbsp;spolupr\u00e1ci ve t\u0159\u00edd\u011b,\u201c dod\u00e1v\u00e1 na\u0161e\u00a0<a href=\"https:\/\/www.facebook.com\/capkovamariana?__tn__=-]K*F\">Mariana \u010capkov\u00e1 &#8211; m\u00edstostarostka Prahy 6<\/a>.<\/p>\n\n\n\n<div style=\"height:20px\" aria-hidden=\"true\" class=\"wp-block-spacer\"><\/div>\n\n\n\n<p><img loading=\"lazy\" decoding=\"async\" height=\"16\" width=\"16\" alt=\"\ud83c\udfaf\" src=\"https:\/\/static.xx.fbcdn.net\/images\/emoji.php\/v9\/t4f\/2\/16\/1f3af.png\">&nbsp;Navazujeme na projekt Tren\u00e9\u0159i do \u0161kol, kter\u00fd pomohl stovk\u00e1m d\u011bt\u00ed na prvn\u00edm stupni objevit nov\u00e9 pohybov\u00e9 aktivity a&nbsp;z\u00edskat vztah ke sportu. A&nbsp;te\u010f to posouv\u00e1me je\u0161t\u011b d\u00e1l. Jsme r\u00e1di, \u017ee pr\u00e1v\u011b d\u011bti z&nbsp;Prahy 6 budou prvn\u00ed, kdo si Aktivn\u00ed \u0161kolu vyzkou\u0161\u00ed v&nbsp;praxi.<\/p>\n","protected":false},"excerpt":{"rendered":"<p>V Praze 6 to rozj\u00ed\u017ed\u00edme naplno!\u00a0 D\u011bl\u00e1me konkr\u00e9tn\u00ed kroky pro zdrav\u011bj\u0161\u00ed a&nbsp;aktivn\u011bj\u0161\u00ed \u0161koln\u00ed prost\u0159ed\u00ed. Na\u0161\u00ed prioritou je, aby se d\u011bti neh\u00fdbaly jen b\u011bhem hodin t\u011blesn\u00e9 v\u00fdchovy, ale i&nbsp;v&nbsp;pr\u016fb\u011bhu b\u011b\u017en\u00e9ho vyu\u010dov\u00e1n\u00ed. \u00a0Praha 6 stane prvn\u00ed m\u011bstskou \u010d\u00e1st\u00ed, kde bude spu\u0161t\u011bn pilotn\u00ed projekt\u00a0\u010cesk\u00e1 \u0161koln\u00ed inspekce &#8211; anal\u00fdzy, data, publikace\u00a0s n\u00e1zvem Aktivn\u00ed \u0161kola. C\u00edlem je podpo\u0159it zdrav\u00ed d\u011bt\u00ed, [&hellip;]<\/p>\n","protected":false},"author":9,"featured_media":1762,"comment_status":"open","ping_status":"open","sticky":false,"template":"","format":"standard","meta":{"_acf_changed":false,"inline_featured_image":false,"footnotes":""},"categories":[4],"tags":[],"class_list":["post-1761","post","type-post","status-publish","format-standard","has-post-thumbnail","hentry","category-news"],"acf":[],"aioseo_notices":[],"distributor_meta":false,"distributor_terms":false,"distributor_media":false,"distributor_original_site_name":"Praha6Sob\u011b","distributor_original_site_url":"https:\/\/prahasobe.cz\/praha6sobe","push-errors":false,"_links":{"self":[{"href":"https:\/\/prahasobe.cz\/praha6sobe\/wp-json\/wp\/v2\/posts\/1761","targetHints":{"allow":["GET"]}}],"collection":[{"href":"https:\/\/prahasobe.cz\/praha6sobe\/wp-json\/wp\/v2\/posts"}],"about":[{"href":"https:\/\/prahasobe.cz\/praha6sobe\/wp-json\/wp\/v2\/types\/post"}],"author":[{"embeddable":true,"href":"https:\/\/prahasobe.cz\/praha6sobe\/wp-json\/wp\/v2\/users\/9"}],"replies":[{"embeddable":true,"href":"https:\/\/prahasobe.cz\/praha6sobe\/wp-json\/wp\/v2\/comments?post=1761"}],"version-history":[{"count":1,"href":"https:\/\/prahasobe.cz\/praha6sobe\/wp-json\/wp\/v2\/posts\/1761\/revisions"}],"predecessor-version":[{"id":1763,"href":"https:\/\/prahasobe.cz\/praha6sobe\/wp-json\/wp\/v2\/posts\/1761\/revisions\/1763"}],"wp:featuredmedia":[{"embeddable":true,"href":"https:\/\/prahasobe.cz\/praha6sobe\/wp-json\/wp\/v2\/media\/1762"}],"wp:attachment":[{"href":"https:\/\/prahasobe.cz\/praha6sobe\/wp-json\/wp\/v2\/media?parent=1761"}],"wp:term":[{"taxonomy":"category","embeddable":true,"href":"https:\/\/prahasobe.cz\/praha6sobe\/wp-json\/wp\/v2\/categories?post=1761"},{"taxonomy":"post_tag","embeddable":true,"href":"https:\/\/prahasobe.cz\/praha6sobe\/wp-json\/wp\/v2\/tags?post=1761"}],"curies":[{"name":"wp","href":"https:\/\/api.w.org\/{rel}","templated":true}]}}