{"id":1754,"date":"2025-05-09T12:07:00","date_gmt":"2025-05-09T12:07:00","guid":{"rendered":"https:\/\/prahasobe.cz\/praha6sobe\/?p=1754"},"modified":"2026-04-09T12:15:00","modified_gmt":"2026-04-09T12:15:00","slug":"verejny-prostor-jako-indikator-kvality-zivota","status":"publish","type":"post","link":"https:\/\/prahasobe.cz\/praha6sobe\/2025\/05\/09\/verejny-prostor-jako-indikator-kvality-zivota\/","title":{"rendered":"Ve\u0159ejn\u00fd prostor jako indik\u00e1tor kvality \u017eivota"},"content":{"rendered":"\n<p>Na Kula\u0165\u00e1ku pr\u00e1v\u011b miz\u00ed vy\u0161lapan\u00e9, bl\u00e1tiv\u00e9 trasy mezi Svatov\u00edtskou a&nbsp;\u0160es\u0165\u00e1kem! Vznikne pohodln\u00e1 pobytov\u00e1 plocha, po&nbsp;n\u00ed\u017e p\u016fjde nejen l\u00e9pe a&nbsp;bezpe\u010dn\u011bji sp\u011bchat na tramvaj, ale bude zde mo\u017en\u00e9 i&nbsp;kultivovan\u011b tr\u00e1vit \u010das. Nav\u00edc, st\u00e1vaj\u00edc\u00ed zele\u0148 dostane lep\u0161\u00ed podm\u00ednky a&nbsp;zlep\u0161\u00ed se tak\u00e9 celkov\u00e1 udr\u017eovatelnost tohoto prostoru.<\/p>\n\n\n\n<div style=\"height:20px\" aria-hidden=\"true\" class=\"wp-block-spacer\"><\/div>\n\n\n\n<p>V\u00fdsledn\u00e1 podoba je kompromisem mezi minul\u00fdm, sou\u010dasn\u00fdm a&nbsp;budouc\u00edm. Zevrubn\u00e9 jedn\u00e1n\u00ed s&nbsp;pra\u017esk\u00fdmi pam\u00e1tk\u00e1\u0159i dalo vzniknout p\u0159echodov\u00e9mu \u010dl\u00e1nku, kdy je respektov\u00e1na \u201ekresba\u201c n\u00e1m\u011bst\u00ed dle architekta Engela, umo\u017en\u00edme lep\u0161\u00ed pobyt v&nbsp;dan\u00e9m prostoru dne\u0161n\u00edm obyvatel\u016fm m\u011bsta a&nbsp;z\u00e1rove\u0148 u\u010din\u00edme krok k&nbsp;dal\u0161\u00edmu ohled\u00e1n\u00ed, jak by se nejl\u00e9pe lidem \u017eilo na n\u00e1m\u011bst\u00ed po&nbsp;celkov\u00e9 revitalizaci od architekta Hnili\u010dky.<\/p>\n\n\n\n<div style=\"height:20px\" aria-hidden=\"true\" class=\"wp-block-spacer\"><\/div>\n\n\n\n<p>\u201eNechceme lidem \u0159\u00edkat, kudy maj\u00ed chodit. Sledujeme, kudy opravdu chod\u00ed a&nbsp;sna\u017e\u00edme se tomu p\u0159izp\u016fsobit m\u011bsto. Civilizujeme realitu, nevnucujeme ide\u00e1l.\u201c dod\u00e1v\u00e1 n\u00e1\u0161 \u0160t\u011bp\u00e1n Bart\u00e1k, pov\u011b\u0159enec pro ve\u0159ejn\u00fd prostor a&nbsp;are\u00e1l D\u017eb\u00e1n.<\/p>\n\n\n\n<div style=\"height:20px\" aria-hidden=\"true\" class=\"wp-block-spacer\"><\/div>\n\n\n\n<p>A \u00fapravy budou pokra\u010dovat d\u00e1l: nov\u00e9 trvalkov\u00e9 z\u00e1hony, odstran\u011bn\u00ed balastn\u00edho vybaven\u00ed a&nbsp;dal\u0161\u00ed p\u0159irozen\u00e1 p\u011b\u0161\u00ed propojen\u00ed v&nbsp;r\u016fzn\u00fdch \u010d\u00e1stech n\u00e1m\u011bst\u00ed. D\u011bl\u00e1me m\u011bsto pro v\u00e1\u0161 ka\u017edodenn\u00ed \u017eivot, ne jen pro pap\u00edrov\u00e9 pl\u00e1ny a&nbsp;budoucnost vzd\u00e1lenou n\u011bkolik generac\u00ed!<\/p>\n\n\n\n<div style=\"height:20px\" aria-hidden=\"true\" class=\"wp-block-spacer\"><\/div>\n\n\n\n<figure class=\"wp-block-gallery has-nested-images columns-default is-cropped wp-block-gallery-1 is-layout-flex wp-block-gallery-is-layout-flex\">\n<figure class=\"wp-block-image size-large\"><img loading=\"lazy\" decoding=\"async\" width=\"1280\" height=\"960\" data-id=\"1756\" src=\"http:\/\/prahasobe.cz\/praha6sobe\/wp-content\/uploads\/sites\/5\/2026\/04\/2026-04-09-14.13.22.jpg\" alt=\"Revitalizace ve\u0159ejn\u00e9ho prostoru Kula\u0165\u00e1k Praha 6 se zelen\u00ed\" class=\"wp-image-1756\" srcset=\"https:\/\/prahasobe.cz\/praha6sobe\/wp-content\/uploads\/sites\/5\/2026\/04\/2026-04-09-14.13.22.jpg 1280w, https:\/\/prahasobe.cz\/praha6sobe\/wp-content\/uploads\/sites\/5\/2026\/04\/2026-04-09-14.13.22-300x225.jpg 300w, https:\/\/prahasobe.cz\/praha6sobe\/wp-content\/uploads\/sites\/5\/2026\/04\/2026-04-09-14.13.22-1024x768.jpg 1024w, https:\/\/prahasobe.cz\/praha6sobe\/wp-content\/uploads\/sites\/5\/2026\/04\/2026-04-09-14.13.22-768x576.jpg 768w\" sizes=\"auto, (max-width: 1280px) 100vw, 1280px\" \/><\/figure>\n\n\n\n<figure class=\"wp-block-image size-large\"><img loading=\"lazy\" decoding=\"async\" width=\"1280\" height=\"960\" data-id=\"1757\" src=\"http:\/\/prahasobe.cz\/praha6sobe\/wp-content\/uploads\/sites\/5\/2026\/04\/2026-04-09-14.13.26.jpg\" alt=\"Revitalizace ve\u0159ejn\u00e9ho prostoru Kula\u0165\u00e1k Praha 6 se zelen\u00ed\" class=\"wp-image-1757\" srcset=\"https:\/\/prahasobe.cz\/praha6sobe\/wp-content\/uploads\/sites\/5\/2026\/04\/2026-04-09-14.13.26.jpg 1280w, https:\/\/prahasobe.cz\/praha6sobe\/wp-content\/uploads\/sites\/5\/2026\/04\/2026-04-09-14.13.26-300x225.jpg 300w, https:\/\/prahasobe.cz\/praha6sobe\/wp-content\/uploads\/sites\/5\/2026\/04\/2026-04-09-14.13.26-1024x768.jpg 1024w, https:\/\/prahasobe.cz\/praha6sobe\/wp-content\/uploads\/sites\/5\/2026\/04\/2026-04-09-14.13.26-768x576.jpg 768w\" sizes=\"auto, (max-width: 1280px) 100vw, 1280px\" \/><\/figure>\n\n\n\n<figure class=\"wp-block-image size-large\"><img loading=\"lazy\" decoding=\"async\" width=\"1280\" height=\"960\" data-id=\"1758\" src=\"http:\/\/prahasobe.cz\/praha6sobe\/wp-content\/uploads\/sites\/5\/2026\/04\/2026-04-09-14.13.28.jpg\" alt=\"Revitalizace ve\u0159ejn\u00e9ho prostoru Kula\u0165\u00e1k Praha 6 se zelen\u00ed\" class=\"wp-image-1758\" srcset=\"https:\/\/prahasobe.cz\/praha6sobe\/wp-content\/uploads\/sites\/5\/2026\/04\/2026-04-09-14.13.28.jpg 1280w, https:\/\/prahasobe.cz\/praha6sobe\/wp-content\/uploads\/sites\/5\/2026\/04\/2026-04-09-14.13.28-300x225.jpg 300w, https:\/\/prahasobe.cz\/praha6sobe\/wp-content\/uploads\/sites\/5\/2026\/04\/2026-04-09-14.13.28-1024x768.jpg 1024w, https:\/\/prahasobe.cz\/praha6sobe\/wp-content\/uploads\/sites\/5\/2026\/04\/2026-04-09-14.13.28-768x576.jpg 768w\" sizes=\"auto, (max-width: 1280px) 100vw, 1280px\" \/><\/figure>\n\n\n\n<figure class=\"wp-block-image size-large\"><img loading=\"lazy\" decoding=\"async\" width=\"1280\" height=\"960\" data-id=\"1759\" src=\"http:\/\/prahasobe.cz\/praha6sobe\/wp-content\/uploads\/sites\/5\/2026\/04\/2026-04-09-14.13.32.jpg\" alt=\"Revitalizace ve\u0159ejn\u00e9ho prostoru Kula\u0165\u00e1k Praha 6 se zelen\u00ed\" class=\"wp-image-1759\" srcset=\"https:\/\/prahasobe.cz\/praha6sobe\/wp-content\/uploads\/sites\/5\/2026\/04\/2026-04-09-14.13.32.jpg 1280w, https:\/\/prahasobe.cz\/praha6sobe\/wp-content\/uploads\/sites\/5\/2026\/04\/2026-04-09-14.13.32-300x225.jpg 300w, https:\/\/prahasobe.cz\/praha6sobe\/wp-content\/uploads\/sites\/5\/2026\/04\/2026-04-09-14.13.32-1024x768.jpg 1024w, https:\/\/prahasobe.cz\/praha6sobe\/wp-content\/uploads\/sites\/5\/2026\/04\/2026-04-09-14.13.32-768x576.jpg 768w\" sizes=\"auto, (max-width: 1280px) 100vw, 1280px\" \/><\/figure>\n<\/figure>\n","protected":false},"excerpt":{"rendered":"<p>Na Kula\u0165\u00e1ku pr\u00e1v\u011b miz\u00ed vy\u0161lapan\u00e9, bl\u00e1tiv\u00e9 trasy mezi Svatov\u00edtskou a&nbsp;\u0160es\u0165\u00e1kem! Vznikne pohodln\u00e1 pobytov\u00e1 plocha, po&nbsp;n\u00ed\u017e p\u016fjde nejen l\u00e9pe a&nbsp;bezpe\u010dn\u011bji sp\u011bchat na tramvaj, ale bude zde mo\u017en\u00e9 i&nbsp;kultivovan\u011b tr\u00e1vit \u010das. Nav\u00edc, st\u00e1vaj\u00edc\u00ed zele\u0148 dostane lep\u0161\u00ed podm\u00ednky a&nbsp;zlep\u0161\u00ed se tak\u00e9 celkov\u00e1 udr\u017eovatelnost tohoto prostoru. V\u00fdsledn\u00e1 podoba je kompromisem mezi minul\u00fdm, sou\u010dasn\u00fdm a&nbsp;budouc\u00edm. Zevrubn\u00e9 jedn\u00e1n\u00ed s&nbsp;pra\u017esk\u00fdmi pam\u00e1tk\u00e1\u0159i dalo [&hellip;]<\/p>\n","protected":false},"author":9,"featured_media":1755,"comment_status":"open","ping_status":"open","sticky":false,"template":"","format":"standard","meta":{"_acf_changed":false,"inline_featured_image":false,"footnotes":""},"categories":[4],"tags":[],"class_list":["post-1754","post","type-post","status-publish","format-standard","has-post-thumbnail","hentry","category-news"],"acf":[],"aioseo_notices":[],"distributor_meta":false,"distributor_terms":false,"distributor_media":false,"distributor_original_site_name":"Praha6Sob\u011b","distributor_original_site_url":"https:\/\/prahasobe.cz\/praha6sobe","push-errors":false,"_links":{"self":[{"href":"https:\/\/prahasobe.cz\/praha6sobe\/wp-json\/wp\/v2\/posts\/1754","targetHints":{"allow":["GET"]}}],"collection":[{"href":"https:\/\/prahasobe.cz\/praha6sobe\/wp-json\/wp\/v2\/posts"}],"about":[{"href":"https:\/\/prahasobe.cz\/praha6sobe\/wp-json\/wp\/v2\/types\/post"}],"author":[{"embeddable":true,"href":"https:\/\/prahasobe.cz\/praha6sobe\/wp-json\/wp\/v2\/users\/9"}],"replies":[{"embeddable":true,"href":"https:\/\/prahasobe.cz\/praha6sobe\/wp-json\/wp\/v2\/comments?post=1754"}],"version-history":[{"count":1,"href":"https:\/\/prahasobe.cz\/praha6sobe\/wp-json\/wp\/v2\/posts\/1754\/revisions"}],"predecessor-version":[{"id":1760,"href":"https:\/\/prahasobe.cz\/praha6sobe\/wp-json\/wp\/v2\/posts\/1754\/revisions\/1760"}],"wp:featuredmedia":[{"embeddable":true,"href":"https:\/\/prahasobe.cz\/praha6sobe\/wp-json\/wp\/v2\/media\/1755"}],"wp:attachment":[{"href":"https:\/\/prahasobe.cz\/praha6sobe\/wp-json\/wp\/v2\/media?parent=1754"}],"wp:term":[{"taxonomy":"category","embeddable":true,"href":"https:\/\/prahasobe.cz\/praha6sobe\/wp-json\/wp\/v2\/categories?post=1754"},{"taxonomy":"post_tag","embeddable":true,"href":"https:\/\/prahasobe.cz\/praha6sobe\/wp-json\/wp\/v2\/tags?post=1754"}],"curies":[{"name":"wp","href":"https:\/\/api.w.org\/{rel}","templated":true}]}}