{"id":1742,"date":"2025-05-25T12:05:00","date_gmt":"2025-05-25T12:05:00","guid":{"rendered":"https:\/\/prahasobe.cz\/praha6sobe\/?p=1742"},"modified":"2026-04-09T12:05:50","modified_gmt":"2026-04-09T12:05:50","slug":"praha-6-slavi-svetovy-den-vcel-a-pokracuje-v-ochrane-opylovacu","status":"publish","type":"post","link":"https:\/\/prahasobe.cz\/praha6sobe\/2025\/05\/25\/praha-6-slavi-svetovy-den-vcel-a-pokracuje-v-ochrane-opylovacu\/","title":{"rendered":"Praha 6 slav\u00ed Sv\u011btov\u00fd den v\u010del a&nbsp;pokra\u010duje v&nbsp;ochran\u011b opylova\u010d\u016f"},"content":{"rendered":"\n<p>Dvac\u00e1t\u00fd kv\u011bten je Sv\u011btov\u00fdm dnem v\u010del. Praha 6 se k&nbsp;n\u011bmu p\u0159ipojila u\u017e podruh\u00e9. Letos jsme oslavili roz\u0161\u00ed\u0159en\u00ed v\u010del\u00edch \u00fal\u016f o&nbsp;nov\u00e9 stanovi\u0161t\u011b u&nbsp;B\u0159evnovsk\u00e9ho kl\u00e1\u0161tera. Na stejn\u00e9m m\u00edst\u011b mohou lid\u00e9 nav\u0161t\u00edvit i&nbsp;venkovn\u00ed v\u00fdstavu o&nbsp;v\u00fdznamu v\u010del a&nbsp;v\u010dela\u0159stv\u00ed pro p\u0159\u00edrodu i&nbsp;spole\u010dnost.<\/p>\n\n\n\n<div style=\"height:20px\" aria-hidden=\"true\" class=\"wp-block-spacer\"><\/div>\n\n\n\n<p>Dlouhodob\u011b si uv\u011bdomujeme, \u017ee opylova\u010di nejsou okrajov\u00e9 t\u00e9ma. Hraj\u00ed z\u00e1sadn\u00ed roli v&nbsp;udr\u017een\u00ed biodiverzity a&nbsp;potravinov\u00e9 bezpe\u010dnosti, a&nbsp;proto jsme v&nbsp;lo\u0148sk\u00e9m roce iniciovali nav\u00e1z\u00e1n\u00ed spolupr\u00e1ce s&nbsp;<a href=\"https:\/\/www.facebook.com\/VcelarskyspolekproPrahu6a7?__cft__[0]=AZaXPoZIo8zHA3D1IN8dNIux7lfEar789TAebAJcdek7P19hVQD8bIe_a1CDw2ryIaXFa-HXD_qAZf2Fxk9WbjhZvfzDcWenSsnJjXbFo5hvMnb7JPrAX58qdNGGba9PxQEzJlFL_raAA1YiCB2_51KIyj5YtIOJiL_uLZNFtJInWA&amp;__tn__=-]K-R\">V\u010dela\u0159sk\u00fd spolek pro Prahu 6 a&nbsp;7<\/a>. V\u00fdsledkem t\u00e9to iniciativy je podpis ofici\u00e1ln\u00edho memoranda mezi M\u011bstskou \u010d\u00e1st\u00ed Praha 6 a&nbsp;spolkem.<\/p>\n\n\n\n<div style=\"height:20px\" aria-hidden=\"true\" class=\"wp-block-spacer\"><\/div>\n\n\n\n<p>Memorandum nen\u00ed formalita. Je to konkr\u00e9tn\u00ed dohoda o&nbsp;spolupr\u00e1ci, kter\u00e1 se op\u00edr\u00e1 o&nbsp;t\u0159i hlavn\u00ed oblasti.<\/p>\n\n\n\n<div style=\"height:20px\" aria-hidden=\"true\" class=\"wp-block-spacer\"><\/div>\n\n\n\n<p><strong>Podpora opylova\u010d\u016f v&nbsp;m\u011bstsk\u00e9 krajin\u011b <img loading=\"lazy\" decoding=\"async\" height=\"16\" width=\"16\" src=\"https:\/\/static.xx.fbcdn.net\/images\/emoji.php\/v9\/t8f\/2\/16\/1f338.png\" alt=\"\ud83c\udf38\"><\/strong><\/p>\n\n\n\n<p>Spole\u010dn\u011b vytv\u00e1\u0159\u00edme a&nbsp;obnovujeme stanovi\u0161t\u011b vhodn\u00e1 pro v\u010dely a&nbsp;dal\u0161\u00ed hmyz\u00ed druhy. Db\u00e1me na ekologickou p\u00e9\u010di o&nbsp;zele\u0148, v\u00fdsadbu pestr\u00fdch kv\u011btin a&nbsp;zaji\u0161t\u011bn\u00ed potravy b\u011bhem cel\u00e9ho roku. Hled\u00e1me m\u00edsta, kde mohou v\u010dela\u0159i bezpe\u010dn\u011b a&nbsp;smyslupln\u011b um\u00edstit sv\u00e1 v\u010delstva.<\/p>\n\n\n\n<div style=\"height:20px\" aria-hidden=\"true\" class=\"wp-block-spacer\"><\/div>\n\n\n\n<p><strong>Vzd\u011bl\u00e1v\u00e1n\u00ed a&nbsp;osv\u011bta <img loading=\"lazy\" decoding=\"async\" height=\"16\" width=\"16\" src=\"https:\/\/static.xx.fbcdn.net\/images\/emoji.php\/v9\/tc4\/2\/16\/1f393.png\" alt=\"\ud83c\udf93\"><\/strong><\/p>\n\n\n\n<p>Ve spolupr\u00e1ci se \u0161kolami, neziskov\u00fdmi organizacemi i&nbsp;mezin\u00e1rodn\u00edmi partnery rozv\u00edj\u00edme programy zam\u011b\u0159en\u00e9 na osv\u011btu o&nbsp;v\u00fdznamu opylova\u010d\u016f. Letos se konaj\u00ed v\u010dela\u0159sk\u00e9 workshopy pro \u017e\u00e1ky z\u00e1kladn\u00edch \u0161kol. D\u011bti se u\u010d\u00ed, pro\u010d jsou v\u010dely d\u016fle\u017eit\u00e9, jak vypad\u00e1 \u017eivot v&nbsp;\u00falu a&nbsp;co pro n\u011b m\u016f\u017eeme ud\u011blat.<\/p>\n\n\n\n<div style=\"height:20px\" aria-hidden=\"true\" class=\"wp-block-spacer\"><\/div>\n\n\n\n<p><strong>Podpora komunitn\u00edch aktivit a&nbsp;ve\u0159ejn\u00e9ho prostoru <img loading=\"lazy\" decoding=\"async\" height=\"16\" width=\"16\" src=\"https:\/\/static.xx.fbcdn.net\/images\/emoji.php\/v9\/t3\/2\/16\/1f91d.png\" alt=\"\ud83e\udd1d\"><\/strong><\/p>\n\n\n\n<p>Pom\u00e1h\u00e1me v\u010dela\u0159\u016fm, kte\u0159\u00ed nemaj\u00ed vlastn\u00ed vhodn\u00e1 stanovi\u0161t\u011b. Letos vzniklo nov\u00e9 m\u00edsto u&nbsp;B\u0159evnovsk\u00e9ho kl\u00e1\u0161tera, kter\u00e9 nab\u00edz\u00ed klid, zele\u0148 a&nbsp;ide\u00e1ln\u00ed podm\u00ednky pro v\u010dely. Spolupracujeme tak\u00e9 na v\u00fdstav\u00e1ch, p\u0159edn\u00e1\u0161k\u00e1ch a&nbsp;dal\u0161\u00edch akc\u00edch, kter\u00e9 t\u00e9ma v\u010del p\u0159ibli\u017euj\u00ed ve\u0159ejnosti.<\/p>\n\n\n\n<div style=\"height:20px\" aria-hidden=\"true\" class=\"wp-block-spacer\"><\/div>\n\n\n\n<p>V\u00fdznamnou sou\u010d\u00e1st\u00ed leto\u0161n\u00edho programu je v\u00fdstava p\u0159ipraven\u00e1 ve spolupr\u00e1ci se <a href=\"https:\/\/www.facebook.com\/SLOinCZ?__cft__[0]=AZaXPoZIo8zHA3D1IN8dNIux7lfEar789TAebAJcdek7P19hVQD8bIe_a1CDw2ryIaXFa-HXD_qAZf2Fxk9WbjhZvfzDcWenSsnJjXbFo5hvMnb7JPrAX58qdNGGba9PxQEzJlFL_raAA1YiCB2_51KIyj5YtIOJiL_uLZNFtJInWA&amp;__tn__=-]K-R\">Embassy of Slovenia in Prague \/ Velvyslanectv\u00ed Republiky Slovinsko v&nbsp;Praze<\/a> a&nbsp;Muzeem v\u010dela\u0159stv\u00ed ve slovinsk\u00e9 Radovljici. V\u00fdstava je um\u00edst\u011bna p\u0159\u00edmo u&nbsp;B\u0159evnovsk\u00e9ho kl\u00e1\u0161tera a&nbsp;bude k&nbsp;vid\u011bn\u00ed do 20.&nbsp;\u010dervna.<\/p>\n\n\n\n<div style=\"height:20px\" aria-hidden=\"true\" class=\"wp-block-spacer\"><\/div>\n\n\n\n<p>Praha 6 m\u00e1 rozs\u00e1hl\u00e9 zelen\u00e9 plochy a&nbsp;nese odpov\u011bdnost za udr\u017eiteln\u00e9 hospoda\u0159en\u00ed s&nbsp;m\u011bstskou krajinou.<\/p>\n\n\n\n<div style=\"height:20px\" aria-hidden=\"true\" class=\"wp-block-spacer\"><\/div>\n\n\n\n<p>Tato spolupr\u00e1ce nen\u00ed jednor\u00e1zov\u00e1. Je to dlouhodob\u00fd z\u00e1vazek v\u016f\u010di p\u0159\u00edrod\u011b, komunit\u011b a&nbsp;budouc\u00edm generac\u00edm. Pom\u00e1h\u00e1me t\u011bm, kte\u0159\u00ed v\u010dely chr\u00e1n\u00ed. Vzd\u011bl\u00e1v\u00e1me ty, kte\u0159\u00ed budou chr\u00e1nit p\u0159\u00edrodu d\u00e1l.<\/p>\n\n\n\n<div style=\"height:20px\" aria-hidden=\"true\" class=\"wp-block-spacer\"><\/div>\n\n\n\n<figure class=\"wp-block-gallery has-nested-images columns-default is-cropped wp-block-gallery-1 is-layout-flex wp-block-gallery-is-layout-flex\">\n<figure class=\"wp-block-image size-large\"><img loading=\"lazy\" decoding=\"async\" width=\"571\" height=\"918\" data-id=\"1743\" src=\"http:\/\/prahasobe.cz\/praha6sobe\/wp-content\/uploads\/sites\/5\/2026\/04\/499863919_696451919640908_5547406303924117390_n.jpg\" alt=\"V\u010dely a v\u010dela\u0159stv\u00ed Praha 6 podpora opylova\u010d\u016f\" class=\"wp-image-1743\" srcset=\"https:\/\/prahasobe.cz\/praha6sobe\/wp-content\/uploads\/sites\/5\/2026\/04\/499863919_696451919640908_5547406303924117390_n.jpg 571w, https:\/\/prahasobe.cz\/praha6sobe\/wp-content\/uploads\/sites\/5\/2026\/04\/499863919_696451919640908_5547406303924117390_n-187x300.jpg 187w\" sizes=\"auto, (max-width: 571px) 100vw, 571px\" \/><\/figure>\n\n\n\n<figure class=\"wp-block-image size-large\"><img loading=\"lazy\" decoding=\"async\" width=\"1536\" height=\"2048\" data-id=\"1744\" src=\"http:\/\/prahasobe.cz\/praha6sobe\/wp-content\/uploads\/sites\/5\/2026\/04\/499913918_696452192974214_1162615169897495852_n.jpg\" alt=\"V\u010dely a v\u010dela\u0159stv\u00ed Praha 6 podpora opylova\u010d\u016f\" class=\"wp-image-1744\" srcset=\"https:\/\/prahasobe.cz\/praha6sobe\/wp-content\/uploads\/sites\/5\/2026\/04\/499913918_696452192974214_1162615169897495852_n.jpg 1536w, https:\/\/prahasobe.cz\/praha6sobe\/wp-content\/uploads\/sites\/5\/2026\/04\/499913918_696452192974214_1162615169897495852_n-225x300.jpg 225w, https:\/\/prahasobe.cz\/praha6sobe\/wp-content\/uploads\/sites\/5\/2026\/04\/499913918_696452192974214_1162615169897495852_n-768x1024.jpg 768w, https:\/\/prahasobe.cz\/praha6sobe\/wp-content\/uploads\/sites\/5\/2026\/04\/499913918_696452192974214_1162615169897495852_n-1152x1536.jpg 1152w\" sizes=\"auto, (max-width: 1536px) 100vw, 1536px\" \/><\/figure>\n\n\n\n<figure class=\"wp-block-image size-large\"><img loading=\"lazy\" decoding=\"async\" width=\"1536\" height=\"2048\" data-id=\"1745\" src=\"http:\/\/prahasobe.cz\/praha6sobe\/wp-content\/uploads\/sites\/5\/2026\/04\/499922239_696451802974253_704928555696491699_n.jpg\" alt=\"V\u010dely a v\u010dela\u0159stv\u00ed Praha 6 podpora opylova\u010d\u016f\" class=\"wp-image-1745\" srcset=\"https:\/\/prahasobe.cz\/praha6sobe\/wp-content\/uploads\/sites\/5\/2026\/04\/499922239_696451802974253_704928555696491699_n.jpg 1536w, https:\/\/prahasobe.cz\/praha6sobe\/wp-content\/uploads\/sites\/5\/2026\/04\/499922239_696451802974253_704928555696491699_n-225x300.jpg 225w, https:\/\/prahasobe.cz\/praha6sobe\/wp-content\/uploads\/sites\/5\/2026\/04\/499922239_696451802974253_704928555696491699_n-768x1024.jpg 768w, https:\/\/prahasobe.cz\/praha6sobe\/wp-content\/uploads\/sites\/5\/2026\/04\/499922239_696451802974253_704928555696491699_n-1152x1536.jpg 1152w\" sizes=\"auto, (max-width: 1536px) 100vw, 1536px\" \/><\/figure>\n\n\n\n<figure class=\"wp-block-image size-large\"><img loading=\"lazy\" decoding=\"async\" width=\"1536\" height=\"2048\" data-id=\"1746\" src=\"http:\/\/prahasobe.cz\/praha6sobe\/wp-content\/uploads\/sites\/5\/2026\/04\/499928267_696451822974251_4183609483737414358_n.jpg\" alt=\"V\u010dely a v\u010dela\u0159stv\u00ed Praha 6 podpora opylova\u010d\u016f\" class=\"wp-image-1746\" srcset=\"https:\/\/prahasobe.cz\/praha6sobe\/wp-content\/uploads\/sites\/5\/2026\/04\/499928267_696451822974251_4183609483737414358_n.jpg 1536w, https:\/\/prahasobe.cz\/praha6sobe\/wp-content\/uploads\/sites\/5\/2026\/04\/499928267_696451822974251_4183609483737414358_n-225x300.jpg 225w, https:\/\/prahasobe.cz\/praha6sobe\/wp-content\/uploads\/sites\/5\/2026\/04\/499928267_696451822974251_4183609483737414358_n-768x1024.jpg 768w, https:\/\/prahasobe.cz\/praha6sobe\/wp-content\/uploads\/sites\/5\/2026\/04\/499928267_696451822974251_4183609483737414358_n-1152x1536.jpg 1152w\" sizes=\"auto, (max-width: 1536px) 100vw, 1536px\" \/><\/figure>\n\n\n\n<figure class=\"wp-block-image size-large\"><img loading=\"lazy\" decoding=\"async\" width=\"2048\" height=\"1536\" data-id=\"1747\" src=\"http:\/\/prahasobe.cz\/praha6sobe\/wp-content\/uploads\/sites\/5\/2026\/04\/499930139_696451966307570_603152733751246758_n.jpg\" alt=\"V\u010dely a v\u010dela\u0159stv\u00ed Praha 6 podpora opylova\u010d\u016f\" class=\"wp-image-1747\" srcset=\"https:\/\/prahasobe.cz\/praha6sobe\/wp-content\/uploads\/sites\/5\/2026\/04\/499930139_696451966307570_603152733751246758_n.jpg 2048w, https:\/\/prahasobe.cz\/praha6sobe\/wp-content\/uploads\/sites\/5\/2026\/04\/499930139_696451966307570_603152733751246758_n-300x225.jpg 300w, https:\/\/prahasobe.cz\/praha6sobe\/wp-content\/uploads\/sites\/5\/2026\/04\/499930139_696451966307570_603152733751246758_n-1024x768.jpg 1024w, https:\/\/prahasobe.cz\/praha6sobe\/wp-content\/uploads\/sites\/5\/2026\/04\/499930139_696451966307570_603152733751246758_n-768x576.jpg 768w, https:\/\/prahasobe.cz\/praha6sobe\/wp-content\/uploads\/sites\/5\/2026\/04\/499930139_696451966307570_603152733751246758_n-1536x1152.jpg 1536w\" sizes=\"auto, (max-width: 2048px) 100vw, 2048px\" \/><\/figure>\n\n\n\n<figure class=\"wp-block-image size-large\"><img loading=\"lazy\" decoding=\"async\" width=\"1536\" height=\"2048\" data-id=\"1748\" src=\"http:\/\/prahasobe.cz\/praha6sobe\/wp-content\/uploads\/sites\/5\/2026\/04\/499913918_696452192974214_1162615169897495852_n-1.jpg\" alt=\"V\u010dely a v\u010dela\u0159stv\u00ed Praha 6 podpora opylova\u010d\u016f\" class=\"wp-image-1748\" srcset=\"https:\/\/prahasobe.cz\/praha6sobe\/wp-content\/uploads\/sites\/5\/2026\/04\/499913918_696452192974214_1162615169897495852_n-1.jpg 1536w, https:\/\/prahasobe.cz\/praha6sobe\/wp-content\/uploads\/sites\/5\/2026\/04\/499913918_696452192974214_1162615169897495852_n-1-225x300.jpg 225w, https:\/\/prahasobe.cz\/praha6sobe\/wp-content\/uploads\/sites\/5\/2026\/04\/499913918_696452192974214_1162615169897495852_n-1-768x1024.jpg 768w, https:\/\/prahasobe.cz\/praha6sobe\/wp-content\/uploads\/sites\/5\/2026\/04\/499913918_696452192974214_1162615169897495852_n-1-1152x1536.jpg 1152w\" sizes=\"auto, (max-width: 1536px) 100vw, 1536px\" \/><\/figure>\n<\/figure>\n","protected":false},"excerpt":{"rendered":"<p>Dvac\u00e1t\u00fd kv\u011bten je Sv\u011btov\u00fdm dnem v\u010del. Praha 6 se k&nbsp;n\u011bmu p\u0159ipojila u\u017e podruh\u00e9. Letos jsme oslavili roz\u0161\u00ed\u0159en\u00ed v\u010del\u00edch \u00fal\u016f o&nbsp;nov\u00e9 stanovi\u0161t\u011b u&nbsp;B\u0159evnovsk\u00e9ho kl\u00e1\u0161tera. Na stejn\u00e9m m\u00edst\u011b mohou lid\u00e9 nav\u0161t\u00edvit i&nbsp;venkovn\u00ed v\u00fdstavu o&nbsp;v\u00fdznamu v\u010del a&nbsp;v\u010dela\u0159stv\u00ed pro p\u0159\u00edrodu i&nbsp;spole\u010dnost. Dlouhodob\u011b si uv\u011bdomujeme, \u017ee opylova\u010di nejsou okrajov\u00e9 t\u00e9ma. Hraj\u00ed z\u00e1sadn\u00ed roli v&nbsp;udr\u017een\u00ed biodiverzity a&nbsp;potravinov\u00e9 bezpe\u010dnosti, a&nbsp;proto jsme v&nbsp;lo\u0148sk\u00e9m [&hellip;]<\/p>\n","protected":false},"author":9,"featured_media":1752,"comment_status":"open","ping_status":"open","sticky":false,"template":"","format":"standard","meta":{"_acf_changed":false,"inline_featured_image":false,"footnotes":""},"categories":[4],"tags":[],"class_list":["post-1742","post","type-post","status-publish","format-standard","has-post-thumbnail","hentry","category-news"],"acf":[],"aioseo_notices":[],"distributor_meta":false,"distributor_terms":false,"distributor_media":false,"distributor_original_site_name":"Praha6Sob\u011b","distributor_original_site_url":"https:\/\/prahasobe.cz\/praha6sobe","push-errors":false,"_links":{"self":[{"href":"https:\/\/prahasobe.cz\/praha6sobe\/wp-json\/wp\/v2\/posts\/1742","targetHints":{"allow":["GET"]}}],"collection":[{"href":"https:\/\/prahasobe.cz\/praha6sobe\/wp-json\/wp\/v2\/posts"}],"about":[{"href":"https:\/\/prahasobe.cz\/praha6sobe\/wp-json\/wp\/v2\/types\/post"}],"author":[{"embeddable":true,"href":"https:\/\/prahasobe.cz\/praha6sobe\/wp-json\/wp\/v2\/users\/9"}],"replies":[{"embeddable":true,"href":"https:\/\/prahasobe.cz\/praha6sobe\/wp-json\/wp\/v2\/comments?post=1742"}],"version-history":[{"count":1,"href":"https:\/\/prahasobe.cz\/praha6sobe\/wp-json\/wp\/v2\/posts\/1742\/revisions"}],"predecessor-version":[{"id":1753,"href":"https:\/\/prahasobe.cz\/praha6sobe\/wp-json\/wp\/v2\/posts\/1742\/revisions\/1753"}],"wp:featuredmedia":[{"embeddable":true,"href":"https:\/\/prahasobe.cz\/praha6sobe\/wp-json\/wp\/v2\/media\/1752"}],"wp:attachment":[{"href":"https:\/\/prahasobe.cz\/praha6sobe\/wp-json\/wp\/v2\/media?parent=1742"}],"wp:term":[{"taxonomy":"category","embeddable":true,"href":"https:\/\/prahasobe.cz\/praha6sobe\/wp-json\/wp\/v2\/categories?post=1742"},{"taxonomy":"post_tag","embeddable":true,"href":"https:\/\/prahasobe.cz\/praha6sobe\/wp-json\/wp\/v2\/tags?post=1742"}],"curies":[{"name":"wp","href":"https:\/\/api.w.org\/{rel}","templated":true}]}}