{"id":1731,"date":"2025-06-03T09:54:00","date_gmt":"2025-06-03T09:54:00","guid":{"rendered":"https:\/\/prahasobe.cz\/praha6sobe\/?p=1731"},"modified":"2026-04-09T10:06:41","modified_gmt":"2026-04-09T10:06:41","slug":"uspesny-zak-2024","status":"publish","type":"post","link":"https:\/\/prahasobe.cz\/praha6sobe\/2025\/06\/03\/uspesny-zak-2024\/","title":{"rendered":"\u00dasp\u011b\u0161n\u00fd \u017e\u00e1k 2024"},"content":{"rendered":"\n<p>P\u0159\u00edb\u011bhy, kter\u00e9 inspiruj\u00ed, doj\u00edmaj\u00ed a&nbsp;d\u00e1vaj\u00ed nad\u011bji <img loading=\"lazy\" decoding=\"async\" height=\"16\" width=\"16\" src=\"https:\/\/static.xx.fbcdn.net\/images\/emoji.php\/v9\/tc4\/2\/16\/1f393.png\" alt=\"\ud83c\udf93\"><\/p>\n\n\n\n<div style=\"height:20px\" aria-hidden=\"true\" class=\"wp-block-spacer\"><\/div>\n\n\n\n<p>Praha 6 m\u00e1 d\u016fvod b\u00fdt py\u0161n\u00e1 <img loading=\"lazy\" decoding=\"async\" height=\"16\" width=\"16\" src=\"https:\/\/static.xx.fbcdn.net\/images\/emoji.php\/v9\/t33\/2\/16\/1f49a.png\" alt=\"\ud83d\udc9a\"> U\u017e \u0161estn\u00e1ct let oce\u0148ujeme v\u00fdjime\u010dn\u00e9 \u017e\u00e1ky na\u0161ich z\u00e1kladn\u00edch \u0161kol v&nbsp;r\u00e1mci slavnostn\u00edho setk\u00e1n\u00ed \u00dasp\u011b\u0161n\u00fd \u017e\u00e1k. Tahle tradice, kter\u00e1 za\u010dala v&nbsp;roce 2009, ukazuje, \u017ee v&nbsp;na\u0161\u00ed m\u011bstsk\u00e9 \u010d\u00e1sti vyr\u016fstaj\u00ed d\u011bti, kter\u00e9 si zaslou\u017e\u00ed obdiv nejen za \u0161koln\u00ed v\u00fdsledky, ale i&nbsp;za sv\u016fj charakter, lidskost a&nbsp;odvahu. <img loading=\"lazy\" decoding=\"async\" height=\"16\" width=\"16\" src=\"https:\/\/static.xx.fbcdn.net\/images\/emoji.php\/v9\/t9d\/2\/16\/1f44f.png\" alt=\"\ud83d\udc4f\"><\/p>\n\n\n\n<div style=\"height:20px\" aria-hidden=\"true\" class=\"wp-block-spacer\"><\/div>\n\n\n\n<p>Ka\u017ed\u00e1 z\u00e1kladn\u00ed \u0161kola mohla nominovat a\u017e t\u0159i \u017e\u00e1ky. Letos bylo ocen\u011bno celkem \u010dty\u0159icet d\u011bt\u00ed z&nbsp;patn\u00e1cti \u0161kol a&nbsp;za ka\u017ed\u00fdm jm\u00e9nem je siln\u00fd a&nbsp;v\u00fdjime\u010dn\u00fd p\u0159\u00edb\u011bh.<\/p>\n\n\n\n<div style=\"height:20px\" aria-hidden=\"true\" class=\"wp-block-spacer\"><\/div>\n\n\n\n<p><img loading=\"lazy\" decoding=\"async\" height=\"16\" width=\"16\" src=\"https:\/\/static.xx.fbcdn.net\/images\/emoji.php\/v9\/t7f\/2\/16\/1f31f.png\" alt=\"\ud83c\udf1f\"> Darja ze Z\u0160 Na Dlouh\u00e9m l\u00e1nu p\u0159i\u0161la do Prahy z&nbsp;v\u00e1lkou zni\u010den\u00e9 Ukrajiny. B\u011bhem kr\u00e1tk\u00e9 doby se stala vzorem pro ostatn\u00ed. Jej\u00ed skromnost, laskavost a&nbsp;chu\u0165 pom\u00e1hat si z\u00edskaly respekt nejen spolu\u017e\u00e1k\u016f, ale i&nbsp;u\u010ditel\u016f.<\/p>\n\n\n\n<div style=\"height:20px\" aria-hidden=\"true\" class=\"wp-block-spacer\"><\/div>\n\n\n\n<p><img loading=\"lazy\" decoding=\"async\" height=\"16\" width=\"16\" src=\"https:\/\/static.xx.fbcdn.net\/images\/emoji.php\/v9\/td9\/2\/16\/1f46d.png\" alt=\"\ud83d\udc6d\"> Mark\u00e9ta a&nbsp;Marie ze Z\u0160 J. A. Komensk\u00e9ho se dlouhodob\u011b zapojuj\u00ed do \u0161koln\u00edho i&nbsp;kulturn\u00edho \u017eivota. Aktivn\u00ed, pracovit\u00e1 a&nbsp;pozitivn\u00ed dvojice, kter\u00e1 zt\u011bles\u0148uje, co znamen\u00e1 b\u00fdt platnou sou\u010d\u00e1st\u00ed \u0161koln\u00ed komunity.<\/p>\n\n\n\n<div style=\"height:20px\" aria-hidden=\"true\" class=\"wp-block-spacer\"><\/div>\n\n\n\n<p><img loading=\"lazy\" decoding=\"async\" height=\"16\" width=\"16\" src=\"https:\/\/static.xx.fbcdn.net\/images\/emoji.php\/v9\/t35\/2\/16\/1f949.png\" alt=\"\ud83e\udd49\"> Emily a&nbsp;David ze Z\u0160 V\u011bry \u010c\u00e1slavsk\u00e9 spole\u010dn\u011b reprezentovali \u0161kolu na mezin\u00e1rodn\u00ed krasobrusla\u0159sk\u00e9 sout\u011b\u017ei v&nbsp;It\u00e1lii a&nbsp;p\u0159ivezli bronzovou medaili. V\u00fdsledek tvrd\u00e9 pr\u00e1ce, odhodl\u00e1n\u00ed a&nbsp;t\u00fdmov\u00e9ho ducha.<\/p>\n\n\n\n<div style=\"height:20px\" aria-hidden=\"true\" class=\"wp-block-spacer\"><\/div>\n\n\n\n<p><img loading=\"lazy\" decoding=\"async\" height=\"16\" width=\"16\" src=\"https:\/\/static.xx.fbcdn.net\/images\/emoji.php\/v9\/tb\/2\/16\/1f4aa.png\" alt=\"\ud83d\udcaa\"> Vojt\u011bch ze Z\u0160 Anton\u00edna \u010cerm\u00e1ka se po&nbsp;dlouh\u00e9 nemoci dok\u00e1zal vr\u00e1tit zp\u011bt do \u0161koln\u00edho \u017eivota a&nbsp;\u00fasp\u011b\u0161n\u011b ukon\u010dit dev\u00edtiletou \u0161koln\u00ed doch\u00e1zku. Jeho p\u0159\u00edb\u011bh je o&nbsp;s\u00edle, kterou nenajde\u0161 v&nbsp;\u017e\u00e1dn\u00e9 u\u010debnici.<\/p>\n\n\n\n<div style=\"height:19px\" aria-hidden=\"true\" class=\"wp-block-spacer\"><\/div>\n\n\n\n<p><img loading=\"lazy\" decoding=\"async\" height=\"16\" width=\"16\" src=\"https:\/\/static.xx.fbcdn.net\/images\/emoji.php\/v9\/t88\/2\/16\/1f496.png\" alt=\"\ud83d\udc96\"> Viktorie ze Z\u0160 B\u00edl\u00e1 se i&nbsp;p\u0159es slo\u017eit\u00e9 \u017eivotn\u00ed okolnosti postavila v\u00fdzv\u00e1m \u010delem a&nbsp;uk\u00e1zala, \u017ee pozitivn\u00ed p\u0159\u00edstup a&nbsp;vnit\u0159n\u00ed s\u00edla dok\u00e1\u017eou p\u0159ekonat i&nbsp;ty nejt\u011b\u017e\u0161\u00ed chv\u00edle.<\/p>\n\n\n\n<div style=\"height:20px\" aria-hidden=\"true\" class=\"wp-block-spacer\"><\/div>\n\n\n\n<p>Ka\u017ed\u00fd z&nbsp;ocen\u011bn\u00fdch \u017e\u00e1k\u016f p\u0159evzal z&nbsp;rukou Mariany a&nbsp;Marie Kub\u00edkov\u00e1 pam\u011btn\u00ed list, pam\u011btn\u00ed minci, logickou hru a&nbsp;drobn\u00e9 d\u00e1rky. Hlavn\u00ed odm\u011bnou ale z\u016fst\u00e1v\u00e1 uzn\u00e1n\u00ed cel\u00e9 komunity. V\u0161ichni tito mlad\u00ed lid\u00e9 jsou pro n\u00e1s inspirac\u00ed.<\/p>\n\n\n\n<div style=\"height:20px\" aria-hidden=\"true\" class=\"wp-block-spacer\"><\/div>\n\n\n\n<p>\u201eKa\u017ed\u00fd rok n\u00e1s p\u0159\u00edb\u011bhy ocen\u011bn\u00fdch \u017e\u00e1k\u016f dojmou a&nbsp;z\u00e1rove\u0148 napln\u00ed nad\u011bj\u00ed. Ukazuj\u00ed n\u00e1m, \u017ee skute\u010dn\u00fd \u00fasp\u011bch nen\u00ed jen o&nbsp;zn\u00e1mk\u00e1ch, ale p\u0159edev\u0161\u00edm o&nbsp;charakteru, empatii a&nbsp;odvaze. T\u011b\u0161\u00ed m\u011b, \u017ee Praha 6 m\u00e1 tolik d\u011bt\u00ed, kter\u00e9 jsou inspirac\u00ed nejen sv\u00fdm vrstevn\u00edk\u016fm, ale i&nbsp;n\u00e1m dosp\u011bl\u00fdm,\u201c dod\u00e1v\u00e1 na\u0161e Mariana \u010capkov\u00e1 &#8211; m\u00edstostarostka Prahy 6.<\/p>\n\n\n\n<div style=\"height:20px\" aria-hidden=\"true\" class=\"wp-block-spacer\"><\/div>\n\n\n\n<p>D\u011bkujeme v\u0161em d\u011btem, kter\u00e9 byly ocen\u011bny. Ale i&nbsp;t\u011bm, kter\u00e9 na sob\u011b pracuj\u00ed, pom\u00e1haj\u00ed druh\u00fdm nebo prost\u011b d\u011blaj\u00ed sv\u011bt kolem sebe lep\u0161\u00edm.<\/p>\n\n\n\n<div style=\"height:20px\" aria-hidden=\"true\" class=\"wp-block-spacer\"><\/div>\n\n\n\n<figure class=\"wp-block-gallery has-nested-images columns-default is-cropped wp-block-gallery-1 is-layout-flex wp-block-gallery-is-layout-flex\">\n<figure class=\"wp-block-image size-large\"><img loading=\"lazy\" decoding=\"async\" width=\"2048\" height=\"1365\" data-id=\"1739\" src=\"http:\/\/prahasobe.cz\/praha6sobe\/wp-content\/uploads\/sites\/5\/2026\/04\/502735419_702900872329346_8597656104156206629_n.jpg\" alt=\"Ocen\u011bn\u00ed \u00dasp\u011b\u0161n\u00fd \u017e\u00e1k Praha 6 slavnostn\u00ed p\u0159ed\u00e1v\u00e1n\u00ed\" class=\"wp-image-1739\" srcset=\"https:\/\/prahasobe.cz\/praha6sobe\/wp-content\/uploads\/sites\/5\/2026\/04\/502735419_702900872329346_8597656104156206629_n.jpg 2048w, https:\/\/prahasobe.cz\/praha6sobe\/wp-content\/uploads\/sites\/5\/2026\/04\/502735419_702900872329346_8597656104156206629_n-300x200.jpg 300w, https:\/\/prahasobe.cz\/praha6sobe\/wp-content\/uploads\/sites\/5\/2026\/04\/502735419_702900872329346_8597656104156206629_n-1024x683.jpg 1024w, https:\/\/prahasobe.cz\/praha6sobe\/wp-content\/uploads\/sites\/5\/2026\/04\/502735419_702900872329346_8597656104156206629_n-768x512.jpg 768w, https:\/\/prahasobe.cz\/praha6sobe\/wp-content\/uploads\/sites\/5\/2026\/04\/502735419_702900872329346_8597656104156206629_n-1536x1024.jpg 1536w\" sizes=\"auto, (max-width: 2048px) 100vw, 2048px\" \/><\/figure>\n\n\n\n<figure class=\"wp-block-image size-large\"><img loading=\"lazy\" decoding=\"async\" width=\"2048\" height=\"1365\" data-id=\"1737\" src=\"http:\/\/prahasobe.cz\/praha6sobe\/wp-content\/uploads\/sites\/5\/2026\/04\/502620693_702901958995904_932468787961475992_n.jpg\" alt=\"P\u0159ed\u00e1v\u00e1n\u00ed ocen\u011bn\u00ed z rukou m\u00edstostarostky Prahy 6\" class=\"wp-image-1737\" srcset=\"https:\/\/prahasobe.cz\/praha6sobe\/wp-content\/uploads\/sites\/5\/2026\/04\/502620693_702901958995904_932468787961475992_n.jpg 2048w, https:\/\/prahasobe.cz\/praha6sobe\/wp-content\/uploads\/sites\/5\/2026\/04\/502620693_702901958995904_932468787961475992_n-300x200.jpg 300w, https:\/\/prahasobe.cz\/praha6sobe\/wp-content\/uploads\/sites\/5\/2026\/04\/502620693_702901958995904_932468787961475992_n-1024x683.jpg 1024w, https:\/\/prahasobe.cz\/praha6sobe\/wp-content\/uploads\/sites\/5\/2026\/04\/502620693_702901958995904_932468787961475992_n-768x512.jpg 768w, https:\/\/prahasobe.cz\/praha6sobe\/wp-content\/uploads\/sites\/5\/2026\/04\/502620693_702901958995904_932468787961475992_n-1536x1024.jpg 1536w\" sizes=\"auto, (max-width: 2048px) 100vw, 2048px\" \/><\/figure>\n\n\n\n<figure class=\"wp-block-image size-large\"><img loading=\"lazy\" decoding=\"async\" width=\"2048\" height=\"1365\" data-id=\"1734\" src=\"http:\/\/prahasobe.cz\/praha6sobe\/wp-content\/uploads\/sites\/5\/2026\/04\/502619522_702901775662589_1518185496169802999_n.jpg\" alt=\"Ocen\u011bn\u00ed \u00dasp\u011b\u0161n\u00fd \u017e\u00e1k Praha 6 slavnostn\u00ed p\u0159ed\u00e1v\u00e1n\u00ed\" class=\"wp-image-1734\" srcset=\"https:\/\/prahasobe.cz\/praha6sobe\/wp-content\/uploads\/sites\/5\/2026\/04\/502619522_702901775662589_1518185496169802999_n.jpg 2048w, https:\/\/prahasobe.cz\/praha6sobe\/wp-content\/uploads\/sites\/5\/2026\/04\/502619522_702901775662589_1518185496169802999_n-300x200.jpg 300w, https:\/\/prahasobe.cz\/praha6sobe\/wp-content\/uploads\/sites\/5\/2026\/04\/502619522_702901775662589_1518185496169802999_n-1024x683.jpg 1024w, https:\/\/prahasobe.cz\/praha6sobe\/wp-content\/uploads\/sites\/5\/2026\/04\/502619522_702901775662589_1518185496169802999_n-768x512.jpg 768w, https:\/\/prahasobe.cz\/praha6sobe\/wp-content\/uploads\/sites\/5\/2026\/04\/502619522_702901775662589_1518185496169802999_n-1536x1024.jpg 1536w\" sizes=\"auto, (max-width: 2048px) 100vw, 2048px\" \/><\/figure>\n\n\n\n<figure class=\"wp-block-image size-large\"><img loading=\"lazy\" decoding=\"async\" width=\"2048\" height=\"1365\" data-id=\"1738\" src=\"http:\/\/prahasobe.cz\/praha6sobe\/wp-content\/uploads\/sites\/5\/2026\/04\/502621134_702901688995931_6973479659303447561_n.jpg\" alt=\"Ocen\u011bn\u00ed \u00dasp\u011b\u0161n\u00fd \u017e\u00e1k Praha 6 slavnostn\u00ed p\u0159ed\u00e1v\u00e1n\u00ed\" class=\"wp-image-1738\" srcset=\"https:\/\/prahasobe.cz\/praha6sobe\/wp-content\/uploads\/sites\/5\/2026\/04\/502621134_702901688995931_6973479659303447561_n.jpg 2048w, https:\/\/prahasobe.cz\/praha6sobe\/wp-content\/uploads\/sites\/5\/2026\/04\/502621134_702901688995931_6973479659303447561_n-300x200.jpg 300w, https:\/\/prahasobe.cz\/praha6sobe\/wp-content\/uploads\/sites\/5\/2026\/04\/502621134_702901688995931_6973479659303447561_n-1024x683.jpg 1024w, https:\/\/prahasobe.cz\/praha6sobe\/wp-content\/uploads\/sites\/5\/2026\/04\/502621134_702901688995931_6973479659303447561_n-768x512.jpg 768w, https:\/\/prahasobe.cz\/praha6sobe\/wp-content\/uploads\/sites\/5\/2026\/04\/502621134_702901688995931_6973479659303447561_n-1536x1024.jpg 1536w\" sizes=\"auto, (max-width: 2048px) 100vw, 2048px\" \/><\/figure>\n\n\n\n<figure class=\"wp-block-image size-large\"><img loading=\"lazy\" decoding=\"async\" width=\"2048\" height=\"1365\" data-id=\"1735\" src=\"http:\/\/prahasobe.cz\/praha6sobe\/wp-content\/uploads\/sites\/5\/2026\/04\/502642298_702901055662661_2129828143618107521_n.jpg\" alt=\"P\u0159ed\u00e1v\u00e1n\u00ed ocen\u011bn\u00ed z rukou m\u00edstostarostky Prahy 6\" class=\"wp-image-1735\" srcset=\"https:\/\/prahasobe.cz\/praha6sobe\/wp-content\/uploads\/sites\/5\/2026\/04\/502642298_702901055662661_2129828143618107521_n.jpg 2048w, https:\/\/prahasobe.cz\/praha6sobe\/wp-content\/uploads\/sites\/5\/2026\/04\/502642298_702901055662661_2129828143618107521_n-300x200.jpg 300w, https:\/\/prahasobe.cz\/praha6sobe\/wp-content\/uploads\/sites\/5\/2026\/04\/502642298_702901055662661_2129828143618107521_n-1024x683.jpg 1024w, https:\/\/prahasobe.cz\/praha6sobe\/wp-content\/uploads\/sites\/5\/2026\/04\/502642298_702901055662661_2129828143618107521_n-768x512.jpg 768w, https:\/\/prahasobe.cz\/praha6sobe\/wp-content\/uploads\/sites\/5\/2026\/04\/502642298_702901055662661_2129828143618107521_n-1536x1024.jpg 1536w\" sizes=\"auto, (max-width: 2048px) 100vw, 2048px\" \/><\/figure>\n\n\n\n<figure class=\"wp-block-image size-large\"><img loading=\"lazy\" decoding=\"async\" width=\"2048\" height=\"1365\" data-id=\"1736\" src=\"http:\/\/prahasobe.cz\/praha6sobe\/wp-content\/uploads\/sites\/5\/2026\/04\/502587156_702901392329294_132403282591465902_n.jpg\" alt=\"P\u0159ed\u00e1v\u00e1n\u00ed ocen\u011bn\u00ed z rukou m\u00edstostarostky Prahy 6\" class=\"wp-image-1736\" srcset=\"https:\/\/prahasobe.cz\/praha6sobe\/wp-content\/uploads\/sites\/5\/2026\/04\/502587156_702901392329294_132403282591465902_n.jpg 2048w, https:\/\/prahasobe.cz\/praha6sobe\/wp-content\/uploads\/sites\/5\/2026\/04\/502587156_702901392329294_132403282591465902_n-300x200.jpg 300w, https:\/\/prahasobe.cz\/praha6sobe\/wp-content\/uploads\/sites\/5\/2026\/04\/502587156_702901392329294_132403282591465902_n-1024x683.jpg 1024w, https:\/\/prahasobe.cz\/praha6sobe\/wp-content\/uploads\/sites\/5\/2026\/04\/502587156_702901392329294_132403282591465902_n-768x512.jpg 768w, https:\/\/prahasobe.cz\/praha6sobe\/wp-content\/uploads\/sites\/5\/2026\/04\/502587156_702901392329294_132403282591465902_n-1536x1024.jpg 1536w\" sizes=\"auto, (max-width: 2048px) 100vw, 2048px\" \/><\/figure>\n\n\n\n<figure class=\"wp-block-image size-large\"><img loading=\"lazy\" decoding=\"async\" width=\"2048\" height=\"1365\" data-id=\"1733\" src=\"http:\/\/prahasobe.cz\/praha6sobe\/wp-content\/uploads\/sites\/5\/2026\/04\/502668454_702901462329287_554026474111544669_n.jpg\" alt=\"P\u0159ed\u00e1v\u00e1n\u00ed ocen\u011bn\u00ed z rukou m\u00edstostarostky Prahy 6\" class=\"wp-image-1733\" srcset=\"https:\/\/prahasobe.cz\/praha6sobe\/wp-content\/uploads\/sites\/5\/2026\/04\/502668454_702901462329287_554026474111544669_n.jpg 2048w, https:\/\/prahasobe.cz\/praha6sobe\/wp-content\/uploads\/sites\/5\/2026\/04\/502668454_702901462329287_554026474111544669_n-300x200.jpg 300w, https:\/\/prahasobe.cz\/praha6sobe\/wp-content\/uploads\/sites\/5\/2026\/04\/502668454_702901462329287_554026474111544669_n-1024x683.jpg 1024w, https:\/\/prahasobe.cz\/praha6sobe\/wp-content\/uploads\/sites\/5\/2026\/04\/502668454_702901462329287_554026474111544669_n-768x512.jpg 768w, https:\/\/prahasobe.cz\/praha6sobe\/wp-content\/uploads\/sites\/5\/2026\/04\/502668454_702901462329287_554026474111544669_n-1536x1024.jpg 1536w\" sizes=\"auto, (max-width: 2048px) 100vw, 2048px\" \/><\/figure>\n\n\n\n<figure class=\"wp-block-image size-large\"><img loading=\"lazy\" decoding=\"async\" width=\"2048\" height=\"1365\" data-id=\"1732\" src=\"http:\/\/prahasobe.cz\/praha6sobe\/wp-content\/uploads\/sites\/5\/2026\/04\/502617859_702900775662689_3843181376797290352_n.jpg\" alt=\"P\u0159ed\u00e1v\u00e1n\u00ed ocen\u011bn\u00ed z rukou m\u00edstostarostky Prahy 6\" class=\"wp-image-1732\" srcset=\"https:\/\/prahasobe.cz\/praha6sobe\/wp-content\/uploads\/sites\/5\/2026\/04\/502617859_702900775662689_3843181376797290352_n.jpg 2048w, https:\/\/prahasobe.cz\/praha6sobe\/wp-content\/uploads\/sites\/5\/2026\/04\/502617859_702900775662689_3843181376797290352_n-300x200.jpg 300w, https:\/\/prahasobe.cz\/praha6sobe\/wp-content\/uploads\/sites\/5\/2026\/04\/502617859_702900775662689_3843181376797290352_n-1024x683.jpg 1024w, https:\/\/prahasobe.cz\/praha6sobe\/wp-content\/uploads\/sites\/5\/2026\/04\/502617859_702900775662689_3843181376797290352_n-768x512.jpg 768w, https:\/\/prahasobe.cz\/praha6sobe\/wp-content\/uploads\/sites\/5\/2026\/04\/502617859_702900775662689_3843181376797290352_n-1536x1024.jpg 1536w\" sizes=\"auto, (max-width: 2048px) 100vw, 2048px\" \/><\/figure>\n<\/figure>\n","protected":false},"excerpt":{"rendered":"<p>P\u0159\u00edb\u011bhy, kter\u00e9 inspiruj\u00ed, doj\u00edmaj\u00ed a&nbsp;d\u00e1vaj\u00ed nad\u011bji Praha 6 m\u00e1 d\u016fvod b\u00fdt py\u0161n\u00e1 U\u017e \u0161estn\u00e1ct let oce\u0148ujeme v\u00fdjime\u010dn\u00e9 \u017e\u00e1ky na\u0161ich z\u00e1kladn\u00edch \u0161kol v&nbsp;r\u00e1mci slavnostn\u00edho setk\u00e1n\u00ed \u00dasp\u011b\u0161n\u00fd \u017e\u00e1k. Tahle tradice, kter\u00e1 za\u010dala v&nbsp;roce 2009, ukazuje, \u017ee v&nbsp;na\u0161\u00ed m\u011bstsk\u00e9 \u010d\u00e1sti vyr\u016fstaj\u00ed d\u011bti, kter\u00e9 si zaslou\u017e\u00ed obdiv nejen za \u0161koln\u00ed v\u00fdsledky, ale i&nbsp;za sv\u016fj charakter, lidskost a&nbsp;odvahu. Ka\u017ed\u00e1 z\u00e1kladn\u00ed [&hellip;]<\/p>\n","protected":false},"author":9,"featured_media":1740,"comment_status":"open","ping_status":"open","sticky":false,"template":"","format":"standard","meta":{"_acf_changed":false,"inline_featured_image":false,"footnotes":""},"categories":[4],"tags":[],"class_list":["post-1731","post","type-post","status-publish","format-standard","has-post-thumbnail","hentry","category-news"],"acf":[],"aioseo_notices":[],"distributor_meta":false,"distributor_terms":false,"distributor_media":false,"distributor_original_site_name":"Praha6Sob\u011b","distributor_original_site_url":"https:\/\/prahasobe.cz\/praha6sobe","push-errors":false,"_links":{"self":[{"href":"https:\/\/prahasobe.cz\/praha6sobe\/wp-json\/wp\/v2\/posts\/1731","targetHints":{"allow":["GET"]}}],"collection":[{"href":"https:\/\/prahasobe.cz\/praha6sobe\/wp-json\/wp\/v2\/posts"}],"about":[{"href":"https:\/\/prahasobe.cz\/praha6sobe\/wp-json\/wp\/v2\/types\/post"}],"author":[{"embeddable":true,"href":"https:\/\/prahasobe.cz\/praha6sobe\/wp-json\/wp\/v2\/users\/9"}],"replies":[{"embeddable":true,"href":"https:\/\/prahasobe.cz\/praha6sobe\/wp-json\/wp\/v2\/comments?post=1731"}],"version-history":[{"count":1,"href":"https:\/\/prahasobe.cz\/praha6sobe\/wp-json\/wp\/v2\/posts\/1731\/revisions"}],"predecessor-version":[{"id":1741,"href":"https:\/\/prahasobe.cz\/praha6sobe\/wp-json\/wp\/v2\/posts\/1731\/revisions\/1741"}],"wp:featuredmedia":[{"embeddable":true,"href":"https:\/\/prahasobe.cz\/praha6sobe\/wp-json\/wp\/v2\/media\/1740"}],"wp:attachment":[{"href":"https:\/\/prahasobe.cz\/praha6sobe\/wp-json\/wp\/v2\/media?parent=1731"}],"wp:term":[{"taxonomy":"category","embeddable":true,"href":"https:\/\/prahasobe.cz\/praha6sobe\/wp-json\/wp\/v2\/categories?post=1731"},{"taxonomy":"post_tag","embeddable":true,"href":"https:\/\/prahasobe.cz\/praha6sobe\/wp-json\/wp\/v2\/tags?post=1731"}],"curies":[{"name":"wp","href":"https:\/\/api.w.org\/{rel}","templated":true}]}}