{"id":1724,"date":"2025-06-04T09:43:00","date_gmt":"2025-06-04T09:43:00","guid":{"rendered":"https:\/\/prahasobe.cz\/praha6sobe\/?p=1724"},"modified":"2026-04-09T09:54:04","modified_gmt":"2026-04-09T09:54:04","slug":"ohlednuti-za-setkanim-bavime-se-o-hanspaulce","status":"publish","type":"post","link":"https:\/\/prahasobe.cz\/praha6sobe\/2025\/06\/04\/ohlednuti-za-setkanim-bavime-se-o-hanspaulce\/","title":{"rendered":"Ohl\u00e9dnut\u00ed za setk\u00e1n\u00edm Bav\u00edme se o&nbsp;Hanspaulce!"},"content":{"rendered":"\n<p>D\u011bkujeme v\u0161em, kdo dorazili na setk\u00e1n\u00ed na Hanspaulce diskutovat s&nbsp;na\u0161imi zastupiteli za Prahu 6 sob\u011b o&nbsp;budoucnosti Hanspaulky, Baby i&nbsp;cel\u00e9 na\u0161\u00ed m\u011bstsk\u00e9 \u010d\u00e1sti. D\u00edky va\u0161\u00ed zp\u011btn\u00e9 vazb\u011b, post\u0159eh\u016fm i&nbsp;otev\u0159en\u00e9mu dialogu m\u016f\u017eeme l\u00e9pe reagovat na to, co je pro kvalitn\u00ed \u017eivot v&nbsp;Praze 6 d\u016fle\u017eit\u00e9.<\/p>\n\n\n\n<div style=\"height:20px\" aria-hidden=\"true\" class=\"wp-block-spacer\"><\/div>\n\n\n\n<p>Jedn\u00edm z&nbsp;hlavn\u00edch t\u00e9mat bylo roz\u0161i\u0159ov\u00e1n\u00ed kapacit z\u00e1kladn\u00edch \u0161kol Hanspaulka a&nbsp;Koc\u00ednka, ale mluvili jsme i&nbsp;o&nbsp;revitalizaci parku Kotl\u00e1\u0159ka, zelen\u00e9ho p\u00e1su v&nbsp;ulici Na Hanspaulce, rekonstrukci ulice \u0160\u00e1reck\u00e1, n\u00e1vratu trolejbusu i&nbsp;o&nbsp;participaci v&nbsp;souvislosti s&nbsp;projektem centra BABA.<\/p>\n\n\n\n<div style=\"height:20px\" aria-hidden=\"true\" class=\"wp-block-spacer\"><\/div>\n\n\n\n<p>A pokud jste to tentokr\u00e1t nestihli \u2013 nic nen\u00ed ztraceno!<\/p>\n\n\n\n<div style=\"height:20px\" aria-hidden=\"true\" class=\"wp-block-spacer\"><\/div>\n\n\n\n<p>Zveme v\u00e1s na pokra\u010dov\u00e1n\u00ed s\u00e9rie sousedsk\u00fdch setk\u00e1n\u00ed Bav\u00edme se o\u2026, kde se m\u016f\u017eete osobn\u011b potkat s&nbsp;na\u0161\u00ed <a href=\"https:\/\/www.facebook.com\/capkovamariana?__cft__[0]=AZYZxdtqYmoD9MPZKha-CCtHzcmmIVE5NggOQnrZvc2K0WpQBf-k2D76KFOQl_m-J9MD5QnpxVb04K7PWamRfUZwMSxqzviCiEKp6mmw3pv98yddL_WVq8IfycEIT-gPnABquiyk_ILwbuCK0fIrDkKLCXeGhZasLcYKVF-BzWxFJQ&amp;__tn__=-]K-R\">Mariana \u010capkov\u00e1 &#8211; m\u00edstostarostka Prahy 6<\/a>, nebo <a href=\"https:\/\/www.facebook.com\/lukas.pokorny.5832?__cft__[0]=AZYZxdtqYmoD9MPZKha-CCtHzcmmIVE5NggOQnrZvc2K0WpQBf-k2D76KFOQl_m-J9MD5QnpxVb04K7PWamRfUZwMSxqzviCiEKp6mmw3pv98yddL_WVq8IfycEIT-gPnABquiyk_ILwbuCK0fIrDkKLCXeGhZasLcYKVF-BzWxFJQ&amp;__tn__=-]K-R\">Luk\u00e1\u0161 Pokorn\u00fd<\/a> a&nbsp;dal\u0161\u00edmi zastupiteli za Prahu 6 sob\u011b. P\u0159ij\u010fte \u0159\u00edct, co v\u00e1s tr\u00e1p\u00ed, co se v\u00e1m l\u00edb\u00ed, nebo si jen d\u00e1t kafe a&nbsp;popov\u00eddat si o&nbsp;tom, co se d\u011bje ve va\u0161\u00ed \u010dtvrti.<\/p>\n\n\n\n<div style=\"height:20px\" aria-hidden=\"true\" class=\"wp-block-spacer\"><\/div>\n\n\n\n<p><strong><img loading=\"lazy\" decoding=\"async\" height=\"16\" width=\"16\" src=\"https:\/\/static.xx.fbcdn.net\/images\/emoji.php\/v9\/tcc\/2\/16\/1f4cd.png\" alt=\"\ud83d\udccd\">Dal\u0161\u00ed term\u00edny:<\/strong><\/p>\n\n\n\n<p>18.&nbsp;\u010dervna | D\u011bdina\/Liboc<\/p>\n\n\n\n<p>17.&nbsp;z\u00e1\u0159\u00ed | B\u0159evnov<\/p>\n\n\n\n<p>15.&nbsp;\u0159\u00edjna | Dejvice<\/p>\n\n\n\n<p><img loading=\"lazy\" decoding=\"async\" height=\"16\" width=\"16\" src=\"https:\/\/static.xx.fbcdn.net\/images\/emoji.php\/v9\/t4b\/2\/16\/1f554.png\" alt=\"\ud83d\udd54\"> v\u017edy od 17:00 do 19:00<\/p>\n\n\n\n<div style=\"height:20px\" aria-hidden=\"true\" class=\"wp-block-spacer\"><\/div>\n\n\n\n<p><img loading=\"lazy\" decoding=\"async\" height=\"16\" width=\"16\" src=\"https:\/\/static.xx.fbcdn.net\/images\/emoji.php\/v9\/t12\/2\/16\/2615.png\" alt=\"\u2615\"> \u010cek\u00e1 na v\u00e1s tradi\u010dn\u011b k\u00e1va, voda a&nbsp;mapa se v\u0161\u00edm d\u016fle\u017eit\u00fdm. P\u0159ij\u010fte \u0159\u00edct, co v\u00e1s p\u00e1l\u00ed \u2013 nebo co se v\u00e1m l\u00edb\u00ed. T\u011b\u0161\u00edme se na v\u00e1s!<\/p>\n\n\n\n<div style=\"height:20px\" aria-hidden=\"true\" class=\"wp-block-spacer\"><\/div>\n\n\n\n<figure class=\"wp-block-gallery has-nested-images columns-default is-cropped wp-block-gallery-1 is-layout-flex wp-block-gallery-is-layout-flex\">\n<figure class=\"wp-block-image size-large\"><img loading=\"lazy\" decoding=\"async\" width=\"2048\" height=\"1536\" data-id=\"1725\" src=\"http:\/\/prahasobe.cz\/praha6sobe\/wp-content\/uploads\/sites\/5\/2026\/04\/503620130_703329285619838_6854309749525017242_n.jpg\" alt=\"Sousedsk\u00e9 setk\u00e1n\u00ed Bav\u00edme se o Hanspaulce s obyvateli Praha 6\" class=\"wp-image-1725\" srcset=\"https:\/\/prahasobe.cz\/praha6sobe\/wp-content\/uploads\/sites\/5\/2026\/04\/503620130_703329285619838_6854309749525017242_n.jpg 2048w, https:\/\/prahasobe.cz\/praha6sobe\/wp-content\/uploads\/sites\/5\/2026\/04\/503620130_703329285619838_6854309749525017242_n-300x225.jpg 300w, https:\/\/prahasobe.cz\/praha6sobe\/wp-content\/uploads\/sites\/5\/2026\/04\/503620130_703329285619838_6854309749525017242_n-1024x768.jpg 1024w, https:\/\/prahasobe.cz\/praha6sobe\/wp-content\/uploads\/sites\/5\/2026\/04\/503620130_703329285619838_6854309749525017242_n-768x576.jpg 768w, https:\/\/prahasobe.cz\/praha6sobe\/wp-content\/uploads\/sites\/5\/2026\/04\/503620130_703329285619838_6854309749525017242_n-1536x1152.jpg 1536w\" sizes=\"auto, (max-width: 2048px) 100vw, 2048px\" \/><\/figure>\n\n\n\n<figure class=\"wp-block-image size-large\"><img loading=\"lazy\" decoding=\"async\" width=\"2048\" height=\"1536\" data-id=\"1726\" src=\"http:\/\/prahasobe.cz\/praha6sobe\/wp-content\/uploads\/sites\/5\/2026\/04\/503742705_703329305619836_2586076918452584146_n.jpg\" alt=\"Sousedsk\u00e9 setk\u00e1n\u00ed Bav\u00edme se o Hanspaulce s obyvateli Praha 6\" class=\"wp-image-1726\" srcset=\"https:\/\/prahasobe.cz\/praha6sobe\/wp-content\/uploads\/sites\/5\/2026\/04\/503742705_703329305619836_2586076918452584146_n.jpg 2048w, https:\/\/prahasobe.cz\/praha6sobe\/wp-content\/uploads\/sites\/5\/2026\/04\/503742705_703329305619836_2586076918452584146_n-300x225.jpg 300w, https:\/\/prahasobe.cz\/praha6sobe\/wp-content\/uploads\/sites\/5\/2026\/04\/503742705_703329305619836_2586076918452584146_n-1024x768.jpg 1024w, https:\/\/prahasobe.cz\/praha6sobe\/wp-content\/uploads\/sites\/5\/2026\/04\/503742705_703329305619836_2586076918452584146_n-768x576.jpg 768w, https:\/\/prahasobe.cz\/praha6sobe\/wp-content\/uploads\/sites\/5\/2026\/04\/503742705_703329305619836_2586076918452584146_n-1536x1152.jpg 1536w\" sizes=\"auto, (max-width: 2048px) 100vw, 2048px\" \/><\/figure>\n\n\n\n<figure class=\"wp-block-image size-large\"><img loading=\"lazy\" decoding=\"async\" width=\"2048\" height=\"1536\" data-id=\"1727\" src=\"http:\/\/prahasobe.cz\/praha6sobe\/wp-content\/uploads\/sites\/5\/2026\/04\/504077810_703329368953163_5253257562172400820_n.jpg\" alt=\"Sousedsk\u00e9 setk\u00e1n\u00ed Bav\u00edme se o Hanspaulce s obyvateli Praha 6\" class=\"wp-image-1727\" srcset=\"https:\/\/prahasobe.cz\/praha6sobe\/wp-content\/uploads\/sites\/5\/2026\/04\/504077810_703329368953163_5253257562172400820_n.jpg 2048w, https:\/\/prahasobe.cz\/praha6sobe\/wp-content\/uploads\/sites\/5\/2026\/04\/504077810_703329368953163_5253257562172400820_n-300x225.jpg 300w, https:\/\/prahasobe.cz\/praha6sobe\/wp-content\/uploads\/sites\/5\/2026\/04\/504077810_703329368953163_5253257562172400820_n-1024x768.jpg 1024w, https:\/\/prahasobe.cz\/praha6sobe\/wp-content\/uploads\/sites\/5\/2026\/04\/504077810_703329368953163_5253257562172400820_n-768x576.jpg 768w, https:\/\/prahasobe.cz\/praha6sobe\/wp-content\/uploads\/sites\/5\/2026\/04\/504077810_703329368953163_5253257562172400820_n-1536x1152.jpg 1536w\" sizes=\"auto, (max-width: 2048px) 100vw, 2048px\" \/><\/figure>\n\n\n\n<figure class=\"wp-block-image size-large\"><img loading=\"lazy\" decoding=\"async\" width=\"2048\" height=\"1536\" data-id=\"1728\" src=\"http:\/\/prahasobe.cz\/praha6sobe\/wp-content\/uploads\/sites\/5\/2026\/04\/504143225_703329382286495_4014159633686094256_n.jpg\" alt=\"Sousedsk\u00e9 setk\u00e1n\u00ed Bav\u00edme se o Hanspaulce s obyvateli Praha 6\" class=\"wp-image-1728\" srcset=\"https:\/\/prahasobe.cz\/praha6sobe\/wp-content\/uploads\/sites\/5\/2026\/04\/504143225_703329382286495_4014159633686094256_n.jpg 2048w, https:\/\/prahasobe.cz\/praha6sobe\/wp-content\/uploads\/sites\/5\/2026\/04\/504143225_703329382286495_4014159633686094256_n-300x225.jpg 300w, https:\/\/prahasobe.cz\/praha6sobe\/wp-content\/uploads\/sites\/5\/2026\/04\/504143225_703329382286495_4014159633686094256_n-1024x768.jpg 1024w, https:\/\/prahasobe.cz\/praha6sobe\/wp-content\/uploads\/sites\/5\/2026\/04\/504143225_703329382286495_4014159633686094256_n-768x576.jpg 768w, https:\/\/prahasobe.cz\/praha6sobe\/wp-content\/uploads\/sites\/5\/2026\/04\/504143225_703329382286495_4014159633686094256_n-1536x1152.jpg 1536w\" sizes=\"auto, (max-width: 2048px) 100vw, 2048px\" \/><\/figure>\n<\/figure>\n","protected":false},"excerpt":{"rendered":"<p>D\u011bkujeme v\u0161em, kdo dorazili na setk\u00e1n\u00ed na Hanspaulce diskutovat s&nbsp;na\u0161imi zastupiteli za Prahu 6 sob\u011b o&nbsp;budoucnosti Hanspaulky, Baby i&nbsp;cel\u00e9 na\u0161\u00ed m\u011bstsk\u00e9 \u010d\u00e1sti. D\u00edky va\u0161\u00ed zp\u011btn\u00e9 vazb\u011b, post\u0159eh\u016fm i&nbsp;otev\u0159en\u00e9mu dialogu m\u016f\u017eeme l\u00e9pe reagovat na to, co je pro kvalitn\u00ed \u017eivot v&nbsp;Praze 6 d\u016fle\u017eit\u00e9. Jedn\u00edm z&nbsp;hlavn\u00edch t\u00e9mat bylo roz\u0161i\u0159ov\u00e1n\u00ed kapacit z\u00e1kladn\u00edch \u0161kol Hanspaulka a&nbsp;Koc\u00ednka, ale mluvili jsme [&hellip;]<\/p>\n","protected":false},"author":9,"featured_media":1729,"comment_status":"open","ping_status":"open","sticky":false,"template":"","format":"standard","meta":{"_acf_changed":false,"inline_featured_image":false,"footnotes":""},"categories":[4],"tags":[],"class_list":["post-1724","post","type-post","status-publish","format-standard","has-post-thumbnail","hentry","category-news"],"acf":[],"aioseo_notices":[],"distributor_meta":false,"distributor_terms":false,"distributor_media":false,"distributor_original_site_name":"Praha6Sob\u011b","distributor_original_site_url":"https:\/\/prahasobe.cz\/praha6sobe","push-errors":false,"_links":{"self":[{"href":"https:\/\/prahasobe.cz\/praha6sobe\/wp-json\/wp\/v2\/posts\/1724","targetHints":{"allow":["GET"]}}],"collection":[{"href":"https:\/\/prahasobe.cz\/praha6sobe\/wp-json\/wp\/v2\/posts"}],"about":[{"href":"https:\/\/prahasobe.cz\/praha6sobe\/wp-json\/wp\/v2\/types\/post"}],"author":[{"embeddable":true,"href":"https:\/\/prahasobe.cz\/praha6sobe\/wp-json\/wp\/v2\/users\/9"}],"replies":[{"embeddable":true,"href":"https:\/\/prahasobe.cz\/praha6sobe\/wp-json\/wp\/v2\/comments?post=1724"}],"version-history":[{"count":1,"href":"https:\/\/prahasobe.cz\/praha6sobe\/wp-json\/wp\/v2\/posts\/1724\/revisions"}],"predecessor-version":[{"id":1730,"href":"https:\/\/prahasobe.cz\/praha6sobe\/wp-json\/wp\/v2\/posts\/1724\/revisions\/1730"}],"wp:featuredmedia":[{"embeddable":true,"href":"https:\/\/prahasobe.cz\/praha6sobe\/wp-json\/wp\/v2\/media\/1729"}],"wp:attachment":[{"href":"https:\/\/prahasobe.cz\/praha6sobe\/wp-json\/wp\/v2\/media?parent=1724"}],"wp:term":[{"taxonomy":"category","embeddable":true,"href":"https:\/\/prahasobe.cz\/praha6sobe\/wp-json\/wp\/v2\/categories?post=1724"},{"taxonomy":"post_tag","embeddable":true,"href":"https:\/\/prahasobe.cz\/praha6sobe\/wp-json\/wp\/v2\/tags?post=1724"}],"curies":[{"name":"wp","href":"https:\/\/api.w.org\/{rel}","templated":true}]}}