{"id":1721,"date":"2025-06-14T09:10:00","date_gmt":"2025-06-14T09:10:00","guid":{"rendered":"https:\/\/prahasobe.cz\/praha6sobe\/?p=1721"},"modified":"2026-04-09T09:17:18","modified_gmt":"2026-04-09T09:17:18","slug":"reuse-nedele-na-sestce-prines-vymen-zachran","status":"publish","type":"post","link":"https:\/\/prahasobe.cz\/praha6sobe\/2025\/06\/14\/reuse-nedele-na-sestce-prines-vymen-zachran\/","title":{"rendered":"Reuse ned\u011ble na \u0160estce &#8211; P\u0159ines, vym\u011b\u0148, zachra\u0148!"},"content":{"rendered":"\n<p>M\u00e1te doma v\u011bci, kter\u00e9 u\u017e nepot\u0159ebujete, ale vyhodit je by byla \u0161koda? P\u0159ij\u010fte v&nbsp;ned\u011bli na Reuse ned\u011bli v&nbsp;Praze 6 a&nbsp;dop\u0159ejte jim nov\u00fd \u017eivot! \u010cek\u00e1 v\u00e1s pohodov\u00e1 v\u00fdm\u011bnn\u00e1 slavnost, kde m\u016f\u017eete odlo\u017eit oble\u010den\u00ed, kn\u00ed\u017eky, dom\u00e1c\u00ed pot\u0159eby, sportovn\u00ed vybaven\u00ed nebo i&nbsp;men\u0161\u00ed n\u00e1bytek \u2013 a&nbsp;rovnou si odn\u00e9st n\u011bco jin\u00e9ho, co v\u00e1m ud\u011bl\u00e1 radost. Bez pen\u011bz, bez stresu, s&nbsp;dobr\u00fdm pocitem.<\/p>\n\n\n\n<div style=\"height:20px\" aria-hidden=\"true\" class=\"wp-block-spacer\"><\/div>\n\n\n\n<p>\u201eReuse ned\u011ble ukazuje, \u017ee i&nbsp;v\u011bci z&nbsp;druh\u00e9 ruky maj\u00ed hodnotu \u2013 sta\u010d\u00ed jim d\u00e1t novou \u0161anci. P\u0159ineste, co v\u00e1m doma p\u0159eb\u00fdv\u00e1, a&nbsp;odneste si n\u011bco, co v\u00e1s pot\u011b\u0161\u00ed. Krom\u011b toho ud\u011bl\u00e1te n\u011bco dobr\u00e9ho pro p\u0159\u00edrodu i&nbsp;komunitu. I&nbsp;mal\u00e1 zm\u011bna n\u00e1vyk\u016f m\u016f\u017ee m\u00edt velk\u00fd dopad,\u201c dod\u00e1v\u00e1 n\u00e1\u0161 kolega\u00a0<a href=\"https:\/\/www.facebook.com\/PetrPalackyP6?__tn__=-]K*F\">Petr Palack\u00fd, radn\u00ed pro \u017eivotn\u00ed prost\u0159ed\u00ed a&nbsp;klima<\/a><\/p>\n\n\n\n<div style=\"height:20px\" aria-hidden=\"true\" class=\"wp-block-spacer\"><\/div>\n\n\n\n<p>V\u011bci, kter\u00e9 z\u016fstanou, poputuj\u00ed k&nbsp;charit\u00e1m a&nbsp;pot\u0159ebn\u00fdm.\u00a0<img loading=\"lazy\" decoding=\"async\" height=\"16\" width=\"16\" src=\"https:\/\/static.xx.fbcdn.net\/images\/emoji.php\/v9\/tde\/2\/16\/1f30d.png\" alt=\"\ud83c\udf0d\"><\/p>\n\n\n\n<div style=\"height:20px\" aria-hidden=\"true\" class=\"wp-block-spacer\"><\/div>\n\n\n\n<p><strong>KDY A&nbsp;KDE?<\/strong><br>Ned\u011ble 15.6.&nbsp;od 11:00 do17:00<\/p>\n\n\n\n<div style=\"height:20px\" aria-hidden=\"true\" class=\"wp-block-spacer\"><\/div>\n\n\n\n<p>Na m\u00edst\u011b bude zku\u0161en\u00fd t\u00fdm z\u00a0<a href=\"https:\/\/www.facebook.com\/swapprague?__tn__=-]K*F\">SWAP Prague<\/a>, kter\u00fd v\u0161e p\u0159ehledn\u011b rozt\u0159\u00edd\u00ed.\u00a0<img loading=\"lazy\" decoding=\"async\" height=\"16\" width=\"16\" src=\"https:\/\/static.xx.fbcdn.net\/images\/emoji.php\/v9\/t3\/2\/16\/1f91d.png\" alt=\"\ud83e\udd1d\"><img loading=\"lazy\" decoding=\"async\" height=\"16\" width=\"16\" src=\"https:\/\/static.xx.fbcdn.net\/images\/emoji.php\/v9\/tb\/2\/16\/1f4aa.png\" alt=\"\ud83d\udcaa\"><\/p>\n\n\n\n<div style=\"height:20px\" aria-hidden=\"true\" class=\"wp-block-spacer\"><\/div>\n\n\n\n<p><strong>Co v\u00e1s \u010dek\u00e1?<\/strong><br>11:00\u201317:00 SWAP \u2013 velk\u00e1 v\u00fdm\u011bnn\u00e1 slavnost<br>11:00\u201317:00 Oprav\u00e1rna \u2013 p\u0159ineste rozbit\u00fd spot\u0159ebi\u010d, odborn\u00edk se na n\u011bj mrkne<br>12:00\u201316:00 Upcykla\u010dn\u00ed d\u00edlna \u2013\u00a0<a href=\"https:\/\/www.facebook.com\/stanicetechniku?__tn__=-]K*F\">Stanice technik\u016f DDM hl.m.Prahy<\/a><br>12:00\u201316:00 St\u00e1nky projekt\u016f a&nbsp;organizac\u00ed: Reuse pokoj\u00ed\u010dek, Bieno,\u00a0<a href=\"https:\/\/www.facebook.com\/dobrodejna?__tn__=-]K*F\">Dobrod\u011bjna<\/a>, oto\u010dkv\u011btin\u00e1\u010d a&nbsp;dal\u0161\u00ed<\/p>\n\n\n\n<p>Pr\u016fb\u011b\u017en\u011b \u2013 info o&nbsp;cirkul\u00e1rn\u00ed ekonomice, chytr\u00e9 spot\u0159eb\u011b, udr\u017eitelnosti a&nbsp;prevenci odpadu<\/p>\n\n\n\n<p><img loading=\"lazy\" decoding=\"async\" height=\"16\" width=\"16\" src=\"https:\/\/static.xx.fbcdn.net\/images\/emoji.php\/v9\/t8c\/2\/16\/1f379.png\" alt=\"\ud83c\udf79\">\u00a0Ob\u010derstven\u00ed do vratn\u00fdch kel\u00edmk\u016f \u2013 proto\u017ee planeta nen\u00ed na jedno pou\u017eit\u00ed.<\/p>\n\n\n\n<div style=\"height:20px\" aria-hidden=\"true\" class=\"wp-block-spacer\"><\/div>\n\n\n\n<p><img loading=\"lazy\" decoding=\"async\" height=\"16\" width=\"16\" src=\"https:\/\/static.xx.fbcdn.net\/images\/emoji.php\/v9\/tb4\/2\/16\/1f49b.png\" alt=\"\ud83d\udc9b\">\u00a0Na m\u00edst\u011b m\u016f\u017eete dobrovoln\u011b podpo\u0159it\u00a0<a href=\"https:\/\/www.facebook.com\/nfsestysmysl?__tn__=-]K*F\">Nada\u010dn\u00ed fond \u0160est\u00fd smysl<\/a>, kter\u00fd pom\u00e1h\u00e1 rodin\u00e1m a&nbsp;d\u011btem v&nbsp;t\u011b\u017ek\u00e9 \u017eivotn\u00ed situaci p\u0159\u00edmo na Praze 6.<\/p>\n\n\n\n<div style=\"height:20px\" aria-hidden=\"true\" class=\"wp-block-spacer\"><\/div>\n\n\n\n<p><strong>P\u0158IJ\u010eTE B\u00ddT SOU\u010c\u00c1ST\u00cd ZM\u011aNY<br><\/strong>Reuse ned\u011ble je sou\u010d\u00e1st\u00ed dlouhodob\u00e9 snahy Prahy 6 podporovat udr\u017eiteln\u00fd \u017eivotn\u00ed styl a&nbsp;odpov\u011bdn\u00fd p\u0159\u00edstup ke sv\u011btu kolem n\u00e1s. Ka\u017ed\u00fd z&nbsp;n\u00e1s m\u016f\u017ee za\u010d\u00edt drobnou zm\u011bnou \u2013 a&nbsp;pr\u00e1v\u011b takov\u00e9 chv\u00edle, kdy se potkaj\u00ed lid\u00e9, v\u011bci a&nbsp;dobr\u00e1 v\u016fle, maj\u00ed skute\u010dn\u00fd smysl.<\/p>\n\n\n\n<div style=\"height:20px\" aria-hidden=\"true\" class=\"wp-block-spacer\"><\/div>\n\n\n\n<p><img loading=\"lazy\" decoding=\"async\" height=\"16\" width=\"16\" alt=\"\ud83d\udc49\" src=\"https:\/\/static.xx.fbcdn.net\/images\/emoji.php\/v9\/tf0\/2\/16\/1f449.png\">&nbsp;T\u011b\u0161\u00edme se na v\u00e1s \u2013 p\u0159ij\u010fte se inspirovat, potkat sousedy a&nbsp;d\u00e1t v\u011bcem druhou \u0161anci.<\/p>\n","protected":false},"excerpt":{"rendered":"<p>M\u00e1te doma v\u011bci, kter\u00e9 u\u017e nepot\u0159ebujete, ale vyhodit je by byla \u0161koda? P\u0159ij\u010fte v&nbsp;ned\u011bli na Reuse ned\u011bli v&nbsp;Praze 6 a&nbsp;dop\u0159ejte jim nov\u00fd \u017eivot! \u010cek\u00e1 v\u00e1s pohodov\u00e1 v\u00fdm\u011bnn\u00e1 slavnost, kde m\u016f\u017eete odlo\u017eit oble\u010den\u00ed, kn\u00ed\u017eky, dom\u00e1c\u00ed pot\u0159eby, sportovn\u00ed vybaven\u00ed nebo i&nbsp;men\u0161\u00ed n\u00e1bytek \u2013 a&nbsp;rovnou si odn\u00e9st n\u011bco jin\u00e9ho, co v\u00e1m ud\u011bl\u00e1 radost. Bez pen\u011bz, bez stresu, s&nbsp;dobr\u00fdm [&hellip;]<\/p>\n","protected":false},"author":9,"featured_media":1722,"comment_status":"open","ping_status":"open","sticky":false,"template":"","format":"standard","meta":{"_acf_changed":false,"inline_featured_image":false,"footnotes":""},"categories":[4],"tags":[],"class_list":["post-1721","post","type-post","status-publish","format-standard","has-post-thumbnail","hentry","category-news"],"acf":[],"aioseo_notices":[],"distributor_meta":false,"distributor_terms":false,"distributor_media":false,"distributor_original_site_name":"Praha6Sob\u011b","distributor_original_site_url":"https:\/\/prahasobe.cz\/praha6sobe","push-errors":false,"_links":{"self":[{"href":"https:\/\/prahasobe.cz\/praha6sobe\/wp-json\/wp\/v2\/posts\/1721","targetHints":{"allow":["GET"]}}],"collection":[{"href":"https:\/\/prahasobe.cz\/praha6sobe\/wp-json\/wp\/v2\/posts"}],"about":[{"href":"https:\/\/prahasobe.cz\/praha6sobe\/wp-json\/wp\/v2\/types\/post"}],"author":[{"embeddable":true,"href":"https:\/\/prahasobe.cz\/praha6sobe\/wp-json\/wp\/v2\/users\/9"}],"replies":[{"embeddable":true,"href":"https:\/\/prahasobe.cz\/praha6sobe\/wp-json\/wp\/v2\/comments?post=1721"}],"version-history":[{"count":1,"href":"https:\/\/prahasobe.cz\/praha6sobe\/wp-json\/wp\/v2\/posts\/1721\/revisions"}],"predecessor-version":[{"id":1723,"href":"https:\/\/prahasobe.cz\/praha6sobe\/wp-json\/wp\/v2\/posts\/1721\/revisions\/1723"}],"wp:featuredmedia":[{"embeddable":true,"href":"https:\/\/prahasobe.cz\/praha6sobe\/wp-json\/wp\/v2\/media\/1722"}],"wp:attachment":[{"href":"https:\/\/prahasobe.cz\/praha6sobe\/wp-json\/wp\/v2\/media?parent=1721"}],"wp:term":[{"taxonomy":"category","embeddable":true,"href":"https:\/\/prahasobe.cz\/praha6sobe\/wp-json\/wp\/v2\/categories?post=1721"},{"taxonomy":"post_tag","embeddable":true,"href":"https:\/\/prahasobe.cz\/praha6sobe\/wp-json\/wp\/v2\/tags?post=1721"}],"curies":[{"name":"wp","href":"https:\/\/api.w.org\/{rel}","templated":true}]}}