{"id":1706,"date":"2026-03-26T11:16:00","date_gmt":"2026-03-26T11:16:00","guid":{"rendered":"https:\/\/prahasobe.cz\/praha6sobe\/?p=1706"},"modified":"2026-04-04T11:26:01","modified_gmt":"2026-04-04T11:26:01","slug":"prijdte-si-popovidat-o-tom-co-se-deje-na-sestce","status":"publish","type":"post","link":"https:\/\/prahasobe.cz\/praha6sobe\/2026\/03\/26\/prijdte-si-popovidat-o-tom-co-se-deje-na-sestce\/","title":{"rendered":"P\u0159ij\u010fte si popov\u00eddat o&nbsp;tom, co se d\u011bje na \u0160estce"},"content":{"rendered":"\n<p>Pokra\u010dujeme v&nbsp;sousedsk\u00fdch setk\u00e1n\u00edch Bav\u00edme se o\u2026, kter\u00e1 b\u011b\u017e\u00ed u\u017e od roku 2023. Za tu dobu jsme se potkali u\u017e na 18 m\u00edstech nap\u0159\u00ed\u010d Prahou 6 a&nbsp;letos se uvid\u00edme znovu.<\/p>\n\n\n\n<div style=\"height:20px\" aria-hidden=\"true\" class=\"wp-block-spacer\"><\/div>\n\n\n\n<p>Setk\u00e1n\u00ed prob\u00edhaj\u00ed p\u0159\u00edmo v&nbsp;jednotliv\u00fdch lokalit\u00e1ch a&nbsp;v\u017edy se v\u011bnuj\u00ed tomu, co se \u0159e\u0161\u00ed pr\u00e1v\u011b tam. K&nbsp;dispozici bude i&nbsp;mapa s&nbsp;hlavn\u00edmi t\u00e9maty dan\u00e9 oblasti, nad kterou se m\u016f\u017eeme spole\u010dn\u011b bavit.<\/p>\n\n\n\n<div style=\"height:20px\" aria-hidden=\"true\" class=\"wp-block-spacer\"><\/div>\n\n\n\n<p><strong><img loading=\"lazy\" decoding=\"async\" height=\"16\" width=\"16\" src=\"https:\/\/static.xx.fbcdn.net\/images\/emoji.php\/v9\/tcc\/2\/16\/1f4cd.png\" alt=\"\ud83d\udccd\">\u00a0Kde se potk\u00e1me:<br><\/strong>15.&nbsp;dubna | \u010cerven\u00fd vrch<br>6.&nbsp;kv\u011btna | Pet\u0159iny<br>27.&nbsp;kv\u011btna | Ruzyn<br>24.&nbsp;\u010dervna | \u0160\u00e1reck\u00e9 \u00fadol\u00ed<\/p>\n\n\n\n<div style=\"height:20px\" aria-hidden=\"true\" class=\"wp-block-spacer\"><\/div>\n\n\n\n<p><img loading=\"lazy\" decoding=\"async\" height=\"16\" width=\"16\" src=\"https:\/\/static.xx.fbcdn.net\/images\/emoji.php\/v9\/t4b\/2\/16\/1f554.png\" alt=\"\ud83d\udd54\">\u00a0v\u017edy<strong> od 17:00 do 19:00<\/strong><br><img loading=\"lazy\" decoding=\"async\" height=\"16\" width=\"16\" src=\"https:\/\/static.xx.fbcdn.net\/images\/emoji.php\/v9\/t12\/2\/16\/2615.png\" alt=\"\u2615\">\u00a0Setk\u00e1n\u00ed prob\u00edhaj\u00ed venku, p\u0159\u00edmo na m\u00edst\u011b.<\/p>\n\n\n\n<div style=\"height:20px\" aria-hidden=\"true\" class=\"wp-block-spacer\"><\/div>\n\n\n\n<p><img loading=\"lazy\" decoding=\"async\" height=\"16\" width=\"16\" src=\"https:\/\/static.xx.fbcdn.net\/images\/emoji.php\/v9\/t2a\/2\/16\/1f465.png\" alt=\"\ud83d\udc65\">\u00a0P\u0159ij\u010fte se osobn\u011b setkat s&nbsp;na\u0161\u00ed\u00a0<a href=\"https:\/\/www.facebook.com\/capkovamariana?__tn__=-]K*F\">Mariana \u010capkov\u00e1 &#8211; m\u00edstostarostka Prahy 6<\/a>\u00a0a dal\u0161\u00edmi zastupiteli za Prahu 6 sob\u011b. A\u0165 u\u017e p\u0159ich\u00e1z\u00edte s&nbsp;konkr\u00e9tn\u00edm t\u00e9matem, nebo si chcete jen popov\u00eddat o&nbsp;tom, co se d\u011bje ve va\u0161\u00ed \u010dtvrti.<\/p>\n\n\n\n<div style=\"height:20px\" aria-hidden=\"true\" class=\"wp-block-spacer\"><\/div>\n\n\n\n<p>T\u011b\u0161\u00edme se na v\u00e1s!<\/p>\n\n\n\n<div style=\"height:20px\" aria-hidden=\"true\" class=\"wp-block-spacer\"><\/div>\n\n\n\n<figure class=\"wp-block-image size-large\"><img loading=\"lazy\" decoding=\"async\" width=\"819\" height=\"1024\" src=\"http:\/\/prahasobe.cz\/praha6sobe\/wp-content\/uploads\/sites\/5\/2026\/04\/Vetsi-velikost-napisu-14-1-819x1024.png\" alt=\"Sousedsk\u00e9 setk\u00e1n\u00ed Bav\u00edme se o Praha 6 s obyvateli v ter\u00e9nu\" class=\"wp-image-1708\" srcset=\"https:\/\/prahasobe.cz\/praha6sobe\/wp-content\/uploads\/sites\/5\/2026\/04\/Vetsi-velikost-napisu-14-1-819x1024.png 819w, https:\/\/prahasobe.cz\/praha6sobe\/wp-content\/uploads\/sites\/5\/2026\/04\/Vetsi-velikost-napisu-14-1-240x300.png 240w, https:\/\/prahasobe.cz\/praha6sobe\/wp-content\/uploads\/sites\/5\/2026\/04\/Vetsi-velikost-napisu-14-1-768x960.png 768w, https:\/\/prahasobe.cz\/praha6sobe\/wp-content\/uploads\/sites\/5\/2026\/04\/Vetsi-velikost-napisu-14-1.png 1080w\" sizes=\"auto, (max-width: 819px) 100vw, 819px\" \/><\/figure>\n","protected":false},"excerpt":{"rendered":"<p>Pokra\u010dujeme v&nbsp;sousedsk\u00fdch setk\u00e1n\u00edch Bav\u00edme se o\u2026, kter\u00e1 b\u011b\u017e\u00ed u\u017e od roku 2023. Za tu dobu jsme se potkali u\u017e na 18 m\u00edstech nap\u0159\u00ed\u010d Prahou 6 a&nbsp;letos se uvid\u00edme znovu. Setk\u00e1n\u00ed prob\u00edhaj\u00ed p\u0159\u00edmo v&nbsp;jednotliv\u00fdch lokalit\u00e1ch a&nbsp;v\u017edy se v\u011bnuj\u00ed tomu, co se \u0159e\u0161\u00ed pr\u00e1v\u011b tam. K&nbsp;dispozici bude i&nbsp;mapa s&nbsp;hlavn\u00edmi t\u00e9maty dan\u00e9 oblasti, nad kterou se m\u016f\u017eeme spole\u010dn\u011b [&hellip;]<\/p>\n","protected":false},"author":9,"featured_media":1709,"comment_status":"open","ping_status":"open","sticky":false,"template":"","format":"standard","meta":{"_acf_changed":false,"inline_featured_image":false,"footnotes":""},"categories":[4],"tags":[],"class_list":["post-1706","post","type-post","status-publish","format-standard","has-post-thumbnail","hentry","category-news"],"acf":[],"aioseo_notices":[],"distributor_meta":false,"distributor_terms":false,"distributor_media":false,"distributor_original_site_name":"Praha6Sob\u011b","distributor_original_site_url":"https:\/\/prahasobe.cz\/praha6sobe","push-errors":false,"_links":{"self":[{"href":"https:\/\/prahasobe.cz\/praha6sobe\/wp-json\/wp\/v2\/posts\/1706","targetHints":{"allow":["GET"]}}],"collection":[{"href":"https:\/\/prahasobe.cz\/praha6sobe\/wp-json\/wp\/v2\/posts"}],"about":[{"href":"https:\/\/prahasobe.cz\/praha6sobe\/wp-json\/wp\/v2\/types\/post"}],"author":[{"embeddable":true,"href":"https:\/\/prahasobe.cz\/praha6sobe\/wp-json\/wp\/v2\/users\/9"}],"replies":[{"embeddable":true,"href":"https:\/\/prahasobe.cz\/praha6sobe\/wp-json\/wp\/v2\/comments?post=1706"}],"version-history":[{"count":2,"href":"https:\/\/prahasobe.cz\/praha6sobe\/wp-json\/wp\/v2\/posts\/1706\/revisions"}],"predecessor-version":[{"id":1711,"href":"https:\/\/prahasobe.cz\/praha6sobe\/wp-json\/wp\/v2\/posts\/1706\/revisions\/1711"}],"wp:featuredmedia":[{"embeddable":true,"href":"https:\/\/prahasobe.cz\/praha6sobe\/wp-json\/wp\/v2\/media\/1709"}],"wp:attachment":[{"href":"https:\/\/prahasobe.cz\/praha6sobe\/wp-json\/wp\/v2\/media?parent=1706"}],"wp:term":[{"taxonomy":"category","embeddable":true,"href":"https:\/\/prahasobe.cz\/praha6sobe\/wp-json\/wp\/v2\/categories?post=1706"},{"taxonomy":"post_tag","embeddable":true,"href":"https:\/\/prahasobe.cz\/praha6sobe\/wp-json\/wp\/v2\/tags?post=1706"}],"curies":[{"name":"wp","href":"https:\/\/api.w.org\/{rel}","templated":true}]}}