{"id":1696,"date":"2026-01-29T10:44:00","date_gmt":"2026-01-29T10:44:00","guid":{"rendered":"https:\/\/prahasobe.cz\/praha6sobe\/?p=1696"},"modified":"2026-04-04T10:49:44","modified_gmt":"2026-04-04T10:49:44","slug":"komunitni-kurnik-pekarna-nebo-kolotoc","status":"publish","type":"post","link":"https:\/\/prahasobe.cz\/praha6sobe\/2026\/01\/29\/komunitni-kurnik-pekarna-nebo-kolotoc\/","title":{"rendered":"Komunitn\u00ed kurn\u00edk, pek\u00e1rna nebo koloto\u010d?"},"content":{"rendered":"\n<p>I tohle jsou n\u00e1pady pro lep\u0161\u00ed \u0160estku.<\/p>\n\n\n\n<div style=\"height:20px\" aria-hidden=\"true\" class=\"wp-block-spacer\"><\/div>\n\n\n\n<p>Do participativn\u00edho projektu\u00a0<a href=\"https:\/\/www.facebook.com\/napadprosestku?__tn__=-]K*F\">N\u00e1pad pro \u0160estku<\/a>dorazilo letos 84 n\u00e1vrh\u016f, kter\u00e9 ukazuj\u00ed, jak kreativn\u00ed a&nbsp;v\u0161\u00edmav\u00ed lid\u00e9 na Praze 6 jsou. Od drobn\u00fdch komunitn\u00edch projekt\u016f a\u017e po&nbsp;v\u011bt\u0161\u00ed \u00fapravy ve\u0159ejn\u00e9ho prostoru \u2013 lid\u00e9 p\u0159em\u00fd\u0161lej\u00ed o&nbsp;tom, jak se jim tu m\u00e1 \u017e\u00edt l\u00e9pe.<\/p>\n\n\n\n<div style=\"height:20px\" aria-hidden=\"true\" class=\"wp-block-spacer\"><\/div>\n\n\n\n<p>Objevily se n\u00e1pady na komunitn\u00ed kurn\u00edk na B\u0159evnov\u011b, sd\u00edlenou pek\u00e1rnu, bezpe\u010dn\u011bj\u0161\u00ed ulice, nov\u00e1 h\u0159i\u0161t\u011b, sportovn\u00ed prvky, zele\u0148 i&nbsp;m\u00edsta pro setk\u00e1v\u00e1n\u00ed. N\u011bkter\u00e9 n\u00e1vrhy jsou hrav\u00e9, jin\u00e9 praktick\u00e9, ale v\u0161echny maj\u00ed spole\u010dn\u00e9 jedno: vznikly z&nbsp;pot\u0159eby zlep\u0161it okol\u00ed tam, kde lid\u00e9 skute\u010dn\u011b \u017eij\u00ed.<\/p>\n\n\n\n<div style=\"height:20px\" aria-hidden=\"true\" class=\"wp-block-spacer\"><\/div>\n\n\n\n<p>Te\u010f je na \u0159ad\u011b posuzov\u00e1n\u00ed proveditelnosti a&nbsp;na ja\u0159e p\u0159ijde hlasov\u00e1n\u00ed ve\u0159ejnosti. O&nbsp;tom, kter\u00e9 n\u00e1pady se prom\u011bn\u00ed ve skute\u010dnost, tak znovu rozhodnou sami obyvatel\u00e9 Prahy 6. Dal\u0161\u00ed informace najdete na webu\u00a0<a href=\"https:\/\/l.facebook.com\/l.php?u=http%3A%2F%2Fnapadprosestku.cz%2F%3Ffbclid%3DIwZXh0bgNhZW0CMTAAYnJpZBEwRVBqSVNEaFB6Z25MdTI2cHNydGMGYXBwX2lkEDIyMjAzOTE3ODgyMDA4OTIAAR5YhZEwiqft8CLyu0-qOGR8NYMUIPVaKQLEPo5sYIhQJyNoXeJMrObXm106wg_aem_O1-u-4NpKyJSAwxZKipohA&amp;h=AT6MNDB2DgzPy95JND86Bdr54gpw40NYxI39Y6scz6YtuQ1E6Mw6bJwoxhYbypSrF3l4H5b7DKptdE_gKhPNvNfASVVqe7Bu0l5APqclcioR7u6InsE_AIweS_4dBOsYrS_Mk1vfidwIGF4mBp9CLJqzGWjBxK2e41Md9Q&amp;__tn__=-UK*F\" target=\"_blank\" rel=\"noreferrer noopener\">napadprosestku.cz.<\/a>\u00a0Pozor, hlasov\u00e1n\u00ed za\u010d\u00edn\u00e1 1.&nbsp;5.&nbsp;2026!<\/p>\n\n\n\n<div style=\"height:20px\" aria-hidden=\"true\" class=\"wp-block-spacer\"><\/div>\n\n\n\n<p>Proto\u017ee dobr\u00e9 m\u011bsto nevznik\u00e1 shora, ale spole\u010dn\u011b.&nbsp;<\/p>\n","protected":false},"excerpt":{"rendered":"<p>I tohle jsou n\u00e1pady pro lep\u0161\u00ed \u0160estku. Do participativn\u00edho projektu\u00a0N\u00e1pad pro \u0160estkudorazilo letos 84 n\u00e1vrh\u016f, kter\u00e9 ukazuj\u00ed, jak kreativn\u00ed a&nbsp;v\u0161\u00edmav\u00ed lid\u00e9 na Praze 6 jsou. Od drobn\u00fdch komunitn\u00edch projekt\u016f a\u017e po&nbsp;v\u011bt\u0161\u00ed \u00fapravy ve\u0159ejn\u00e9ho prostoru \u2013 lid\u00e9 p\u0159em\u00fd\u0161lej\u00ed o&nbsp;tom, jak se jim tu m\u00e1 \u017e\u00edt l\u00e9pe. Objevily se n\u00e1pady na komunitn\u00ed kurn\u00edk na B\u0159evnov\u011b, sd\u00edlenou pek\u00e1rnu, [&hellip;]<\/p>\n","protected":false},"author":9,"featured_media":1697,"comment_status":"open","ping_status":"open","sticky":false,"template":"","format":"standard","meta":{"_acf_changed":false,"inline_featured_image":false,"footnotes":""},"categories":[4],"tags":[],"class_list":["post-1696","post","type-post","status-publish","format-standard","has-post-thumbnail","hentry","category-news"],"acf":[],"aioseo_notices":[],"distributor_meta":false,"distributor_terms":false,"distributor_media":false,"distributor_original_site_name":"Praha6Sob\u011b","distributor_original_site_url":"https:\/\/prahasobe.cz\/praha6sobe","push-errors":false,"_links":{"self":[{"href":"https:\/\/prahasobe.cz\/praha6sobe\/wp-json\/wp\/v2\/posts\/1696","targetHints":{"allow":["GET"]}}],"collection":[{"href":"https:\/\/prahasobe.cz\/praha6sobe\/wp-json\/wp\/v2\/posts"}],"about":[{"href":"https:\/\/prahasobe.cz\/praha6sobe\/wp-json\/wp\/v2\/types\/post"}],"author":[{"embeddable":true,"href":"https:\/\/prahasobe.cz\/praha6sobe\/wp-json\/wp\/v2\/users\/9"}],"replies":[{"embeddable":true,"href":"https:\/\/prahasobe.cz\/praha6sobe\/wp-json\/wp\/v2\/comments?post=1696"}],"version-history":[{"count":1,"href":"https:\/\/prahasobe.cz\/praha6sobe\/wp-json\/wp\/v2\/posts\/1696\/revisions"}],"predecessor-version":[{"id":1698,"href":"https:\/\/prahasobe.cz\/praha6sobe\/wp-json\/wp\/v2\/posts\/1696\/revisions\/1698"}],"wp:featuredmedia":[{"embeddable":true,"href":"https:\/\/prahasobe.cz\/praha6sobe\/wp-json\/wp\/v2\/media\/1697"}],"wp:attachment":[{"href":"https:\/\/prahasobe.cz\/praha6sobe\/wp-json\/wp\/v2\/media?parent=1696"}],"wp:term":[{"taxonomy":"category","embeddable":true,"href":"https:\/\/prahasobe.cz\/praha6sobe\/wp-json\/wp\/v2\/categories?post=1696"},{"taxonomy":"post_tag","embeddable":true,"href":"https:\/\/prahasobe.cz\/praha6sobe\/wp-json\/wp\/v2\/tags?post=1696"}],"curies":[{"name":"wp","href":"https:\/\/api.w.org\/{rel}","templated":true}]}}