{"id":1693,"date":"2026-02-03T10:35:00","date_gmt":"2026-02-03T10:35:00","guid":{"rendered":"https:\/\/prahasobe.cz\/praha6sobe\/?p=1693"},"modified":"2026-04-04T10:41:33","modified_gmt":"2026-04-04T10:41:33","slug":"leto-na-praze-6-mestske-tabory-pomuzou-rodicum","status":"publish","type":"post","link":"https:\/\/prahasobe.cz\/praha6sobe\/2026\/02\/03\/leto-na-praze-6-mestske-tabory-pomuzou-rodicum\/","title":{"rendered":"L\u00e9to na Praze 6: m\u011bstsk\u00e9 t\u00e1bory pom\u016f\u017eou rodi\u010d\u016fm"},"content":{"rendered":"\n<p>I letos Praha 6 mysl\u00ed na to, aby m\u011bli rodi\u010de b\u011bhem pr\u00e1zdnin kam d\u00e1t d\u011bti a&nbsp;d\u011bti si l\u00e9to opravdu u\u017eily. Mate\u0159sk\u00e9 \u0161koly chystaj\u00ed m\u011bstsk\u00e9 t\u00e1bory s&nbsp;pestr\u00fdm programem.<\/p>\n\n\n\n<div style=\"height:20px\" aria-hidden=\"true\" class=\"wp-block-spacer\"><\/div>\n\n\n\n<p><img loading=\"lazy\" decoding=\"async\" height=\"16\" width=\"16\" src=\"https:\/\/static.xx.fbcdn.net\/images\/emoji.php\/v9\/t43\/2\/16\/1f392.png\" alt=\"\ud83c\udf92\">\u00a0M\u011bstsk\u00e9 t\u00e1bory nab\u00eddnou sport, tvo\u0159en\u00ed i&nbsp;tematick\u00e9 programy a&nbsp;jsou ur\u010den\u00e9 i&nbsp;pro d\u011bti a\u017e do 11 let.<\/p>\n\n\n\n<div style=\"height:20px\" aria-hidden=\"true\" class=\"wp-block-spacer\"><\/div>\n\n\n\n<p><img loading=\"lazy\" decoding=\"async\" height=\"16\" width=\"16\" src=\"https:\/\/static.xx.fbcdn.net\/images\/emoji.php\/v9\/td\/2\/16\/1f4ac.png\" alt=\"\ud83d\udcac\">\u00a0\u201eAby m\u011bstsk\u00e1 \u010d\u00e1st rodi\u010d\u016fm pomohla s&nbsp;pokryt\u00edm n\u00e1klad\u016f na t\u00e1bory a&nbsp;\u0161koli\u010dky, nab\u00edz\u00ed mo\u017enost \u010derp\u00e1n\u00ed p\u0159\u00edsp\u011bvku \u0160estky t\u00e1borov\u00e9 v&nbsp;r\u00e1mci projektu Aktivn\u00ed m\u011bsto,\u201c p\u0159ipom\u00edn\u00e1 m\u00edstostarostka Prahy 6 pro \u0161kolstv\u00ed Mariana \u010capkov\u00e1.<\/p>\n\n\n\n<div style=\"height:20px\" aria-hidden=\"true\" class=\"wp-block-spacer\"><\/div>\n\n\n\n<p>Rodi\u010de mohou \u010dasto vyu\u017e\u00edt tak\u00e9 p\u0159\u00edsp\u011bvky zdravotn\u00edch poji\u0161\u0165oven, bonusy na sport a&nbsp;zdrav\u00ed d\u011bt\u00ed, FKSP nebo dal\u0161\u00ed zam\u011bstnaneck\u00e9 benefity.<\/p>\n\n\n\n<div style=\"height:20px\" aria-hidden=\"true\" class=\"wp-block-spacer\"><\/div>\n\n\n\n<p><img loading=\"lazy\" decoding=\"async\" height=\"16\" width=\"16\" src=\"https:\/\/static.xx.fbcdn.net\/images\/emoji.php\/v9\/t1d\/2\/16\/1f4c5.png\" alt=\"\ud83d\udcc5\">\u00a0P\u0159ehled term\u00edn\u016f, kapacit a&nbsp;podm\u00ednek najdete v&nbsp;aktu\u00e1ln\u00edm \u010d\u00edsle \u0160estky.<br>Cel\u00e9 \u010d\u00edslo je k&nbsp;dispozici online i&nbsp;na odb\u011brn\u00fdch m\u00edstech po&nbsp;cel\u00e9 Praze 6.<\/p>\n\n\n\n<div style=\"height:20px\" aria-hidden=\"true\" class=\"wp-block-spacer\"><\/div>\n\n\n\n<p><img loading=\"lazy\" decoding=\"async\" height=\"16\" width=\"16\" alt=\"\ud83d\udc49\" src=\"https:\/\/static.xx.fbcdn.net\/images\/emoji.php\/v9\/tf0\/2\/16\/1f449.png\">&nbsp;V\u00edce informac\u00ed najdete&nbsp;<br><a href=\"https:\/\/www.sestka.cz\/02-2026\/strana-12?fbclid=IwZXh0bgNhZW0CMTAAYnJpZBEwRVBqSVNEaFB6Z25MdTI2cHNydGMGYXBwX2lkEDIyMjAzOTE3ODgyMDA4OTIAAR60skqsyVoB34U09Evs05Wc287l5HQATpQSpRInO5PE-z1TsBuJ4Eh6UIwCiQ_aem_Gw6biUNQ3miN8KsWE6z3ow\" rel=\"noreferrer noopener\" target=\"_blank\">https:\/\/www.sestka.cz\/02-2026\/strana-12<\/a><\/p>\n","protected":false},"excerpt":{"rendered":"<p>I letos Praha 6 mysl\u00ed na to, aby m\u011bli rodi\u010de b\u011bhem pr\u00e1zdnin kam d\u00e1t d\u011bti a&nbsp;d\u011bti si l\u00e9to opravdu u\u017eily. Mate\u0159sk\u00e9 \u0161koly chystaj\u00ed m\u011bstsk\u00e9 t\u00e1bory s&nbsp;pestr\u00fdm programem. \u00a0M\u011bstsk\u00e9 t\u00e1bory nab\u00eddnou sport, tvo\u0159en\u00ed i&nbsp;tematick\u00e9 programy a&nbsp;jsou ur\u010den\u00e9 i&nbsp;pro d\u011bti a\u017e do 11 let. \u00a0\u201eAby m\u011bstsk\u00e1 \u010d\u00e1st rodi\u010d\u016fm pomohla s&nbsp;pokryt\u00edm n\u00e1klad\u016f na t\u00e1bory a&nbsp;\u0161koli\u010dky, nab\u00edz\u00ed mo\u017enost \u010derp\u00e1n\u00ed [&hellip;]<\/p>\n","protected":false},"author":9,"featured_media":1694,"comment_status":"open","ping_status":"open","sticky":false,"template":"","format":"standard","meta":{"_acf_changed":false,"inline_featured_image":false,"footnotes":""},"categories":[4],"tags":[],"class_list":["post-1693","post","type-post","status-publish","format-standard","has-post-thumbnail","hentry","category-news"],"acf":[],"aioseo_notices":[],"distributor_meta":false,"distributor_terms":false,"distributor_media":false,"distributor_original_site_name":"Praha6Sob\u011b","distributor_original_site_url":"https:\/\/prahasobe.cz\/praha6sobe","push-errors":false,"_links":{"self":[{"href":"https:\/\/prahasobe.cz\/praha6sobe\/wp-json\/wp\/v2\/posts\/1693","targetHints":{"allow":["GET"]}}],"collection":[{"href":"https:\/\/prahasobe.cz\/praha6sobe\/wp-json\/wp\/v2\/posts"}],"about":[{"href":"https:\/\/prahasobe.cz\/praha6sobe\/wp-json\/wp\/v2\/types\/post"}],"author":[{"embeddable":true,"href":"https:\/\/prahasobe.cz\/praha6sobe\/wp-json\/wp\/v2\/users\/9"}],"replies":[{"embeddable":true,"href":"https:\/\/prahasobe.cz\/praha6sobe\/wp-json\/wp\/v2\/comments?post=1693"}],"version-history":[{"count":1,"href":"https:\/\/prahasobe.cz\/praha6sobe\/wp-json\/wp\/v2\/posts\/1693\/revisions"}],"predecessor-version":[{"id":1695,"href":"https:\/\/prahasobe.cz\/praha6sobe\/wp-json\/wp\/v2\/posts\/1693\/revisions\/1695"}],"wp:featuredmedia":[{"embeddable":true,"href":"https:\/\/prahasobe.cz\/praha6sobe\/wp-json\/wp\/v2\/media\/1694"}],"wp:attachment":[{"href":"https:\/\/prahasobe.cz\/praha6sobe\/wp-json\/wp\/v2\/media?parent=1693"}],"wp:term":[{"taxonomy":"category","embeddable":true,"href":"https:\/\/prahasobe.cz\/praha6sobe\/wp-json\/wp\/v2\/categories?post=1693"},{"taxonomy":"post_tag","embeddable":true,"href":"https:\/\/prahasobe.cz\/praha6sobe\/wp-json\/wp\/v2\/tags?post=1693"}],"curies":[{"name":"wp","href":"https:\/\/api.w.org\/{rel}","templated":true}]}}