{"id":1687,"date":"2026-02-09T14:42:00","date_gmt":"2026-02-09T14:42:00","guid":{"rendered":"https:\/\/prahasobe.cz\/praha6sobe\/?p=1687"},"modified":"2026-04-09T12:51:37","modified_gmt":"2026-04-09T12:51:37","slug":"na-praze-6-pribyvaji-desitky-novych-stromu","status":"publish","type":"post","link":"https:\/\/prahasobe.cz\/praha6sobe\/2026\/02\/09\/na-praze-6-pribyvaji-desitky-novych-stromu\/","title":{"rendered":"Na Praze 6 p\u0159ib\u00fdvaj\u00ed des\u00edtky nov\u00fdch strom\u016f"},"content":{"rendered":"\n<p>Podzim byl nejlep\u0161\u00ed \u010das na v\u00fdsadbu strom\u016f a&nbsp;letos toho na \u0160estce naplno vyu\u017e\u00edv\u00e1me. V&nbsp;n\u011bkolika \u010d\u00e1stech m\u011bstsk\u00e9 \u010d\u00e1sti se vysazuj\u00ed nov\u00e9 aleje i&nbsp;ovocn\u00e9 stromy. Objevuj\u00ed se jak v&nbsp;nov\u011b zrekonstruovan\u00fdch ulic\u00edch, tak v&nbsp;parc\u00edch a&nbsp;na dal\u0161\u00edch ve\u0159ejn\u00fdch m\u00edstech.<\/p>\n\n\n\n<div style=\"height:21px\" aria-hidden=\"true\" class=\"wp-block-spacer\"><\/div>\n\n\n\n<p><img loading=\"lazy\" decoding=\"async\" height=\"16\" width=\"16\" src=\"https:\/\/static.xx.fbcdn.net\/images\/emoji.php\/v9\/t8\/2\/16\/1f331.png\" alt=\"\ud83c\udf31\">&nbsp;Kde v\u0161ude stromy p\u0159ibudou?<\/p>\n\n\n\n<div style=\"height:21px\" aria-hidden=\"true\" class=\"wp-block-spacer\"><\/div>\n\n\n\n<p><strong>Gener\u00e1la P\u00edky<br><\/strong>V nov\u011b opraven\u00e9 ulici p\u0159ibude 27 strom\u016f, p\u0159ev\u00e1\u017en\u011b j\u00edrovc\u016f ma\u010fal\u016f. Ulice z\u00edskala nov\u00fd vzhled, v\u00edce prostoru pro zele\u0148 a&nbsp;m\u00edsta p\u0159ipraven\u00e1 tak, aby stromy dob\u0159e rostly a&nbsp;dlouhodob\u011b prosperovaly. Na ja\u0159e zde nav\u00edc p\u0159ibude nov\u00e9 p\u00edtko u&nbsp;d\u011btsk\u00e9ho h\u0159i\u0161t\u011b.<\/p>\n\n\n\n<div style=\"height:20px\" aria-hidden=\"true\" class=\"wp-block-spacer\"><\/div>\n\n\n\n<p><strong>Hanspaulka<br><\/strong>Pokra\u010dujeme v&nbsp;realizaci revitalizace ulice Na Hanspaulce. V&nbsp;horn\u00ed \u010d\u00e1sti aleje p\u0159ibude 14 hru\u0161n\u00ed. Ve spodn\u00ed \u010d\u00e1sti se vysazuje 13 ovocn\u00fdch strom\u016f tvo\u0159en\u00fdch jablon\u011bmi, t\u0159e\u0161n\u011bmi, vi\u0161n\u011bmi a&nbsp;\u0161vestkami. Vznik\u00e1 tak pestr\u00fd sad, kde si budou moct lid\u00e9 b\u011bhem roku natrhat ovoce. V&nbsp;\u010d\u00e1sti p\u0159ed sokolovnou vzniknou dv\u011b nov\u00e1 stromo\u0159ad\u00ed s&nbsp;celkem 34 ovocn\u00fdmi stromy.<\/p>\n\n\n\n<div style=\"height:20px\" aria-hidden=\"true\" class=\"wp-block-spacer\"><\/div>\n\n\n\n<p><strong><img loading=\"lazy\" decoding=\"async\" height=\"16\" width=\"16\" src=\"https:\/\/static.xx.fbcdn.net\/images\/emoji.php\/v9\/tbd\/2\/16\/1f33f.png\" alt=\"\ud83c\udf3f\">&nbsp;Program adopce strom\u016f<br><\/strong>Mezi nov\u011b vysazen\u00fdmi stromy jsou i&nbsp;ty, na kter\u00e9 m\u016f\u017eete p\u0159isp\u011bt v&nbsp;r\u00e1mci programu Adopce stromu. Nap\u0159\u00edklad o\u0159e\u0161\u00e1k v&nbsp;Probo\u0161tsk\u00e9 ulici nebo b\u0159\u00edza v&nbsp;Radimov\u011b ulici.<\/p>\n\n\n\n<div style=\"height:20px\" aria-hidden=\"true\" class=\"wp-block-spacer\"><\/div>\n\n\n\n<p>Podrobnosti najdete na&nbsp;<img loading=\"lazy\" decoding=\"async\" height=\"16\" width=\"16\" src=\"https:\/\/static.xx.fbcdn.net\/images\/emoji.php\/v9\/tf0\/2\/16\/1f449.png\" alt=\"\ud83d\udc49\"><a href=\"https:\/\/l.facebook.com\/l.php?u=http%3A%2F%2Fstromy6.cz%2F%3Ffbclid%3DIwZXh0bgNhZW0CMTAAYnJpZBEwRVBqSVNEaFB6Z25MdTI2cHNydGMGYXBwX2lkEDIyMjAzOTE3ODgyMDA4OTIAAR5ErbFFmzqqDua3PDzrpVbHXIMug_SUmAv7wIqkMxLsCoeCk9gQkHBd8z46-g_aem_Ph_Eu2OZX5vp-rAMnu9l5Q&amp;h=AT5ZJvcHHgvQxOotsgGsNBvktYRYk8aS51SWAQoIyzJNWInbJ2oNSsaJv2gDqr3etzrLEOSlHqR59WQP36m8mqCPeTA-MvFIkmnaewyoe7r8xiq0Dz4wF6RV8jCZfs8qPkuLtxS-WwiTdYeWBUK9lzzBtsCST8ngdUQdlQ&amp;__tn__=-UK*F\" target=\"_blank\" rel=\"noreferrer noopener\">stromy6.cz<\/a><\/p>\n\n\n\n<div style=\"height:20px\" aria-hidden=\"true\" class=\"wp-block-spacer\"><\/div>\n\n\n\n<p>V\u00edce strom\u016f znamen\u00e1 v\u00edce st\u00ednu, v\u00edce p\u0159\u00edrody a&nbsp;p\u0159\u00edjemn\u011bj\u0161\u00ed ulice pro v\u0161echny. D\u011bkujeme v\u0161em, kdo se na v\u00fdsadb\u00e1ch pod\u00edlej\u00ed a&nbsp;kdo maj\u00ed o&nbsp;zele\u0148 na \u0160estce dlouhodob\u011b z\u00e1jem.&nbsp;<img loading=\"lazy\" decoding=\"async\" height=\"16\" width=\"16\" alt=\"\ud83c\udf33\" src=\"https:\/\/static.xx.fbcdn.net\/images\/emoji.php\/v9\/ta\/2\/16\/1f333.png\"><\/p>\n","protected":false},"excerpt":{"rendered":"<p>Podzim byl nejlep\u0161\u00ed \u010das na v\u00fdsadbu strom\u016f a&nbsp;letos toho na \u0160estce naplno vyu\u017e\u00edv\u00e1me. V&nbsp;n\u011bkolika \u010d\u00e1stech m\u011bstsk\u00e9 \u010d\u00e1sti se vysazuj\u00ed nov\u00e9 aleje i&nbsp;ovocn\u00e9 stromy. Objevuj\u00ed se jak v&nbsp;nov\u011b zrekonstruovan\u00fdch ulic\u00edch, tak v&nbsp;parc\u00edch a&nbsp;na dal\u0161\u00edch ve\u0159ejn\u00fdch m\u00edstech. &nbsp;Kde v\u0161ude stromy p\u0159ibudou? Gener\u00e1la P\u00edkyV nov\u011b opraven\u00e9 ulici p\u0159ibude 27 strom\u016f, p\u0159ev\u00e1\u017en\u011b j\u00edrovc\u016f ma\u010fal\u016f. Ulice z\u00edskala nov\u00fd vzhled, v\u00edce [&hellip;]<\/p>\n","protected":false},"author":9,"featured_media":1688,"comment_status":"open","ping_status":"open","sticky":false,"template":"","format":"standard","meta":{"_acf_changed":false,"inline_featured_image":false,"footnotes":""},"categories":[4],"tags":[],"class_list":["post-1687","post","type-post","status-publish","format-standard","has-post-thumbnail","hentry","category-news"],"acf":[],"aioseo_notices":[],"distributor_meta":false,"distributor_terms":false,"distributor_media":false,"distributor_original_site_name":"Praha6Sob\u011b","distributor_original_site_url":"https:\/\/prahasobe.cz\/praha6sobe","push-errors":false,"_links":{"self":[{"href":"https:\/\/prahasobe.cz\/praha6sobe\/wp-json\/wp\/v2\/posts\/1687","targetHints":{"allow":["GET"]}}],"collection":[{"href":"https:\/\/prahasobe.cz\/praha6sobe\/wp-json\/wp\/v2\/posts"}],"about":[{"href":"https:\/\/prahasobe.cz\/praha6sobe\/wp-json\/wp\/v2\/types\/post"}],"author":[{"embeddable":true,"href":"https:\/\/prahasobe.cz\/praha6sobe\/wp-json\/wp\/v2\/users\/9"}],"replies":[{"embeddable":true,"href":"https:\/\/prahasobe.cz\/praha6sobe\/wp-json\/wp\/v2\/comments?post=1687"}],"version-history":[{"count":2,"href":"https:\/\/prahasobe.cz\/praha6sobe\/wp-json\/wp\/v2\/posts\/1687\/revisions"}],"predecessor-version":[{"id":1794,"href":"https:\/\/prahasobe.cz\/praha6sobe\/wp-json\/wp\/v2\/posts\/1687\/revisions\/1794"}],"wp:featuredmedia":[{"embeddable":true,"href":"https:\/\/prahasobe.cz\/praha6sobe\/wp-json\/wp\/v2\/media\/1688"}],"wp:attachment":[{"href":"https:\/\/prahasobe.cz\/praha6sobe\/wp-json\/wp\/v2\/media?parent=1687"}],"wp:term":[{"taxonomy":"category","embeddable":true,"href":"https:\/\/prahasobe.cz\/praha6sobe\/wp-json\/wp\/v2\/categories?post=1687"},{"taxonomy":"post_tag","embeddable":true,"href":"https:\/\/prahasobe.cz\/praha6sobe\/wp-json\/wp\/v2\/tags?post=1687"}],"curies":[{"name":"wp","href":"https:\/\/api.w.org\/{rel}","templated":true}]}}