{"id":1684,"date":"2026-02-11T14:36:00","date_gmt":"2026-02-11T14:36:00","guid":{"rendered":"https:\/\/prahasobe.cz\/praha6sobe\/?p=1684"},"modified":"2026-04-03T14:41:51","modified_gmt":"2026-04-03T14:41:51","slug":"unorova-sestka-je-venku","status":"publish","type":"post","link":"https:\/\/prahasobe.cz\/praha6sobe\/2026\/02\/11\/unorova-sestka-je-venku\/","title":{"rendered":"\u00danorov\u00e1 \u0160estka je venku"},"content":{"rendered":"\n<p>A \u0159e\u0161\u00ed se energie, \u00faspory a&nbsp;budoucnost m\u011bstsk\u00fdch budov na \u0160estce.<\/p>\n\n\n\n<div style=\"height:20px\" aria-hidden=\"true\" class=\"wp-block-spacer\"><\/div>\n\n\n\n<p>V politick\u00e9 diskusi se tentokr\u00e1t redakce pt\u00e1 na ot\u00e1zku, kter\u00e1 se dot\u00fdk\u00e1 ka\u017ed\u00e9ho z&nbsp;n\u00e1s \u2013 nejen rozpo\u010dtu, ale i&nbsp;toho, jak budou fungovat \u0161koly a&nbsp;ve\u0159ejn\u00e9 budovy v&nbsp;dal\u0161\u00edch letech:\u00a0<\/p>\n\n\n\n<div style=\"height:20px\" aria-hidden=\"true\" class=\"wp-block-spacer\"><\/div>\n\n\n\n<p><strong>Pova\u017eujete 120 milion\u016f na energetick\u00e9 \u00faspory za dobrou investici?<\/strong><\/p>\n\n\n\n<div style=\"height:20px\" aria-hidden=\"true\" class=\"wp-block-spacer\"><\/div>\n\n\n\n<p>Za Prahu 6 sob\u011b odpov\u00edd\u00e1 na\u0161e\u00a0<a href=\"https:\/\/www.facebook.com\/capkovamariana?__tn__=-]K*F\">Mariana \u010capkov\u00e1 &#8211; m\u00edstostarostka Prahy 6<\/a>, kter\u00e1 vysv\u011btluje, pro\u010d d\u00e1v\u00e1 energetick\u00fdm \u00faspor\u00e1m v&nbsp;rozpo\u010dtu na rok 2026 jasnou prioritu:\u00a0<\/p>\n\n\n\n<div style=\"height:20px\" aria-hidden=\"true\" class=\"wp-block-spacer\"><\/div>\n\n\n\n<p>\u201e<em>Energetick\u00e1 \u00fasporn\u00e1 opat\u0159en\u00ed v&nbsp;hodnot\u011b 120 milion\u016f korun, kter\u00e1 jsou p\u0159ipravena v&nbsp;rozpo\u010dtu pro rok 2026, pova\u017euji za velmi dob\u0159e investovan\u00e9 pen\u00edze. Nejde jen o&nbsp;\u00faspory na faktur\u00e1ch za energie, ale p\u0159edev\u0161\u00edm o&nbsp;modernizaci \u0161koln\u00edch budov, kter\u00e9 denn\u011b slou\u017e\u00ed d\u011btem, u\u010ditel\u016fm i&nbsp;dal\u0161\u00edm zam\u011bstnanc\u016fm<\/em>.<\/p>\n\n\n\n<div style=\"height:20px\" aria-hidden=\"true\" class=\"wp-block-spacer\"><\/div>\n\n\n\n<p><em>Letos jde o&nbsp;prvn\u00ed \u010d\u00e1st financov\u00e1n\u00ed, cel\u00fd projekt EPC 1 m\u00e1 ale p\u0159edpokl\u00e1danou hodnotu mezi 350 a&nbsp;400 miliony korun bez DPH. V&nbsp;jeho r\u00e1mci budou instalov\u00e1ny fotovoltaick\u00e9 elektr\u00e1rny a&nbsp;bateriov\u00e1 \u00falo\u017ei\u0161t\u011b, prob\u011bhne v\u00fdm\u011bna osv\u011btlen\u00ed a&nbsp;oken, zavede se rekuperace a&nbsp;modern\u00ed m\u011b\u0159en\u00ed a&nbsp;\u0159\u00edzen\u00ed spot\u0159eby. Ve vybran\u00fdch objektech dopln\u00edme tak\u00e9 syst\u00e9my chlazen\u00ed a&nbsp;vn\u011bj\u0161\u00ed st\u00edn\u011bn\u00ed a&nbsp;tam, kde je to technicky nutn\u00e9, dojde i&nbsp;ke stavebn\u00edm \u00faprav\u00e1m, nap\u0159\u00edklad v&nbsp;mate\u0159sk\u00e9 \u0161kole Juar\u00e9zova.<\/em><\/p>\n\n\n\n<div style=\"height:21px\" aria-hidden=\"true\" class=\"wp-block-spacer\"><\/div>\n\n\n\n<p><em>D\u00edky dota\u010dn\u00ed podpo\u0159e z&nbsp;Moderniza\u010dn\u00edho fondu o\u010dek\u00e1v\u00e1me, \u017ee v\u00fdznamn\u00e1 \u010d\u00e1st n\u00e1klad\u016f, a\u017e 95 milion\u016f korun, bude pokryta z&nbsp;vn\u011bj\u0161\u00edch zdroj\u016f. Projekt z\u00e1rove\u0148 p\u0159ipravuje na\u0161e \u0161koln\u00ed budovy na budouc\u00ed energetickou komunitu, tedy sd\u00edlen\u00ed vyroben\u00e9 elekt\u0159iny mezi jednotliv\u00fdmi objekty. \u00daspory, modernizace, vy\u0161\u0161\u00ed komfort a&nbsp;ohleduplnost k&nbsp;\u017eivotn\u00edmu prost\u0159ed\u00ed \u2014 tato investice d\u00e1v\u00e1 smysl ekonomicky i&nbsp;spole\u010densky.<\/em>\u201c<\/p>\n\n\n\n<div style=\"height:20px\" aria-hidden=\"true\" class=\"wp-block-spacer\"><\/div>\n\n\n\n<p>Co dal\u0161\u00edho v&nbsp;\u00fanorov\u00e9 \u0160estce najdete?<br><img loading=\"lazy\" decoding=\"async\" height=\"16\" width=\"16\" src=\"https:\/\/static.xx.fbcdn.net\/images\/emoji.php\/v9\/tde\/2\/16\/26a1.png\" alt=\"\u26a1\">\u00a0Jak Praha 6 investuje do energetick\u00fdch \u00faspor a&nbsp;\u00fasporn\u00fdch opat\u0159en\u00ed<br><img loading=\"lazy\" decoding=\"async\" height=\"16\" width=\"16\" src=\"https:\/\/static.xx.fbcdn.net\/images\/emoji.php\/v9\/t47\/2\/16\/1f396.png\" alt=\"\ud83c\udf96\ufe0f\">\u00a0Rozhovor s&nbsp;gener\u00e1lem \u0158ehkou<br><img loading=\"lazy\" decoding=\"async\" height=\"16\" width=\"16\" src=\"https:\/\/static.xx.fbcdn.net\/images\/emoji.php\/v9\/t49\/2\/16\/1f4ca.png\" alt=\"\ud83d\udcca\">\u00a0V\u00fdsledky ankety o&nbsp;budoucnosti Centra Baba<br><img loading=\"lazy\" decoding=\"async\" height=\"16\" width=\"16\" src=\"https:\/\/static.xx.fbcdn.net\/images\/emoji.php\/v9\/tc7\/2\/16\/1f3eb.png\" alt=\"\ud83c\udfeb\">\u00a0Informace o&nbsp;letn\u00edm provozu mate\u0159sk\u00fdch \u0161kol<br><img loading=\"lazy\" decoding=\"async\" height=\"16\" width=\"16\" src=\"https:\/\/static.xx.fbcdn.net\/images\/emoji.php\/v9\/t87\/2\/16\/1f693.png\" alt=\"\ud83d\ude93\">\u00a0M\u011bstsk\u00e1 policie p\u0159edstavuje novou j\u00edzdn\u00ed jednotku<\/p>\n\n\n\n<div style=\"height:20px\" aria-hidden=\"true\" class=\"wp-block-spacer\"><\/div>\n\n\n\n<p><img loading=\"lazy\" decoding=\"async\" height=\"16\" width=\"16\" src=\"https:\/\/static.xx.fbcdn.net\/images\/emoji.php\/v9\/t3d\/2\/16\/1f4d6.png\" alt=\"\ud83d\udcd6\">\u00a0Cel\u00e9 \u00fanorov\u00e9 \u010d\u00edslo najdete:<br><a href=\"https:\/\/www.sestka.cz\/?fbclid=IwZXh0bgNhZW0CMTAAYnJpZBEwRVBqSVNEaFB6Z25MdTI2cHNydGMGYXBwX2lkEDIyMjAzOTE3ODgyMDA4OTIAAR6-l4OXGihbjprKRMLYDogRGLnEIl9cZhBwW9i1nq0gnuyqa5nEmmouryF21Q_aem_4EHUD73iDndae_lYW9WIBw\" target=\"_blank\" rel=\"noreferrer noopener\">https:\/\/www.sestka.cz\/<\/a><\/p>\n\n\n\n<div style=\"height:20px\" aria-hidden=\"true\" class=\"wp-block-spacer\"><\/div>\n\n\n\n<p>\u010casopis je tak\u00e9 k&nbsp;dispozici na odb\u011brn\u00fdch m\u00edstech po&nbsp;cel\u00e9 m\u011bstsk\u00e9 \u010d\u00e1sti.<\/p>\n","protected":false},"excerpt":{"rendered":"<p>A \u0159e\u0161\u00ed se energie, \u00faspory a&nbsp;budoucnost m\u011bstsk\u00fdch budov na \u0160estce. V&nbsp;politick\u00e9 diskusi se tentokr\u00e1t redakce pt\u00e1 na ot\u00e1zku, kter\u00e1 se dot\u00fdk\u00e1 ka\u017ed\u00e9ho z&nbsp;n\u00e1s \u2013 nejen rozpo\u010dtu, ale i&nbsp;toho, jak budou fungovat \u0161koly a&nbsp;ve\u0159ejn\u00e9 budovy v&nbsp;dal\u0161\u00edch letech:\u00a0 Pova\u017eujete 120 milion\u016f na energetick\u00e9 \u00faspory za dobrou investici? Za Prahu 6 sob\u011b odpov\u00edd\u00e1 na\u0161e\u00a0Mariana \u010capkov\u00e1 &#8211; m\u00edstostarostka [&hellip;]<\/p>\n","protected":false},"author":9,"featured_media":1685,"comment_status":"open","ping_status":"open","sticky":false,"template":"","format":"standard","meta":{"_acf_changed":false,"inline_featured_image":false,"footnotes":""},"categories":[4],"tags":[],"class_list":["post-1684","post","type-post","status-publish","format-standard","has-post-thumbnail","hentry","category-news"],"acf":[],"aioseo_notices":[],"distributor_meta":false,"distributor_terms":false,"distributor_media":false,"distributor_original_site_name":"Praha6Sob\u011b","distributor_original_site_url":"https:\/\/prahasobe.cz\/praha6sobe","push-errors":false,"_links":{"self":[{"href":"https:\/\/prahasobe.cz\/praha6sobe\/wp-json\/wp\/v2\/posts\/1684","targetHints":{"allow":["GET"]}}],"collection":[{"href":"https:\/\/prahasobe.cz\/praha6sobe\/wp-json\/wp\/v2\/posts"}],"about":[{"href":"https:\/\/prahasobe.cz\/praha6sobe\/wp-json\/wp\/v2\/types\/post"}],"author":[{"embeddable":true,"href":"https:\/\/prahasobe.cz\/praha6sobe\/wp-json\/wp\/v2\/users\/9"}],"replies":[{"embeddable":true,"href":"https:\/\/prahasobe.cz\/praha6sobe\/wp-json\/wp\/v2\/comments?post=1684"}],"version-history":[{"count":1,"href":"https:\/\/prahasobe.cz\/praha6sobe\/wp-json\/wp\/v2\/posts\/1684\/revisions"}],"predecessor-version":[{"id":1686,"href":"https:\/\/prahasobe.cz\/praha6sobe\/wp-json\/wp\/v2\/posts\/1684\/revisions\/1686"}],"wp:featuredmedia":[{"embeddable":true,"href":"https:\/\/prahasobe.cz\/praha6sobe\/wp-json\/wp\/v2\/media\/1685"}],"wp:attachment":[{"href":"https:\/\/prahasobe.cz\/praha6sobe\/wp-json\/wp\/v2\/media?parent=1684"}],"wp:term":[{"taxonomy":"category","embeddable":true,"href":"https:\/\/prahasobe.cz\/praha6sobe\/wp-json\/wp\/v2\/categories?post=1684"},{"taxonomy":"post_tag","embeddable":true,"href":"https:\/\/prahasobe.cz\/praha6sobe\/wp-json\/wp\/v2\/tags?post=1684"}],"curies":[{"name":"wp","href":"https:\/\/api.w.org\/{rel}","templated":true}]}}