{"id":1673,"date":"2026-02-13T14:25:00","date_gmt":"2026-02-13T14:25:00","guid":{"rendered":"https:\/\/prahasobe.cz\/praha6sobe\/?p=1673"},"modified":"2026-04-03T14:36:06","modified_gmt":"2026-04-03T14:36:06","slug":"430-skolaku-objevovalo-svet-vedy-a-techniky","status":"publish","type":"post","link":"https:\/\/prahasobe.cz\/praha6sobe\/2026\/02\/13\/430-skolaku-objevovalo-svet-vedy-a-techniky\/","title":{"rendered":"430 \u0161kol\u00e1k\u016f objevovalo sv\u011bt v\u011bdy a&nbsp;techniky"},"content":{"rendered":"\n<p>Projektov\u00fd den <a href=\"https:\/\/www.facebook.com\/Praha6?__cft__[0]=AZbOu5obALsglvy3NmqOuu7YQW9R_Gx8txrimrqf5r0PV9ze4DGVxvQcd-cZR4W6ILwkpmfCHSH6X_FLc-6ID7BY01TOyXn6wOXvhWdARJsqJeeIvMTjHKw_qCd_q7EC3l-70vPYzEaVKvVkFdzYtEabyxrtXN9FqEhgPA8eiA4IRQ&amp;__tn__=-]K-R\">Praha 6<\/a> na fakult\u00e1ch <a href=\"https:\/\/www.facebook.com\/CVUTPraha?__cft__[0]=AZbOu5obALsglvy3NmqOuu7YQW9R_Gx8txrimrqf5r0PV9ze4DGVxvQcd-cZR4W6ILwkpmfCHSH6X_FLc-6ID7BY01TOyXn6wOXvhWdARJsqJeeIvMTjHKw_qCd_q7EC3l-70vPYzEaVKvVkFdzYtEabyxrtXN9FqEhgPA8eiA4IRQ&amp;__tn__=-]K-R\">\u010cesk\u00e9 vysok\u00e9 u\u010den\u00ed technick\u00e9 v&nbsp;Praze<\/a> se uskute\u010dnil u\u017e pot\u0159et\u00ed \u2013 a&nbsp;op\u011bt potvrdil, jak smyslupln\u00e9 tohle propojen\u00ed \u0161kol a&nbsp;univerzit je. <img loading=\"lazy\" decoding=\"async\" height=\"16\" width=\"16\" src=\"https:\/\/static.xx.fbcdn.net\/images\/emoji.php\/v9\/t9c\/2\/16\/1f64c.png\" alt=\"\ud83d\ude4c\"><\/p>\n\n\n\n<div style=\"height:21px\" aria-hidden=\"true\" class=\"wp-block-spacer\"><\/div>\n\n\n\n<p>Osm\u00e1ci a&nbsp;dev\u00e1\u0165\u00e1ci ze \u0161estkov\u00fdch z\u00e1kladn\u00edch \u0161kol si mohli vyzkou\u0161et v\u011bdu \u00fapln\u011b jinak ne\u017e z&nbsp;u\u010debnic. Nav\u0161t\u00edvili bezodrazovou komoru, pod\u00edvali se do vodohaly, pro\u0161li tropick\u00e9 sklen\u00edky nebo si vyzkou\u0161eli sportovn\u00ed stanovi\u0161t\u011b. Na vlastn\u00ed k\u016f\u017ei tak poznali, jak to na vysok\u00e9 \u0161kole opravdu funguje.<\/p>\n\n\n\n<div style=\"height:20px\" aria-hidden=\"true\" class=\"wp-block-spacer\"><\/div>\n\n\n\n<p>Slavnostn\u00edho zah\u00e1jen\u00ed se z\u00fa\u010dastnila i&nbsp;na\u0161e <a href=\"https:\/\/www.facebook.com\/capkovamariana?__cft__[0]=AZbOu5obALsglvy3NmqOuu7YQW9R_Gx8txrimrqf5r0PV9ze4DGVxvQcd-cZR4W6ILwkpmfCHSH6X_FLc-6ID7BY01TOyXn6wOXvhWdARJsqJeeIvMTjHKw_qCd_q7EC3l-70vPYzEaVKvVkFdzYtEabyxrtXN9FqEhgPA8eiA4IRQ&amp;__tn__=-]K-R\">Mariana \u010capkov\u00e1 &#8211; m\u00edstostarostka Prahy 6<\/a> , kter\u00e1 projekt dlouhodob\u011b podporuje.<\/p>\n\n\n\n<div style=\"height:20px\" aria-hidden=\"true\" class=\"wp-block-spacer\"><\/div>\n\n\n\n<p>\u201eC\u00edlem projektu, kter\u00fd iniciovala m\u011bstsk\u00e1 \u010d\u00e1st Praha 6, je vzbudit v&nbsp;\u017e\u00e1c\u00edch 8.&nbsp;a&nbsp;9.&nbsp;t\u0159\u00edd z\u00e1jem o&nbsp;modern\u00ed technologie, ekonomiku, medic\u00ednu i&nbsp;p\u0159\u00edrodn\u00ed v\u011bdy. Chceme \u017e\u00e1k\u016fm uk\u00e1zat, \u017ee vysok\u00e1 \u0161kola nen\u00ed jen o&nbsp;teorii, ale o&nbsp;fascinuj\u00edc\u00edch inovac\u00edch, kter\u00e9 m\u011bn\u00ed sv\u011bt,\u201c \u0159\u00edk\u00e1 Mariana \u010capkov\u00e1.<\/p>\n\n\n\n<div style=\"height:20px\" aria-hidden=\"true\" class=\"wp-block-spacer\"><\/div>\n\n\n\n<p>Praha 6 m\u00e1 obrovsk\u00e9 \u0161t\u011bst\u00ed, \u017ee je skute\u010dn\u00fdm centrem vzd\u011blanosti. A&nbsp;kdy\u017e d\u011btem otev\u0159eme dve\u0159e do laborato\u0159\u00ed a&nbsp;kampus\u016f, n\u011bkdy sta\u010d\u00ed jedin\u00fd den, aby v&nbsp;nich n\u011bco \u201ecvaklo\u201c. <img loading=\"lazy\" decoding=\"async\" height=\"16\" width=\"16\" src=\"https:\/\/static.xx.fbcdn.net\/images\/emoji.php\/v9\/tdb\/2\/16\/1f4a1.png\" alt=\"\ud83d\udca1\"><\/p>\n\n\n\n<div style=\"height:20px\" aria-hidden=\"true\" class=\"wp-block-spacer\"><\/div>\n\n\n\n<p>\u201eZapojen\u00ed dal\u0161\u00edch vysok\u00fdch \u0161kol do projektu je skv\u011blou zpr\u00e1vou pro na\u0161e \u017e\u00e1ky. Ukazuje jim, \u017ee Praha 6 je skute\u010dn\u00fdm centrem vzd\u011blanosti a&nbsp;nab\u00edz\u00ed nep\u0159ebern\u00e9 mno\u017estv\u00ed cest, kter\u00fdmi se v&nbsp;budoucnu mohou vydat,\u201c uzav\u00edr\u00e1 Mariana \u010capkov\u00e1.<\/p>\n\n\n\n<div style=\"height:20px\" aria-hidden=\"true\" class=\"wp-block-spacer\"><\/div>\n\n\n\n<p>V leto\u0161n\u00edm ro\u010dn\u00edku se k&nbsp;tradi\u010dn\u011b zapojen\u00fdm fakult\u00e1m <a href=\"https:\/\/www.facebook.com\/CVUTPraha?__cft__[0]=AZbOu5obALsglvy3NmqOuu7YQW9R_Gx8txrimrqf5r0PV9ze4DGVxvQcd-cZR4W6ILwkpmfCHSH6X_FLc-6ID7BY01TOyXn6wOXvhWdARJsqJeeIvMTjHKw_qCd_q7EC3l-70vPYzEaVKvVkFdzYtEabyxrtXN9FqEhgPA8eiA4IRQ&amp;__tn__=-]K-R\">\u010cesk\u00e9 vysok\u00e9 u\u010den\u00ed technick\u00e9 v&nbsp;Praze<\/a> poprv\u00e9 p\u0159ipojila tak\u00e9 Fakulta t\u011blesn\u00e9 v\u00fdchovy a&nbsp;sportu <a href=\"https:\/\/www.facebook.com\/UniverzitaKarlova?__cft__[0]=AZbOu5obALsglvy3NmqOuu7YQW9R_Gx8txrimrqf5r0PV9ze4DGVxvQcd-cZR4W6ILwkpmfCHSH6X_FLc-6ID7BY01TOyXn6wOXvhWdARJsqJeeIvMTjHKw_qCd_q7EC3l-70vPYzEaVKvVkFdzYtEabyxrtXN9FqEhgPA8eiA4IRQ&amp;__tn__=-]K-R\">Univerzita Karlova<\/a> a&nbsp;Fakulta tropick\u00e9ho zem\u011bd\u011blstv\u00ed <a href=\"https:\/\/www.facebook.com\/CZUvPraze?__cft__[0]=AZbOu5obALsglvy3NmqOuu7YQW9R_Gx8txrimrqf5r0PV9ze4DGVxvQcd-cZR4W6ILwkpmfCHSH6X_FLc-6ID7BY01TOyXn6wOXvhWdARJsqJeeIvMTjHKw_qCd_q7EC3l-70vPYzEaVKvVkFdzYtEabyxrtXN9FqEhgPA8eiA4IRQ&amp;__tn__=-]K-R\">\u010cesk\u00e1 zem\u011bd\u011blsk\u00e1 univerzita v&nbsp;Praze<\/a> . Projektov\u00fd den tak prob\u00edhal v&nbsp;dejvick\u00e9m kampusu \u010cVUT, na Albertov\u011b (FTVS UK), ve Veleslav\u00edn\u011b, na Suchdole (\u010cZU) i&nbsp;na Fakult\u011b biomedic\u00ednsk\u00e9ho in\u017een\u00fdrstv\u00ed v&nbsp;Kladn\u011b. D\u011bti si d\u00edky tomu mohly vyzkou\u0161et r\u016fzn\u00e9 obory na n\u011bkolika univerzitn\u00edch pracovi\u0161t\u00edch nap\u0159\u00ed\u010d Prahou i&nbsp;mimo ni.<\/p>\n\n\n\n<div style=\"height:20px\" aria-hidden=\"true\" class=\"wp-block-spacer\"><\/div>\n\n\n\n<p>D\u011bkujeme v\u0161em zapojen\u00fdm univerzit\u00e1m, pedagog\u016fm i&nbsp;organiz\u00e1tor\u016fm za spolupr\u00e1ci. A&nbsp;dr\u017e\u00edme palce \u2013 t\u0159eba mezi dne\u0161n\u00edmi \u00fa\u010dastn\u00edky sed\u011bli budouc\u00ed v\u011bdci, l\u00e9ka\u0159i, in\u017een\u00fd\u0159i nebo sportovn\u00ed odborn\u00edci. <img loading=\"lazy\" decoding=\"async\" height=\"16\" width=\"16\" src=\"https:\/\/static.xx.fbcdn.net\/images\/emoji.php\/v9\/tb4\/2\/16\/1f49b.png\" alt=\"\ud83d\udc9b\"><\/p>\n\n\n\n<div style=\"height:20px\" aria-hidden=\"true\" class=\"wp-block-spacer\"><\/div>\n\n\n\n<p>Zdroj fotografie: <a href=\"http:\/\/media.cvut.cz\/?fbclid=IwZXh0bgNhZW0CMTAAYnJpZBEwRVBqSVNEaFB6Z25MdTI2cHNydGMGYXBwX2lkEDIyMjAzOTE3ODgyMDA4OTIAAR69JSVCwTFVQusSjSE1KftHbQqlFzpPI97pd0Q3QUcqycaGbTGVqeXQgwrl-w_aem_xW-NUnRIzFJeHzpCtsyhMw\" target=\"_blank\" rel=\"noreferrer noopener\">media.cvut.cz<\/a><\/p>\n\n\n\n<div style=\"height:20px\" aria-hidden=\"true\" class=\"wp-block-spacer\"><\/div>\n\n\n\n<p><\/p>\n\n\n\n<figure class=\"wp-block-gallery has-nested-images columns-default is-cropped wp-block-gallery-1 is-layout-flex wp-block-gallery-is-layout-flex\">\n<figure class=\"wp-block-image size-large\"><img loading=\"lazy\" decoding=\"async\" width=\"2048\" height=\"1365\" data-id=\"1675\" src=\"http:\/\/prahasobe.cz\/praha6sobe\/wp-content\/uploads\/sites\/5\/2026\/04\/633115167_900625452556886_1765334453567418494_n.jpg\" alt=\"\" class=\"wp-image-1675\" srcset=\"https:\/\/prahasobe.cz\/praha6sobe\/wp-content\/uploads\/sites\/5\/2026\/04\/633115167_900625452556886_1765334453567418494_n.jpg 2048w, https:\/\/prahasobe.cz\/praha6sobe\/wp-content\/uploads\/sites\/5\/2026\/04\/633115167_900625452556886_1765334453567418494_n-300x200.jpg 300w, https:\/\/prahasobe.cz\/praha6sobe\/wp-content\/uploads\/sites\/5\/2026\/04\/633115167_900625452556886_1765334453567418494_n-1024x683.jpg 1024w, https:\/\/prahasobe.cz\/praha6sobe\/wp-content\/uploads\/sites\/5\/2026\/04\/633115167_900625452556886_1765334453567418494_n-768x512.jpg 768w, https:\/\/prahasobe.cz\/praha6sobe\/wp-content\/uploads\/sites\/5\/2026\/04\/633115167_900625452556886_1765334453567418494_n-1536x1024.jpg 1536w\" sizes=\"auto, (max-width: 2048px) 100vw, 2048px\" \/><\/figure>\n\n\n\n<figure class=\"wp-block-image size-large\"><img loading=\"lazy\" decoding=\"async\" width=\"1280\" height=\"960\" data-id=\"1676\" src=\"http:\/\/prahasobe.cz\/praha6sobe\/wp-content\/uploads\/sites\/5\/2026\/04\/633480254_900625072556924_6600600745782831184_n.jpg\" alt=\"Projektov\u00fd den Praha 6 na \u010cVUT \u2013 \u0161kol\u00e1ci objevuj\u00ed v\u011bdu a technologie\" class=\"wp-image-1676\" srcset=\"https:\/\/prahasobe.cz\/praha6sobe\/wp-content\/uploads\/sites\/5\/2026\/04\/633480254_900625072556924_6600600745782831184_n.jpg 1280w, https:\/\/prahasobe.cz\/praha6sobe\/wp-content\/uploads\/sites\/5\/2026\/04\/633480254_900625072556924_6600600745782831184_n-300x225.jpg 300w, https:\/\/prahasobe.cz\/praha6sobe\/wp-content\/uploads\/sites\/5\/2026\/04\/633480254_900625072556924_6600600745782831184_n-1024x768.jpg 1024w, https:\/\/prahasobe.cz\/praha6sobe\/wp-content\/uploads\/sites\/5\/2026\/04\/633480254_900625072556924_6600600745782831184_n-768x576.jpg 768w\" sizes=\"auto, (max-width: 1280px) 100vw, 1280px\" \/><\/figure>\n\n\n\n<figure class=\"wp-block-image size-large\"><img loading=\"lazy\" decoding=\"async\" width=\"2048\" height=\"1365\" data-id=\"1677\" src=\"http:\/\/prahasobe.cz\/praha6sobe\/wp-content\/uploads\/sites\/5\/2026\/04\/634127812_900625219223576_8881466766014399157_n.jpg\" alt=\"Projektov\u00fd den Praha 6 na \u010cVUT \u2013 \u0161kol\u00e1ci objevuj\u00ed v\u011bdu a technologie\" class=\"wp-image-1677\" srcset=\"https:\/\/prahasobe.cz\/praha6sobe\/wp-content\/uploads\/sites\/5\/2026\/04\/634127812_900625219223576_8881466766014399157_n.jpg 2048w, https:\/\/prahasobe.cz\/praha6sobe\/wp-content\/uploads\/sites\/5\/2026\/04\/634127812_900625219223576_8881466766014399157_n-300x200.jpg 300w, https:\/\/prahasobe.cz\/praha6sobe\/wp-content\/uploads\/sites\/5\/2026\/04\/634127812_900625219223576_8881466766014399157_n-1024x683.jpg 1024w, https:\/\/prahasobe.cz\/praha6sobe\/wp-content\/uploads\/sites\/5\/2026\/04\/634127812_900625219223576_8881466766014399157_n-768x512.jpg 768w, https:\/\/prahasobe.cz\/praha6sobe\/wp-content\/uploads\/sites\/5\/2026\/04\/634127812_900625219223576_8881466766014399157_n-1536x1024.jpg 1536w\" sizes=\"auto, (max-width: 2048px) 100vw, 2048px\" \/><\/figure>\n\n\n\n<figure class=\"wp-block-image size-large\"><img loading=\"lazy\" decoding=\"async\" width=\"1280\" height=\"853\" data-id=\"1678\" src=\"http:\/\/prahasobe.cz\/praha6sobe\/wp-content\/uploads\/sites\/5\/2026\/04\/634132195_900625102556921_2720691404362871400_n.jpg\" alt=\"Projektov\u00fd den Praha 6 na \u010cVUT \u2013 \u0161kol\u00e1ci objevuj\u00ed v\u011bdu a technologie\" class=\"wp-image-1678\" srcset=\"https:\/\/prahasobe.cz\/praha6sobe\/wp-content\/uploads\/sites\/5\/2026\/04\/634132195_900625102556921_2720691404362871400_n.jpg 1280w, https:\/\/prahasobe.cz\/praha6sobe\/wp-content\/uploads\/sites\/5\/2026\/04\/634132195_900625102556921_2720691404362871400_n-300x200.jpg 300w, https:\/\/prahasobe.cz\/praha6sobe\/wp-content\/uploads\/sites\/5\/2026\/04\/634132195_900625102556921_2720691404362871400_n-1024x682.jpg 1024w, https:\/\/prahasobe.cz\/praha6sobe\/wp-content\/uploads\/sites\/5\/2026\/04\/634132195_900625102556921_2720691404362871400_n-768x512.jpg 768w\" sizes=\"auto, (max-width: 1280px) 100vw, 1280px\" \/><\/figure>\n\n\n\n<figure class=\"wp-block-image size-large\"><img loading=\"lazy\" decoding=\"async\" width=\"1280\" height=\"960\" data-id=\"1679\" src=\"http:\/\/prahasobe.cz\/praha6sobe\/wp-content\/uploads\/sites\/5\/2026\/04\/634135909_900625155890249_2810228058910486964_n.jpg\" alt=\"Projektov\u00fd den Praha 6 na \u010cVUT \u2013 \u0161kol\u00e1ci objevuj\u00ed v\u011bdu a technologie\" class=\"wp-image-1679\" srcset=\"https:\/\/prahasobe.cz\/praha6sobe\/wp-content\/uploads\/sites\/5\/2026\/04\/634135909_900625155890249_2810228058910486964_n.jpg 1280w, https:\/\/prahasobe.cz\/praha6sobe\/wp-content\/uploads\/sites\/5\/2026\/04\/634135909_900625155890249_2810228058910486964_n-300x225.jpg 300w, https:\/\/prahasobe.cz\/praha6sobe\/wp-content\/uploads\/sites\/5\/2026\/04\/634135909_900625155890249_2810228058910486964_n-1024x768.jpg 1024w, https:\/\/prahasobe.cz\/praha6sobe\/wp-content\/uploads\/sites\/5\/2026\/04\/634135909_900625155890249_2810228058910486964_n-768x576.jpg 768w\" sizes=\"auto, (max-width: 1280px) 100vw, 1280px\" \/><\/figure>\n\n\n\n<figure class=\"wp-block-image size-large\"><img loading=\"lazy\" decoding=\"async\" width=\"2048\" height=\"1365\" data-id=\"1680\" src=\"http:\/\/prahasobe.cz\/praha6sobe\/wp-content\/uploads\/sites\/5\/2026\/04\/634191737_900625332556898_5944052063359164183_n.jpg\" alt=\"Projektov\u00fd den Praha 6 na \u010cVUT \u2013 \u0161kol\u00e1ci objevuj\u00ed v\u011bdu a technologie\" class=\"wp-image-1680\" srcset=\"https:\/\/prahasobe.cz\/praha6sobe\/wp-content\/uploads\/sites\/5\/2026\/04\/634191737_900625332556898_5944052063359164183_n.jpg 2048w, https:\/\/prahasobe.cz\/praha6sobe\/wp-content\/uploads\/sites\/5\/2026\/04\/634191737_900625332556898_5944052063359164183_n-300x200.jpg 300w, https:\/\/prahasobe.cz\/praha6sobe\/wp-content\/uploads\/sites\/5\/2026\/04\/634191737_900625332556898_5944052063359164183_n-1024x683.jpg 1024w, https:\/\/prahasobe.cz\/praha6sobe\/wp-content\/uploads\/sites\/5\/2026\/04\/634191737_900625332556898_5944052063359164183_n-768x512.jpg 768w, https:\/\/prahasobe.cz\/praha6sobe\/wp-content\/uploads\/sites\/5\/2026\/04\/634191737_900625332556898_5944052063359164183_n-1536x1024.jpg 1536w\" sizes=\"auto, (max-width: 2048px) 100vw, 2048px\" \/><\/figure>\n\n\n\n<figure class=\"wp-block-image size-large\"><img loading=\"lazy\" decoding=\"async\" width=\"2048\" height=\"1365\" data-id=\"1681\" src=\"http:\/\/prahasobe.cz\/praha6sobe\/wp-content\/uploads\/sites\/5\/2026\/04\/634221030_900625402556891_4645337313079904294_n.jpg\" alt=\"Projektov\u00fd den Praha 6 na \u010cVUT \u2013 \u0161kol\u00e1ci objevuj\u00ed v\u011bdu a technologie\" class=\"wp-image-1681\" srcset=\"https:\/\/prahasobe.cz\/praha6sobe\/wp-content\/uploads\/sites\/5\/2026\/04\/634221030_900625402556891_4645337313079904294_n.jpg 2048w, https:\/\/prahasobe.cz\/praha6sobe\/wp-content\/uploads\/sites\/5\/2026\/04\/634221030_900625402556891_4645337313079904294_n-300x200.jpg 300w, https:\/\/prahasobe.cz\/praha6sobe\/wp-content\/uploads\/sites\/5\/2026\/04\/634221030_900625402556891_4645337313079904294_n-1024x683.jpg 1024w, https:\/\/prahasobe.cz\/praha6sobe\/wp-content\/uploads\/sites\/5\/2026\/04\/634221030_900625402556891_4645337313079904294_n-768x512.jpg 768w, https:\/\/prahasobe.cz\/praha6sobe\/wp-content\/uploads\/sites\/5\/2026\/04\/634221030_900625402556891_4645337313079904294_n-1536x1024.jpg 1536w\" sizes=\"auto, (max-width: 2048px) 100vw, 2048px\" \/><\/figure>\n\n\n\n<figure class=\"wp-block-image size-large\"><img loading=\"lazy\" decoding=\"async\" width=\"2048\" height=\"1365\" data-id=\"1682\" src=\"http:\/\/prahasobe.cz\/praha6sobe\/wp-content\/uploads\/sites\/5\/2026\/04\/634661272_900625282556903_4688458509986520037_n.jpg\" alt=\"Projektov\u00fd den Praha 6 na \u010cVUT \u2013 \u0161kol\u00e1ci objevuj\u00ed v\u011bdu a technologie\" class=\"wp-image-1682\" srcset=\"https:\/\/prahasobe.cz\/praha6sobe\/wp-content\/uploads\/sites\/5\/2026\/04\/634661272_900625282556903_4688458509986520037_n.jpg 2048w, https:\/\/prahasobe.cz\/praha6sobe\/wp-content\/uploads\/sites\/5\/2026\/04\/634661272_900625282556903_4688458509986520037_n-300x200.jpg 300w, https:\/\/prahasobe.cz\/praha6sobe\/wp-content\/uploads\/sites\/5\/2026\/04\/634661272_900625282556903_4688458509986520037_n-1024x683.jpg 1024w, https:\/\/prahasobe.cz\/praha6sobe\/wp-content\/uploads\/sites\/5\/2026\/04\/634661272_900625282556903_4688458509986520037_n-768x512.jpg 768w, https:\/\/prahasobe.cz\/praha6sobe\/wp-content\/uploads\/sites\/5\/2026\/04\/634661272_900625282556903_4688458509986520037_n-1536x1024.jpg 1536w\" sizes=\"auto, (max-width: 2048px) 100vw, 2048px\" \/><\/figure>\n<\/figure>\n","protected":false},"excerpt":{"rendered":"<p>Projektov\u00fd den Praha 6 na fakult\u00e1ch \u010cesk\u00e9 vysok\u00e9 u\u010den\u00ed technick\u00e9 v&nbsp;Praze se uskute\u010dnil u\u017e pot\u0159et\u00ed \u2013 a&nbsp;op\u011bt potvrdil, jak smyslupln\u00e9 tohle propojen\u00ed \u0161kol a&nbsp;univerzit je. Osm\u00e1ci a&nbsp;dev\u00e1\u0165\u00e1ci ze \u0161estkov\u00fdch z\u00e1kladn\u00edch \u0161kol si mohli vyzkou\u0161et v\u011bdu \u00fapln\u011b jinak ne\u017e z&nbsp;u\u010debnic. Nav\u0161t\u00edvili bezodrazovou komoru, pod\u00edvali se do vodohaly, pro\u0161li tropick\u00e9 sklen\u00edky nebo si vyzkou\u0161eli sportovn\u00ed stanovi\u0161t\u011b. Na [&hellip;]<\/p>\n","protected":false},"author":9,"featured_media":1674,"comment_status":"open","ping_status":"open","sticky":false,"template":"","format":"standard","meta":{"_acf_changed":false,"inline_featured_image":false,"footnotes":""},"categories":[4],"tags":[],"class_list":["post-1673","post","type-post","status-publish","format-standard","has-post-thumbnail","hentry","category-news"],"acf":[],"aioseo_notices":[],"distributor_meta":false,"distributor_terms":false,"distributor_media":false,"distributor_original_site_name":"Praha6Sob\u011b","distributor_original_site_url":"https:\/\/prahasobe.cz\/praha6sobe","push-errors":false,"_links":{"self":[{"href":"https:\/\/prahasobe.cz\/praha6sobe\/wp-json\/wp\/v2\/posts\/1673","targetHints":{"allow":["GET"]}}],"collection":[{"href":"https:\/\/prahasobe.cz\/praha6sobe\/wp-json\/wp\/v2\/posts"}],"about":[{"href":"https:\/\/prahasobe.cz\/praha6sobe\/wp-json\/wp\/v2\/types\/post"}],"author":[{"embeddable":true,"href":"https:\/\/prahasobe.cz\/praha6sobe\/wp-json\/wp\/v2\/users\/9"}],"replies":[{"embeddable":true,"href":"https:\/\/prahasobe.cz\/praha6sobe\/wp-json\/wp\/v2\/comments?post=1673"}],"version-history":[{"count":1,"href":"https:\/\/prahasobe.cz\/praha6sobe\/wp-json\/wp\/v2\/posts\/1673\/revisions"}],"predecessor-version":[{"id":1683,"href":"https:\/\/prahasobe.cz\/praha6sobe\/wp-json\/wp\/v2\/posts\/1673\/revisions\/1683"}],"wp:featuredmedia":[{"embeddable":true,"href":"https:\/\/prahasobe.cz\/praha6sobe\/wp-json\/wp\/v2\/media\/1674"}],"wp:attachment":[{"href":"https:\/\/prahasobe.cz\/praha6sobe\/wp-json\/wp\/v2\/media?parent=1673"}],"wp:term":[{"taxonomy":"category","embeddable":true,"href":"https:\/\/prahasobe.cz\/praha6sobe\/wp-json\/wp\/v2\/categories?post=1673"},{"taxonomy":"post_tag","embeddable":true,"href":"https:\/\/prahasobe.cz\/praha6sobe\/wp-json\/wp\/v2\/tags?post=1673"}],"curies":[{"name":"wp","href":"https:\/\/api.w.org\/{rel}","templated":true}]}}