{"id":1670,"date":"2026-02-16T14:20:00","date_gmt":"2026-02-16T14:20:00","guid":{"rendered":"https:\/\/prahasobe.cz\/praha6sobe\/?p=1670"},"modified":"2026-04-03T14:24:53","modified_gmt":"2026-04-03T14:24:53","slug":"sance-do-skol-je-zpet","status":"publish","type":"post","link":"https:\/\/prahasobe.cz\/praha6sobe\/2026\/02\/16\/sance-do-skol-je-zpet\/","title":{"rendered":"\u0160ance do \u0161kol je zp\u011bt"},"content":{"rendered":"\n<p>\u017d\u00e1ci op\u011bt rozhoduj\u00ed, jak vylep\u0161it svou \u0161kolu!<\/p>\n\n\n\n<div style=\"height:20px\" aria-hidden=\"true\" class=\"wp-block-spacer\"><\/div>\n\n\n\n<p>Projekt \u0160ance do \u0161kol se letos znovu vrac\u00ed do z\u00e1kladn\u00edch \u0161kol na Praze 6. Jde o&nbsp;speci\u00e1ln\u00ed formu participativn\u00edho rozpo\u010dtov\u00e1n\u00ed p\u0159izp\u016fsobenou d\u011btem, d\u00edky kter\u00e9 mohou \u017e\u00e1ci sami navrhovat zm\u011bny ve sv\u00e9m \u0161koln\u00edm prost\u0159ed\u00ed a&nbsp;rozhodovat o&nbsp;tom, co se ve \u0161kole zlep\u0161\u00ed.<\/p>\n\n\n\n<div style=\"height:20px\" aria-hidden=\"true\" class=\"wp-block-spacer\"><\/div>\n\n\n\n<p>Heslo leto\u0161n\u00edho ro\u010dn\u00edku je jasn\u00e9: Navrhuj. Hlasuj. M\u011b\u0148 svou \u0161kolu!<\/p>\n\n\n\n<div style=\"height:20px\" aria-hidden=\"true\" class=\"wp-block-spacer\"><\/div>\n\n\n\n<p>D\u011bti v&nbsp;r\u00e1mci projektu p\u0159ich\u00e1zej\u00ed s&nbsp;vlastn\u00edmi n\u00e1pady, p\u0159edstavuj\u00ed je spolu\u017e\u00e1k\u016fm, vedou diskusi, u\u010d\u00ed se argumentovat a&nbsp;z\u00edsk\u00e1vat podporu pro sv\u00e9 n\u00e1vrhy. \u0160ance do \u0161kol tak nen\u00ed jen o&nbsp;v\u00fdsledn\u00fdch \u00faprav\u00e1ch \u0161koly, ale hlavn\u011b o&nbsp;tom, \u017ee \u017e\u00e1ci z\u00edsk\u00e1vaj\u00ed praktick\u00e9 zku\u0161enosti od pl\u00e1nov\u00e1n\u00ed p\u0159es komunikaci a\u017e po&nbsp;pr\u00e1ci s&nbsp;financemi.<\/p>\n\n\n\n<div style=\"height:20px\" aria-hidden=\"true\" class=\"wp-block-spacer\"><\/div>\n\n\n\n<p><img loading=\"lazy\" decoding=\"async\" height=\"16\" width=\"16\" src=\"https:\/\/static.xx.fbcdn.net\/images\/emoji.php\/v9\/t9a\/2\/16\/1f5e3.png\" alt=\"\ud83d\udde3\ufe0f\">\u00a0\u201eProjekt inspiruje celou \u0161kolu. Vede ke spolupr\u00e1ci, dialogu, aktivn\u00edmu zapojen\u00ed. U\u010d\u00ed \u017e\u00e1ky srozumiteln\u011b a&nbsp;sebev\u011bdom\u011b prosazovat sv\u00e9 n\u00e1zory,\u201c dod\u00e1v\u00e1 na\u0161e\u00a0<a href=\"https:\/\/www.facebook.com\/capkovamariana?__tn__=-]K*F\">Mariana \u010capkov\u00e1 &#8211; m\u00edstostarostka Prahy 6<\/a>\u00a0za oblast \u0161kolstv\u00ed.<\/p>\n\n\n\n<div style=\"height:20px\" aria-hidden=\"true\" class=\"wp-block-spacer\"><\/div>\n\n\n\n<p><img loading=\"lazy\" decoding=\"async\" height=\"16\" width=\"16\" src=\"https:\/\/static.xx.fbcdn.net\/images\/emoji.php\/v9\/tdb\/2\/16\/1f4a1.png\" alt=\"\ud83d\udca1\">\u00a0Na fotce m\u016f\u017eete vid\u011bt jeden z&nbsp;\u00fasp\u011b\u0161n\u011b realizovan\u00fdch projekt\u016f z&nbsp;minul\u00e9ho ro\u010dn\u00edku, konkr\u00e9tn\u011b na Z\u0160 Pet\u0159iny sever, kde si \u017e\u00e1ci sami navrhli relaxa\u010dn\u00ed prostor a&nbsp;spole\u010dn\u011b s&nbsp;rodi\u010di a&nbsp;\u0161koln\u00edm t\u00fdmem ho o&nbsp;v\u00edkendu tak\u00e9 zrealizovali. V\u00fdsledkem je kr\u00e1sn\u00e1 o\u00e1za klidu p\u0159\u00edmo v&nbsp;srdci \u0161koly.<\/p>\n\n\n\n<div style=\"height:20px\" aria-hidden=\"true\" class=\"wp-block-spacer\"><\/div>\n\n\n\n<p><img loading=\"lazy\" decoding=\"async\" height=\"16\" width=\"16\" src=\"https:\/\/static.xx.fbcdn.net\/images\/emoji.php\/v9\/t4b\/2\/16\/1f4cc.png\" alt=\"\ud83d\udccc\">M\u011bstsk\u00e1 \u010d\u00e1st Praha 6 letos na realizaci v\u00edt\u011bzn\u00fdch n\u00e1vrh\u016f vy\u010dlenila celkem 2 miliony korun. Do projektu se zapoj\u00ed 15 z\u00e1kladn\u00edch \u0161kol, jejich\u017e z\u0159izovatelem je Praha 6. Informace o&nbsp;pr\u016fb\u011bhu projektu i&nbsp;jednotliv\u00e9 n\u00e1vrhy budou postupn\u011b zve\u0159ej\u0148ov\u00e1ny na webov\u00fdch str\u00e1nk\u00e1ch zapojen\u00fdch \u0161kol.<\/p>\n\n\n\n<div style=\"height:20px\" aria-hidden=\"true\" class=\"wp-block-spacer\"><\/div>\n\n\n\n<p>\u0160ance do \u0161kol ukazuje, \u017ee i&nbsp;d\u011bti mohou b\u00fdt aktivn\u00ed sou\u010d\u00e1st\u00ed rozhodov\u00e1n\u00ed a&nbsp;\u017ee jejich n\u00e1pady stoj\u00ed za to sly\u0161et.&nbsp;<img loading=\"lazy\" decoding=\"async\" height=\"16\" width=\"16\" alt=\"\ud83c\udfeb\" src=\"https:\/\/static.xx.fbcdn.net\/images\/emoji.php\/v9\/tc7\/2\/16\/1f3eb.png\"><\/p>\n","protected":false},"excerpt":{"rendered":"<p>\u017d\u00e1ci op\u011bt rozhoduj\u00ed, jak vylep\u0161it svou \u0161kolu! Projekt \u0160ance do \u0161kol se letos znovu vrac\u00ed do z\u00e1kladn\u00edch \u0161kol na Praze 6. Jde o&nbsp;speci\u00e1ln\u00ed formu participativn\u00edho rozpo\u010dtov\u00e1n\u00ed p\u0159izp\u016fsobenou d\u011btem, d\u00edky kter\u00e9 mohou \u017e\u00e1ci sami navrhovat zm\u011bny ve sv\u00e9m \u0161koln\u00edm prost\u0159ed\u00ed a&nbsp;rozhodovat o&nbsp;tom, co se ve \u0161kole zlep\u0161\u00ed. Heslo leto\u0161n\u00edho ro\u010dn\u00edku je jasn\u00e9: Navrhuj. Hlasuj. M\u011b\u0148 svou [&hellip;]<\/p>\n","protected":false},"author":9,"featured_media":1671,"comment_status":"open","ping_status":"open","sticky":false,"template":"","format":"standard","meta":{"_acf_changed":false,"inline_featured_image":false,"footnotes":""},"categories":[4],"tags":[],"class_list":["post-1670","post","type-post","status-publish","format-standard","has-post-thumbnail","hentry","category-news"],"acf":[],"aioseo_notices":[],"distributor_meta":false,"distributor_terms":false,"distributor_media":false,"distributor_original_site_name":"Praha6Sob\u011b","distributor_original_site_url":"https:\/\/prahasobe.cz\/praha6sobe","push-errors":false,"_links":{"self":[{"href":"https:\/\/prahasobe.cz\/praha6sobe\/wp-json\/wp\/v2\/posts\/1670","targetHints":{"allow":["GET"]}}],"collection":[{"href":"https:\/\/prahasobe.cz\/praha6sobe\/wp-json\/wp\/v2\/posts"}],"about":[{"href":"https:\/\/prahasobe.cz\/praha6sobe\/wp-json\/wp\/v2\/types\/post"}],"author":[{"embeddable":true,"href":"https:\/\/prahasobe.cz\/praha6sobe\/wp-json\/wp\/v2\/users\/9"}],"replies":[{"embeddable":true,"href":"https:\/\/prahasobe.cz\/praha6sobe\/wp-json\/wp\/v2\/comments?post=1670"}],"version-history":[{"count":1,"href":"https:\/\/prahasobe.cz\/praha6sobe\/wp-json\/wp\/v2\/posts\/1670\/revisions"}],"predecessor-version":[{"id":1672,"href":"https:\/\/prahasobe.cz\/praha6sobe\/wp-json\/wp\/v2\/posts\/1670\/revisions\/1672"}],"wp:featuredmedia":[{"embeddable":true,"href":"https:\/\/prahasobe.cz\/praha6sobe\/wp-json\/wp\/v2\/media\/1671"}],"wp:attachment":[{"href":"https:\/\/prahasobe.cz\/praha6sobe\/wp-json\/wp\/v2\/media?parent=1670"}],"wp:term":[{"taxonomy":"category","embeddable":true,"href":"https:\/\/prahasobe.cz\/praha6sobe\/wp-json\/wp\/v2\/categories?post=1670"},{"taxonomy":"post_tag","embeddable":true,"href":"https:\/\/prahasobe.cz\/praha6sobe\/wp-json\/wp\/v2\/tags?post=1670"}],"curies":[{"name":"wp","href":"https:\/\/api.w.org\/{rel}","templated":true}]}}