{"id":1667,"date":"2026-02-17T14:06:00","date_gmt":"2026-02-17T14:06:00","guid":{"rendered":"https:\/\/prahasobe.cz\/praha6sobe\/?p=1667"},"modified":"2026-04-03T14:19:57","modified_gmt":"2026-04-03T14:19:57","slug":"nove-misto-kde-se-potkavaji-generace","status":"publish","type":"post","link":"https:\/\/prahasobe.cz\/praha6sobe\/2026\/02\/17\/nove-misto-kde-se-potkavaji-generace\/","title":{"rendered":"Nov\u00e9 m\u00edsto, kde se potk\u00e1vaj\u00ed generace"},"content":{"rendered":"\n<p>V prostor\u00e1ch b\u00fdval\u00e9ho Caf\u00e9 Jir\u00e1sek v&nbsp;Evropsk\u00e9 ulici vzniklo nov\u00e9 mezigenera\u010dn\u00ed centrum Letokruh. Je ur\u010den\u00e9 senior\u016fm, d\u011btem i&nbsp;dosp\u011bl\u00fdm a&nbsp;jeho c\u00edlem je propojovat generace, posilovat sousedsk\u00e9 vztahy a&nbsp;nab\u00eddnout smyslupln\u00e9 aktivity v\u0161em, kdo cht\u011bj\u00ed b\u00fdt sou\u010d\u00e1st\u00ed \u017eiv\u00e9 komunity.<\/p>\n\n\n\n<div style=\"height:19px\" aria-hidden=\"true\" class=\"wp-block-spacer\"><\/div>\n\n\n\n<p>Centrum slou\u017e\u00ed jako m\u00edsto setk\u00e1v\u00e1n\u00ed, sd\u00edlen\u00ed zku\u0161enost\u00ed a&nbsp;spole\u010dn\u011b str\u00e1ven\u00e9ho \u010dasu. Prob\u00edhaj\u00ed zde programy pro d\u011bti, mezigenera\u010dn\u00ed aktivity, vzd\u011bl\u00e1v\u00e1n\u00ed i&nbsp;zapojen\u00ed dobrovoln\u00edk\u016f. Nejde jen o&nbsp;pomoc druh\u00fdm, ale tak\u00e9 o&nbsp;radost z&nbsp;kontaktu, rozhovor\u016f a&nbsp;oby\u010dejn\u00e9 lidsk\u00e9 bl\u00edzkosti.<\/p>\n\n\n\n<div style=\"height:21px\" aria-hidden=\"true\" class=\"wp-block-spacer\"><\/div>\n\n\n\n<p><img loading=\"lazy\" decoding=\"async\" height=\"16\" width=\"16\" src=\"https:\/\/static.xx.fbcdn.net\/images\/emoji.php\/v9\/t64\/2\/16\/1f90d.png\" alt=\"\ud83e\udd0d\">\u00a0Chcete b\u00fdt sou\u010d\u00e1st\u00ed n\u011b\u010deho, co d\u00e1v\u00e1 smysl?<\/p>\n\n\n\n<div style=\"height:20px\" aria-hidden=\"true\" class=\"wp-block-spacer\"><\/div>\n\n\n\n<p>Mezigenera\u010dn\u00ed centrum Letokruh na Bo\u0159islavce je otev\u0159en\u00e9 v\u0161em, kdo maj\u00ed chu\u0165 v\u011bnovat trochu sv\u00e9ho \u010dasu druh\u00fdm. Zapojit se m\u016f\u017ee ka\u017ed\u00fd \u2013 senio\u0159i, dosp\u011bl\u00ed i&nbsp;mlad\u0161\u00ed lid\u00e9. Nen\u00ed pot\u0159eba \u017e\u00e1dn\u00e1 p\u0159edchoz\u00ed zku\u0161enost, sta\u010d\u00ed chu\u0165 b\u00fdt s&nbsp;lidmi a&nbsp;sd\u00edlet.<\/p>\n\n\n\n<div style=\"height:19px\" aria-hidden=\"true\" class=\"wp-block-spacer\"><\/div>\n\n\n\n<p>Dobrovoln\u00edci se mohou zapojit nap\u0159\u00edklad do \u010dten\u00ed d\u011btem, pov\u00edd\u00e1n\u00ed, spole\u010dn\u00e9ho tvo\u0159en\u00ed, her nebo prost\u00e9ho tr\u00e1ven\u00ed \u010dasu. Ka\u017ed\u00fd si m\u016f\u017ee naj\u00edt formu zapojen\u00ed, kter\u00e1 mu je bl\u00edzk\u00e1 a&nbsp;p\u0159\u00edjemn\u00e1. Centrum z\u00e1rove\u0148 nab\u00edz\u00ed podporu, informace i&nbsp;pomoc s&nbsp;v\u00fdb\u011brem aktivity, aby se ka\u017ed\u00fd c\u00edtil jist\u011b a&nbsp;v\u00edtan\u011b.<\/p>\n\n\n\n<div style=\"height:20px\" aria-hidden=\"true\" class=\"wp-block-spacer\"><\/div>\n\n\n\n<p><img loading=\"lazy\" decoding=\"async\" height=\"16\" width=\"16\" src=\"https:\/\/static.xx.fbcdn.net\/images\/emoji.php\/v9\/tcc\/2\/16\/1f4cd.png\" alt=\"\ud83d\udccd\">\u00a0Mezigenera\u010dn\u00ed centrum Letokruh<br>Evropsk\u00e1 664\/134, Praha 6 \u2013 Bo\u0159islavka<br><img loading=\"lazy\" decoding=\"async\" height=\"16\" width=\"16\" src=\"https:\/\/static.xx.fbcdn.net\/images\/emoji.php\/v9\/tec\/2\/16\/1f4de.png\" alt=\"\ud83d\udcde\">\u00a0telefon: 721&nbsp;258&nbsp;062<\/p>\n\n\n\n<div style=\"height:20px\" aria-hidden=\"true\" class=\"wp-block-spacer\"><\/div>\n\n\n\n<p>Sta\u010d\u00ed se ozvat nebo se p\u0159ij\u00edt pod\u00edvat osobn\u011b. Prvn\u00ed krok m\u016f\u017ee b\u00fdt opravdu jednoduch\u00fd.<\/p>\n","protected":false},"excerpt":{"rendered":"<p>V prostor\u00e1ch b\u00fdval\u00e9ho Caf\u00e9 Jir\u00e1sek v&nbsp;Evropsk\u00e9 ulici vzniklo nov\u00e9 mezigenera\u010dn\u00ed centrum Letokruh. Je ur\u010den\u00e9 senior\u016fm, d\u011btem i&nbsp;dosp\u011bl\u00fdm a&nbsp;jeho c\u00edlem je propojovat generace, posilovat sousedsk\u00e9 vztahy a&nbsp;nab\u00eddnout smyslupln\u00e9 aktivity v\u0161em, kdo cht\u011bj\u00ed b\u00fdt sou\u010d\u00e1st\u00ed \u017eiv\u00e9 komunity. Centrum slou\u017e\u00ed jako m\u00edsto setk\u00e1v\u00e1n\u00ed, sd\u00edlen\u00ed zku\u0161enost\u00ed a&nbsp;spole\u010dn\u011b str\u00e1ven\u00e9ho \u010dasu. Prob\u00edhaj\u00ed zde programy pro d\u011bti, mezigenera\u010dn\u00ed aktivity, vzd\u011bl\u00e1v\u00e1n\u00ed i&nbsp;zapojen\u00ed dobrovoln\u00edk\u016f. [&hellip;]<\/p>\n","protected":false},"author":9,"featured_media":1668,"comment_status":"open","ping_status":"open","sticky":false,"template":"","format":"standard","meta":{"_acf_changed":false,"inline_featured_image":false,"footnotes":""},"categories":[4],"tags":[],"class_list":["post-1667","post","type-post","status-publish","format-standard","has-post-thumbnail","hentry","category-news"],"acf":[],"aioseo_notices":[],"distributor_meta":false,"distributor_terms":false,"distributor_media":false,"distributor_original_site_name":"Praha6Sob\u011b","distributor_original_site_url":"https:\/\/prahasobe.cz\/praha6sobe","push-errors":false,"_links":{"self":[{"href":"https:\/\/prahasobe.cz\/praha6sobe\/wp-json\/wp\/v2\/posts\/1667","targetHints":{"allow":["GET"]}}],"collection":[{"href":"https:\/\/prahasobe.cz\/praha6sobe\/wp-json\/wp\/v2\/posts"}],"about":[{"href":"https:\/\/prahasobe.cz\/praha6sobe\/wp-json\/wp\/v2\/types\/post"}],"author":[{"embeddable":true,"href":"https:\/\/prahasobe.cz\/praha6sobe\/wp-json\/wp\/v2\/users\/9"}],"replies":[{"embeddable":true,"href":"https:\/\/prahasobe.cz\/praha6sobe\/wp-json\/wp\/v2\/comments?post=1667"}],"version-history":[{"count":1,"href":"https:\/\/prahasobe.cz\/praha6sobe\/wp-json\/wp\/v2\/posts\/1667\/revisions"}],"predecessor-version":[{"id":1669,"href":"https:\/\/prahasobe.cz\/praha6sobe\/wp-json\/wp\/v2\/posts\/1667\/revisions\/1669"}],"wp:featuredmedia":[{"embeddable":true,"href":"https:\/\/prahasobe.cz\/praha6sobe\/wp-json\/wp\/v2\/media\/1668"}],"wp:attachment":[{"href":"https:\/\/prahasobe.cz\/praha6sobe\/wp-json\/wp\/v2\/media?parent=1667"}],"wp:term":[{"taxonomy":"category","embeddable":true,"href":"https:\/\/prahasobe.cz\/praha6sobe\/wp-json\/wp\/v2\/categories?post=1667"},{"taxonomy":"post_tag","embeddable":true,"href":"https:\/\/prahasobe.cz\/praha6sobe\/wp-json\/wp\/v2\/tags?post=1667"}],"curies":[{"name":"wp","href":"https:\/\/api.w.org\/{rel}","templated":true}]}}