{"id":1664,"date":"2026-02-20T07:40:00","date_gmt":"2026-02-20T07:40:00","guid":{"rendered":"https:\/\/prahasobe.cz\/praha6sobe\/?p=1664"},"modified":"2026-03-28T07:48:49","modified_gmt":"2026-03-28T07:48:49","slug":"treneri-ve-skole-na-praze-6-pokracuji","status":"publish","type":"post","link":"https:\/\/prahasobe.cz\/praha6sobe\/2026\/02\/20\/treneri-ve-skole-na-praze-6-pokracuji\/","title":{"rendered":"Tren\u00e9\u0159i ve \u0161kole na Praze 6 pokra\u010duj\u00ed"},"content":{"rendered":"\n<p>Dobr\u00e1 zpr\u00e1va pro d\u011bti, rodi\u010de i&nbsp;\u0161koly. Program\u00a0<a href=\"https:\/\/www.facebook.com\/treneriveskole?__tn__=-]K*F\">Tren\u00e9\u0159i ve \u0161kole<\/a>\u00a0bude na Praze 6 pokra\u010dovat i&nbsp;v&nbsp;roce 2026. Zastupitelstvo m\u011bstsk\u00e9 \u010d\u00e1sti schv\u00e1lilo dotaci ve v\u00fd\u0161i 1&nbsp;801&nbsp;800 K\u010d, kter\u00e1 zajist\u00ed fungov\u00e1n\u00ed projektu od ledna do \u010dervna.<\/p>\n\n\n\n<div style=\"height:20px\" aria-hidden=\"true\" class=\"wp-block-spacer\"><\/div>\n\n\n\n<p>Zapojeno bude v\u0161ech 15 z\u00e1kladn\u00edch \u0161kol, kter\u00e9 Praha 6 z\u0159izuje. Tren\u00e9\u0159i p\u016fsob\u00ed p\u0159\u00edmo v&nbsp;hodin\u00e1ch t\u011blesn\u00e9 v\u00fdchovy na prvn\u00edm stupni a&nbsp;spole\u010dn\u011b s&nbsp;u\u010diteli p\u0159ipravuj\u00ed pestr\u00fd a&nbsp;bezpe\u010dn\u00fd program pro v\u0161echny d\u011bti. Nejde o&nbsp;v\u00fdb\u011brov\u00fd sportovn\u00ed krou\u017eek, ale o&nbsp;sou\u010d\u00e1st b\u011b\u017en\u00e9 v\u00fduky, tak\u017ee p\u0159\u00edle\u017eitost dost\u00e1vaj\u00ed opravdu v\u0161ichni.<\/p>\n\n\n\n<div style=\"height:20px\" aria-hidden=\"true\" class=\"wp-block-spacer\"><\/div>\n\n\n\n<p>D\u011bti si b\u011bhem \u0161koln\u00edho roku postupn\u011b vyzkou\u0161\u00ed deset r\u016fzn\u00fdch sport\u016f. Pat\u0159\u00ed mezi n\u011b gymnastika, parkour, tanec, ragby, fotbal, judo, florbal, basketbal, h\u00e1zen\u00e1 a&nbsp;volejbal. Smyslem nen\u00ed vychovat vrcholov\u00e9 sportovce, ale pomoci d\u011btem naj\u00edt radost z&nbsp;pohybu, z\u00edskat zdrav\u00e9 n\u00e1vyky a&nbsp;rozv\u00edjet v\u0161estrannost v&nbsp;obdob\u00ed, kdy je to pro jejich v\u00fdvoj nejd\u016fle\u017eit\u011bj\u0161\u00ed.<\/p>\n\n\n\n<div style=\"height:20px\" aria-hidden=\"true\" class=\"wp-block-spacer\"><\/div>\n\n\n\n<p>\u201eProgram byl pilotn\u011b zah\u00e1jen pr\u00e1v\u011b na \u0161kol\u00e1ch Prahy 6 a&nbsp;jsem velmi r\u00e1da, \u017ee se z&nbsp;n\u011bj za tu dobu stala \u00fasp\u011b\u0161n\u00e1 celorepublikov\u00e1 z\u00e1le\u017eitost,\u201c dod\u00e1v\u00e1\u00a0<a href=\"https:\/\/www.facebook.com\/capkovamariana?__tn__=-]K*F\">Mariana \u010capkov\u00e1 &#8211; m\u00edstostarostka Prahy 6<\/a>.<\/p>\n\n\n\n<div style=\"height:20px\" aria-hidden=\"true\" class=\"wp-block-spacer\"><\/div>\n\n\n\n<p>Projekt odstartoval na \u0160estce v&nbsp;roce 2019 jako lok\u00e1ln\u00ed iniciativa. Dnes inspiruje m\u011bsta a&nbsp;obce po&nbsp;cel\u00e9 republice. Do programu se \u0161koly nezapojuj\u00ed nahodile, ale v\u017edy na z\u00e1klad\u011b dohody mezi z\u0159izovatelem a&nbsp;sportovn\u00edmi kluby, co\u017e zaru\u010duje odbornost tren\u00e9r\u016f i&nbsp;kvalitu v\u00fduky.<\/p>\n\n\n\n<div style=\"height:20px\" aria-hidden=\"true\" class=\"wp-block-spacer\"><\/div>\n\n\n\n<p>Podpora pohybu nen\u00ed jen ot\u00e1zkou sportu. Pravideln\u00e1 a&nbsp;pestr\u00e1 aktivita m\u00e1 prokazateln\u00fd vliv na fyzick\u00e9 zdrav\u00ed, psychickou pohodu i&nbsp;schopnost soust\u0159ed\u011bn\u00ed. Praha 6 chce i&nbsp;nad\u00e1le vytv\u00e1\u0159et podm\u00ednky pro to, aby d\u011bti m\u011bly ke kvalitn\u00edmu pohybu p\u0159\u00edstup p\u0159\u00edmo ve \u0161kole a&nbsp;bez rozd\u00edlu.<\/p>\n\n\n\n<div style=\"height:20px\" aria-hidden=\"true\" class=\"wp-block-spacer\"><\/div>\n\n\n\n<p>M\u00e1me radost, \u017ee projekt, kter\u00fd vznikl pr\u00e1v\u011b u&nbsp;n\u00e1s, d\u00e1l roste a&nbsp;p\u0159in\u00e1\u0161\u00ed konkr\u00e9tn\u00ed v\u00fdsledky.&nbsp;<img loading=\"lazy\" decoding=\"async\" height=\"16\" width=\"16\" alt=\"\ud83d\udc9b\" src=\"https:\/\/static.xx.fbcdn.net\/images\/emoji.php\/v9\/tb4\/2\/16\/1f49b.png\"><\/p>\n","protected":false},"excerpt":{"rendered":"<p>Dobr\u00e1 zpr\u00e1va pro d\u011bti, rodi\u010de i&nbsp;\u0161koly. Program\u00a0Tren\u00e9\u0159i ve \u0161kole\u00a0bude na Praze 6 pokra\u010dovat i&nbsp;v&nbsp;roce 2026. Zastupitelstvo m\u011bstsk\u00e9 \u010d\u00e1sti schv\u00e1lilo dotaci ve v\u00fd\u0161i 1&nbsp;801&nbsp;800 K\u010d, kter\u00e1 zajist\u00ed fungov\u00e1n\u00ed projektu od ledna do \u010dervna. Zapojeno bude v\u0161ech 15 z\u00e1kladn\u00edch \u0161kol, kter\u00e9 Praha 6 z\u0159izuje. Tren\u00e9\u0159i p\u016fsob\u00ed p\u0159\u00edmo v&nbsp;hodin\u00e1ch t\u011blesn\u00e9 v\u00fdchovy na prvn\u00edm stupni a&nbsp;spole\u010dn\u011b s&nbsp;u\u010diteli p\u0159ipravuj\u00ed pestr\u00fd [&hellip;]<\/p>\n","protected":false},"author":9,"featured_media":1665,"comment_status":"open","ping_status":"open","sticky":false,"template":"","format":"standard","meta":{"_acf_changed":false,"inline_featured_image":false,"footnotes":""},"categories":[4],"tags":[],"class_list":["post-1664","post","type-post","status-publish","format-standard","has-post-thumbnail","hentry","category-news"],"acf":[],"aioseo_notices":[],"distributor_meta":false,"distributor_terms":false,"distributor_media":false,"distributor_original_site_name":"Praha6Sob\u011b","distributor_original_site_url":"https:\/\/prahasobe.cz\/praha6sobe","push-errors":false,"_links":{"self":[{"href":"https:\/\/prahasobe.cz\/praha6sobe\/wp-json\/wp\/v2\/posts\/1664","targetHints":{"allow":["GET"]}}],"collection":[{"href":"https:\/\/prahasobe.cz\/praha6sobe\/wp-json\/wp\/v2\/posts"}],"about":[{"href":"https:\/\/prahasobe.cz\/praha6sobe\/wp-json\/wp\/v2\/types\/post"}],"author":[{"embeddable":true,"href":"https:\/\/prahasobe.cz\/praha6sobe\/wp-json\/wp\/v2\/users\/9"}],"replies":[{"embeddable":true,"href":"https:\/\/prahasobe.cz\/praha6sobe\/wp-json\/wp\/v2\/comments?post=1664"}],"version-history":[{"count":1,"href":"https:\/\/prahasobe.cz\/praha6sobe\/wp-json\/wp\/v2\/posts\/1664\/revisions"}],"predecessor-version":[{"id":1666,"href":"https:\/\/prahasobe.cz\/praha6sobe\/wp-json\/wp\/v2\/posts\/1664\/revisions\/1666"}],"wp:featuredmedia":[{"embeddable":true,"href":"https:\/\/prahasobe.cz\/praha6sobe\/wp-json\/wp\/v2\/media\/1665"}],"wp:attachment":[{"href":"https:\/\/prahasobe.cz\/praha6sobe\/wp-json\/wp\/v2\/media?parent=1664"}],"wp:term":[{"taxonomy":"category","embeddable":true,"href":"https:\/\/prahasobe.cz\/praha6sobe\/wp-json\/wp\/v2\/categories?post=1664"},{"taxonomy":"post_tag","embeddable":true,"href":"https:\/\/prahasobe.cz\/praha6sobe\/wp-json\/wp\/v2\/tags?post=1664"}],"curies":[{"name":"wp","href":"https:\/\/api.w.org\/{rel}","templated":true}]}}