{"id":1661,"date":"2026-02-23T07:31:00","date_gmt":"2026-02-23T07:31:00","guid":{"rendered":"https:\/\/prahasobe.cz\/praha6sobe\/?p=1661"},"modified":"2026-03-28T07:40:02","modified_gmt":"2026-03-28T07:40:02","slug":"zapisy-do-materskych-skol-na-praze-6","status":"publish","type":"post","link":"https:\/\/prahasobe.cz\/praha6sobe\/2026\/02\/23\/zapisy-do-materskych-skol-na-praze-6\/","title":{"rendered":"Z\u00e1pisy do mate\u0159sk\u00fdch \u0161kol na Praze 6"},"content":{"rendered":"\n<p>Z\u00e1pisy do mate\u0159sk\u00fdch \u0161kol se letos konaj\u00ed v&nbsp;pond\u011bl\u00ed 17.&nbsp;b\u0159ezna.<\/p>\n\n\n\n<div style=\"height:20px\" aria-hidden=\"true\" class=\"wp-block-spacer\"><\/div>\n\n\n\n<p>U\u017e od 2.&nbsp;\u00fanora je spu\u0161t\u011bn\u00fd registra\u010dn\u00ed syst\u00e9m na webu\u00a0<a href=\"http:\/\/jakdoskolky.cz\/?fbclid=IwZXh0bgNhZW0CMTAAYnJpZBEwRVBqSVNEaFB6Z25MdTI2cHNydGMGYXBwX2lkEDIyMjAzOTE3ODgyMDA4OTIAAR4u8tqkT49uSItmNstfQ79AUl5V06nEPRI-9EhkyiXOuNlJ80V4zBVb14he8A_aem_xWbtpJb7NMuMRIK7s2djXg\" target=\"_blank\" rel=\"noreferrer noopener\">jakdoskolky.cz<\/a>, kter\u00fd rodi\u010d\u016fm umo\u017en\u00ed cel\u00fd proces zvl\u00e1dnout p\u0159ehledn\u011b a&nbsp;bez zbyte\u010dn\u00e9ho stresu.<\/p>\n\n\n\n<div style=\"height:20px\" aria-hidden=\"true\" class=\"wp-block-spacer\"><\/div>\n\n\n\n<p><img loading=\"lazy\" decoding=\"async\" height=\"16\" width=\"16\" src=\"https:\/\/static.xx.fbcdn.net\/images\/emoji.php\/v9\/t20\/2\/16\/1f5a5.png\" alt=\"\ud83d\udda5\ufe0f\">\u00a0Na webu\u00a0<a href=\"http:\/\/jakdoskolky.cz\/?fbclid=IwZXh0bgNhZW0CMTAAYnJpZBEwRVBqSVNEaFB6Z25MdTI2cHNydGMGYXBwX2lkEDIyMjAzOTE3ODgyMDA4OTIAAR7-XEWoG44MK6p8Z6lKJi83AQgp_MchwtVYsyH_SSHrBvic5Aphyvi5nKdepw_aem_l9KblGnO4o-xpoc-SIVYFA\" target=\"_blank\" rel=\"noreferrer noopener\">jakdoskolky.cz<\/a>\u00a0si m\u016f\u017eete:<br>\u2022 p\u0159edvyplnit p\u0159ihl\u00e1\u0161ku<br>\u2022 vybrat v\u00edce mate\u0159sk\u00fdch \u0161kol<br>\u2022 sledovat pr\u016fb\u011bh p\u0159ij\u00edmac\u00edho \u0159\u00edzen\u00ed<\/p>\n\n\n\n<div style=\"height:20px\" aria-hidden=\"true\" class=\"wp-block-spacer\"><\/div>\n\n\n\n<p><img loading=\"lazy\" decoding=\"async\" height=\"16\" width=\"16\" src=\"https:\/\/static.xx.fbcdn.net\/images\/emoji.php\/v9\/tcc\/2\/16\/1f4cd.png\" alt=\"\ud83d\udccd\">\u00a0Mate\u0159sk\u00e9 \u0161koly maj\u00ed jako sp\u00e1dovou oblast celou Prahu 6. Z\u00e1rove\u0148 se i&nbsp;letos d\u016fsledn\u011b ov\u011b\u0159uje skute\u010dn\u00e9 bydli\u0161t\u011b d\u00edt\u011bte, aby byla zaji\u0161t\u011bna f\u00e9rovost z\u00e1pis\u016f a&nbsp;p\u0159ednost pro m\u00edstn\u00ed rodiny.<\/p>\n\n\n\n<div style=\"height:20px\" aria-hidden=\"true\" class=\"wp-block-spacer\"><\/div>\n\n\n\n<p><img loading=\"lazy\" decoding=\"async\" height=\"16\" width=\"16\" src=\"https:\/\/static.xx.fbcdn.net\/images\/emoji.php\/v9\/t1d\/2\/16\/1f4c5.png\" alt=\"\ud83d\udcc5\">\u00a0D\u016fle\u017eit\u00e9 term\u00edny:<br>\u2022 2.&nbsp;2.&nbsp;spu\u0161t\u011bn\u00ed registrac\u00ed<br>\u2022 17.&nbsp;3.&nbsp;z\u00e1pisy v&nbsp;mate\u0159sk\u00fdch \u0161kol\u00e1ch<br>\u2022 19.&nbsp;3.&nbsp;zve\u0159ejn\u011bn\u00ed seznamu p\u0159ijat\u00fdch d\u011bt\u00ed<\/p>\n\n\n\n<div style=\"height:20px\" aria-hidden=\"true\" class=\"wp-block-spacer\"><\/div>\n\n\n\n<p><img loading=\"lazy\" decoding=\"async\" height=\"16\" width=\"16\" src=\"https:\/\/static.xx.fbcdn.net\/images\/emoji.php\/v9\/t4b\/2\/16\/1f4cc.png\" alt=\"\ud83d\udccc\">\u00a0Ve\u0161ker\u00e9 podm\u00ednky a&nbsp;aktu\u00e1ln\u00ed informace najdete na<br><img loading=\"lazy\" decoding=\"async\" height=\"16\" width=\"16\" src=\"https:\/\/static.xx.fbcdn.net\/images\/emoji.php\/v9\/tf0\/2\/16\/1f449.png\" alt=\"\ud83d\udc49\"><a href=\"https:\/\/l.facebook.com\/l.php?u=http%3A%2F%2Fjakdoskolky.cz%2F%3Ffbclid%3DIwZXh0bgNhZW0CMTAAYnJpZBEwRVBqSVNEaFB6Z25MdTI2cHNydGMGYXBwX2lkEDIyMjAzOTE3ODgyMDA4OTIAAR4Mmv9mUV8glEovWzm9ie8TBxokVxAouf3Edc8iljlicVmopCyJK8NGZJ4uig_aem_WyeFD_GiV7N1kj9qLS0nzw&amp;h=AT5yX0P_f1wa9WewtAFjTX5mAYUHVAfkmnkDQiOv4ru__xe0xq4JTTDUJjTRJ64rfk-DlapqHHP0GGl9B5anaFzO5Zd5-HL_3PUqremOCOeSpBdv9VWYQ-V06HSS9TLktKbJ-hso5WduDifnXvy42USCzWnAMWRwXuXyhw&amp;__tn__=-UK*F\" target=\"_blank\" rel=\"noreferrer noopener\">jakdoskolky.cz<\/a><\/p>\n\n\n\n<div style=\"height:20px\" aria-hidden=\"true\" class=\"wp-block-spacer\"><\/div>\n\n\n\n<p>Dr\u017e\u00edme palce v\u0161em rodi\u010d\u016fm i&nbsp;d\u011btem p\u0159i&nbsp;d\u016fle\u017eit\u00e9m kroku&nbsp;<img loading=\"lazy\" decoding=\"async\" height=\"16\" width=\"16\" alt=\"\ud83d\udc9b\" src=\"https:\/\/static.xx.fbcdn.net\/images\/emoji.php\/v9\/tb4\/2\/16\/1f49b.png\"><\/p>\n","protected":false},"excerpt":{"rendered":"<p>Z\u00e1pisy do mate\u0159sk\u00fdch \u0161kol se letos konaj\u00ed v&nbsp;pond\u011bl\u00ed 17.&nbsp;b\u0159ezna. U\u017e od 2.&nbsp;\u00fanora je spu\u0161t\u011bn\u00fd registra\u010dn\u00ed syst\u00e9m na webu\u00a0jakdoskolky.cz, kter\u00fd rodi\u010d\u016fm umo\u017en\u00ed cel\u00fd proces zvl\u00e1dnout p\u0159ehledn\u011b a&nbsp;bez zbyte\u010dn\u00e9ho stresu. \u00a0Na webu\u00a0jakdoskolky.cz\u00a0si m\u016f\u017eete:\u2022 p\u0159edvyplnit p\u0159ihl\u00e1\u0161ku\u2022 vybrat v\u00edce mate\u0159sk\u00fdch \u0161kol\u2022 sledovat pr\u016fb\u011bh p\u0159ij\u00edmac\u00edho \u0159\u00edzen\u00ed \u00a0Mate\u0159sk\u00e9 \u0161koly maj\u00ed jako sp\u00e1dovou oblast celou Prahu 6. Z\u00e1rove\u0148 se i&nbsp;letos d\u016fsledn\u011b ov\u011b\u0159uje [&hellip;]<\/p>\n","protected":false},"author":9,"featured_media":1662,"comment_status":"open","ping_status":"open","sticky":false,"template":"","format":"standard","meta":{"_acf_changed":false,"inline_featured_image":false,"footnotes":""},"categories":[4],"tags":[],"class_list":["post-1661","post","type-post","status-publish","format-standard","has-post-thumbnail","hentry","category-news"],"acf":[],"aioseo_notices":[],"distributor_meta":false,"distributor_terms":false,"distributor_media":false,"distributor_original_site_name":"Praha6Sob\u011b","distributor_original_site_url":"https:\/\/prahasobe.cz\/praha6sobe","push-errors":false,"_links":{"self":[{"href":"https:\/\/prahasobe.cz\/praha6sobe\/wp-json\/wp\/v2\/posts\/1661","targetHints":{"allow":["GET"]}}],"collection":[{"href":"https:\/\/prahasobe.cz\/praha6sobe\/wp-json\/wp\/v2\/posts"}],"about":[{"href":"https:\/\/prahasobe.cz\/praha6sobe\/wp-json\/wp\/v2\/types\/post"}],"author":[{"embeddable":true,"href":"https:\/\/prahasobe.cz\/praha6sobe\/wp-json\/wp\/v2\/users\/9"}],"replies":[{"embeddable":true,"href":"https:\/\/prahasobe.cz\/praha6sobe\/wp-json\/wp\/v2\/comments?post=1661"}],"version-history":[{"count":1,"href":"https:\/\/prahasobe.cz\/praha6sobe\/wp-json\/wp\/v2\/posts\/1661\/revisions"}],"predecessor-version":[{"id":1663,"href":"https:\/\/prahasobe.cz\/praha6sobe\/wp-json\/wp\/v2\/posts\/1661\/revisions\/1663"}],"wp:featuredmedia":[{"embeddable":true,"href":"https:\/\/prahasobe.cz\/praha6sobe\/wp-json\/wp\/v2\/media\/1662"}],"wp:attachment":[{"href":"https:\/\/prahasobe.cz\/praha6sobe\/wp-json\/wp\/v2\/media?parent=1661"}],"wp:term":[{"taxonomy":"category","embeddable":true,"href":"https:\/\/prahasobe.cz\/praha6sobe\/wp-json\/wp\/v2\/categories?post=1661"},{"taxonomy":"post_tag","embeddable":true,"href":"https:\/\/prahasobe.cz\/praha6sobe\/wp-json\/wp\/v2\/tags?post=1661"}],"curies":[{"name":"wp","href":"https:\/\/api.w.org\/{rel}","templated":true}]}}