{"id":1658,"date":"2026-02-25T07:20:00","date_gmt":"2026-02-25T07:20:00","guid":{"rendered":"https:\/\/prahasobe.cz\/praha6sobe\/?p=1658"},"modified":"2026-03-28T07:28:37","modified_gmt":"2026-03-28T07:28:37","slug":"dalsi-krok-k-zachrane-veleslavinskeho-zamku","status":"publish","type":"post","link":"https:\/\/prahasobe.cz\/praha6sobe\/2026\/02\/25\/dalsi-krok-k-zachrane-veleslavinskeho-zamku\/","title":{"rendered":"Dal\u0161\u00ed krok k&nbsp;z\u00e1chran\u011b Veleslav\u00ednsk\u00e9ho z\u00e1mku"},"content":{"rendered":"\n<p>Zastupitelstvo Prahy 6 jednomysln\u011b schv\u00e1lilo, \u017ee pokud hlavn\u00ed m\u011bsto odkoup\u00ed are\u00e1l z\u00e1mku od st\u00e1tu, m\u011bstsk\u00e1 \u010d\u00e1st po\u017e\u00e1d\u00e1 o&nbsp;jeho sv\u011b\u0159en\u00ed do sv\u00e9 spr\u00e1vy. C\u00edlem je postupn\u00e1 revitalizace a&nbsp;dlouhodob\u00e9 vyu\u017eit\u00ed z\u00e1mku ve ve\u0159ejn\u00e9m z\u00e1jmu.<\/p>\n\n\n\n<div style=\"height:20px\" aria-hidden=\"true\" class=\"wp-block-spacer\"><\/div>\n\n\n\n<p>\u00da\u0159ad pro zastupov\u00e1n\u00ed st\u00e1tu ve v\u011bcech majetkov\u00fdch vyhl\u00e1sil v&nbsp;minul\u00fdch letech deset ne\u00fasp\u011b\u0161n\u00fdch dra\u017eeb. Cena postupn\u011b klesla z&nbsp;p\u016fvodn\u00edch 580 milion\u016f na 210 milion\u016f korun p\u0159i&nbsp;posledn\u00edm pokusu. Praha m\u011bla o&nbsp;p\u0159evzet\u00ed are\u00e1lu z\u00e1jem dlouhodob\u011b, dosavadn\u00ed cena v\u0161ak byla s&nbsp;ohledem na nutn\u00e9 investice p\u0159\u00edli\u0161 vysok\u00e1. O&nbsp;odkupu by m\u011blo pra\u017esk\u00e9 zastupitelstvo jednat v&nbsp;dubnu.<\/p>\n\n\n\n<div style=\"height:20px\" aria-hidden=\"true\" class=\"wp-block-spacer\"><\/div>\n\n\n\n<p>Praha 6 se o&nbsp;z\u00e1mek star\u00e1 u\u017e od roku 2024 na z\u00e1klad\u011b v\u00fdp\u016fj\u010dky od st\u00e1tu. Are\u00e1l otev\u0159ela ve\u0159ejnosti, po\u0159\u00e1d\u00e1 zde kulturn\u00ed akce i&nbsp;komentovan\u00e9 prohl\u00eddky a&nbsp;spolupracuje s&nbsp;m\u00edstn\u00edmi spolky. Pokud bude are\u00e1l m\u011bstsk\u00e9 \u010d\u00e1sti sv\u011b\u0159en, chce v&nbsp;tomto re\u017eimu pokra\u010dovat a&nbsp;zachovat otev\u0159en\u00fd park i&nbsp;ve\u0159ejn\u00fd program.<\/p>\n\n\n\n<div style=\"height:20px\" aria-hidden=\"true\" class=\"wp-block-spacer\"><\/div>\n\n\n\n<p>Ve st\u0159edn\u011bdob\u00e9m horizontu, zhruba v&nbsp;n\u00e1sleduj\u00edc\u00edch deseti letech, pl\u00e1nuje Praha 6 are\u00e1l vyu\u017e\u00edt pro ob\u010danskou vybavenost \u2013 nap\u0159\u00edklad pro \u0161kolstv\u00ed, kulturu nebo komunitn\u00ed aktivity. Samotn\u00fd z\u00e1mek by mohl slou\u017eit tak\u00e9 k&nbsp;reprezenta\u010dn\u00edm \u00fa\u010del\u016fm. P\u0159ipravuje se koncepce dlouhodob\u00e9ho vyu\u017eit\u00ed i&nbsp;ekonomick\u00e9 posouzen\u00ed cel\u00e9ho projektu. Revitalizace bude prob\u00edhat postupn\u011b, s&nbsp;respektem k&nbsp;pam\u00e1tkov\u00e9 ochran\u011b a&nbsp;\u00fazemn\u00edmu pl\u00e1nu.<\/p>\n\n\n\n<div style=\"height:20px\" aria-hidden=\"true\" class=\"wp-block-spacer\"><\/div>\n\n\n\n<p>Celkov\u00e9 n\u00e1klady na obnovu mohou podle odhad\u016f dos\u00e1hnout 1,5 a\u017e 2 miliard korun a&nbsp;p\u016fjde o&nbsp;projekt p\u0159esahuj\u00edc\u00ed n\u011bkolik volebn\u00edch obdob\u00ed. Motivace je ale jasn\u00e1: aby se are\u00e1l nedostal do rukou spekulativn\u00edch investor\u016f a&nbsp;z\u016fstal otev\u0159en\u00fd a&nbsp;p\u0159\u00edstupn\u00fd ve\u0159ejnosti.<\/p>\n\n\n\n<div style=\"height:21px\" aria-hidden=\"true\" class=\"wp-block-spacer\"><\/div>\n\n\n\n<p>Veleslav\u00ednsk\u00fd z\u00e1mek je v\u00fdznamnou historickou pam\u00e1tkou i&nbsp;sou\u010d\u00e1st\u00ed identity Prahy 6. Te\u010f se otev\u00edr\u00e1 mo\u017enost vr\u00e1tit mu \u017eivot.&nbsp;<img loading=\"lazy\" decoding=\"async\" height=\"16\" width=\"16\" alt=\"\ud83d\udc9b\" src=\"https:\/\/static.xx.fbcdn.net\/images\/emoji.php\/v9\/tb4\/2\/16\/1f49b.png\"><\/p>\n","protected":false},"excerpt":{"rendered":"<p>Zastupitelstvo Prahy 6 jednomysln\u011b schv\u00e1lilo, \u017ee pokud hlavn\u00ed m\u011bsto odkoup\u00ed are\u00e1l z\u00e1mku od st\u00e1tu, m\u011bstsk\u00e1 \u010d\u00e1st po\u017e\u00e1d\u00e1 o&nbsp;jeho sv\u011b\u0159en\u00ed do sv\u00e9 spr\u00e1vy. C\u00edlem je postupn\u00e1 revitalizace a&nbsp;dlouhodob\u00e9 vyu\u017eit\u00ed z\u00e1mku ve ve\u0159ejn\u00e9m z\u00e1jmu. \u00da\u0159ad pro zastupov\u00e1n\u00ed st\u00e1tu ve v\u011bcech majetkov\u00fdch vyhl\u00e1sil v&nbsp;minul\u00fdch letech deset ne\u00fasp\u011b\u0161n\u00fdch dra\u017eeb. Cena postupn\u011b klesla z&nbsp;p\u016fvodn\u00edch 580 milion\u016f na 210 milion\u016f korun [&hellip;]<\/p>\n","protected":false},"author":9,"featured_media":1659,"comment_status":"open","ping_status":"open","sticky":false,"template":"","format":"standard","meta":{"_acf_changed":false,"inline_featured_image":false,"footnotes":""},"categories":[4],"tags":[],"class_list":["post-1658","post","type-post","status-publish","format-standard","has-post-thumbnail","hentry","category-news"],"acf":[],"aioseo_notices":[],"distributor_meta":false,"distributor_terms":false,"distributor_media":false,"distributor_original_site_name":"Praha6Sob\u011b","distributor_original_site_url":"https:\/\/prahasobe.cz\/praha6sobe","push-errors":false,"_links":{"self":[{"href":"https:\/\/prahasobe.cz\/praha6sobe\/wp-json\/wp\/v2\/posts\/1658","targetHints":{"allow":["GET"]}}],"collection":[{"href":"https:\/\/prahasobe.cz\/praha6sobe\/wp-json\/wp\/v2\/posts"}],"about":[{"href":"https:\/\/prahasobe.cz\/praha6sobe\/wp-json\/wp\/v2\/types\/post"}],"author":[{"embeddable":true,"href":"https:\/\/prahasobe.cz\/praha6sobe\/wp-json\/wp\/v2\/users\/9"}],"replies":[{"embeddable":true,"href":"https:\/\/prahasobe.cz\/praha6sobe\/wp-json\/wp\/v2\/comments?post=1658"}],"version-history":[{"count":1,"href":"https:\/\/prahasobe.cz\/praha6sobe\/wp-json\/wp\/v2\/posts\/1658\/revisions"}],"predecessor-version":[{"id":1660,"href":"https:\/\/prahasobe.cz\/praha6sobe\/wp-json\/wp\/v2\/posts\/1658\/revisions\/1660"}],"wp:featuredmedia":[{"embeddable":true,"href":"https:\/\/prahasobe.cz\/praha6sobe\/wp-json\/wp\/v2\/media\/1659"}],"wp:attachment":[{"href":"https:\/\/prahasobe.cz\/praha6sobe\/wp-json\/wp\/v2\/media?parent=1658"}],"wp:term":[{"taxonomy":"category","embeddable":true,"href":"https:\/\/prahasobe.cz\/praha6sobe\/wp-json\/wp\/v2\/categories?post=1658"},{"taxonomy":"post_tag","embeddable":true,"href":"https:\/\/prahasobe.cz\/praha6sobe\/wp-json\/wp\/v2\/tags?post=1658"}],"curies":[{"name":"wp","href":"https:\/\/api.w.org\/{rel}","templated":true}]}}