{"id":1585,"date":"2026-01-10T12:04:00","date_gmt":"2026-01-10T12:04:00","guid":{"rendered":"https:\/\/prahasobe.cz\/praha6sobe\/?p=1585"},"modified":"2026-02-07T12:09:55","modified_gmt":"2026-02-07T12:09:55","slug":"zapisy-do-zakladnich-skol-se-blizi","status":"publish","type":"post","link":"https:\/\/prahasobe.cz\/praha6sobe\/2026\/01\/10\/zapisy-do-zakladnich-skol-se-blizi\/","title":{"rendered":"Z\u00e1pisy do z\u00e1kladn\u00edch \u0161kol se bl\u00ed\u017e\u00ed"},"content":{"rendered":"\n<p>Rodi\u010de budouc\u00edch prv\u0148\u00e1\u010dk\u016f, je to tady. Z\u00e1pisy do z\u00e1kladn\u00edch \u0161kol na Praze 6 prob\u011bhnou 10.&nbsp;a&nbsp;11.&nbsp;\u00fanora. Term\u00edny jsou letos d\u0159\u00edv\u011bj\u0161\u00ed a&nbsp;op\u011bt plat\u00ed, \u017ee si m\u016f\u017eete cel\u00fd proces v\u00fdrazn\u011b usnadnit d\u00edky online registraci.<\/p>\n\n\n\n<div style=\"height:20px\" aria-hidden=\"true\" class=\"wp-block-spacer\"><\/div>\n\n\n\n<p><img loading=\"lazy\" decoding=\"async\" height=\"16\" width=\"16\" src=\"https:\/\/static.xx.fbcdn.net\/images\/emoji.php\/v9\/t20\/2\/16\/1f5a5.png\" alt=\"\ud83d\udda5\ufe0f\">\u00a0Od 12.&nbsp;ledna bude spu\u0161t\u011bn rezerva\u010dn\u00ed syst\u00e9m na webu\u00a0<a href=\"https:\/\/l.facebook.com\/l.php?u=http%3A%2F%2Fjakdoskolky.cz%2F%3Ffbclid%3DIwZXh0bgNhZW0CMTAAYnJpZBEwMGJ2cTJnbkdjVE1EcXVsVHNydGMGYXBwX2lkEDIyMjAzOTE3ODgyMDA4OTIAAR6SvApa4HFi2BNx-Y75KnPgbBIZFQYDg9kQjM4Vdhlh8cvhtNQr1OBCO6_Lkg_aem_ArmbBY5xuvY3SaZTJzU_GA&amp;h=AT1YhhNqzY18CFptiS5PYEIejQY9FBJzij92p9l8bu0zzpJ02Pe0pERxsycLZazf9lgqjHek5fuXMz2IgmiRBWdAiRO0BJ6tJ0DoNQ1nacRYWiKPvdoDUihRBmpEUm18eps-YAE6HF62i0USHJu2NBQKAqLKsL5Uvbkkew&amp;__tn__=-UK*F\" target=\"_blank\" rel=\"noreferrer noopener\">jakdoskolky.cz<\/a>, kde si vyberete \u0161kolu i&nbsp;konkr\u00e9tn\u00ed \u010das z\u00e1pisu. Elektronick\u00e1 p\u0159ihl\u00e1\u0161ka v\u00e1m pom\u016f\u017ee v\u0161e vy\u0159\u00eddit p\u0159ehledn\u011b a&nbsp;bez zbyte\u010dn\u00e9ho stresu.<\/p>\n\n\n\n<div style=\"height:20px\" aria-hidden=\"true\" class=\"wp-block-spacer\"><\/div>\n\n\n\n<p><img loading=\"lazy\" decoding=\"async\" height=\"16\" width=\"16\" src=\"https:\/\/static.xx.fbcdn.net\/images\/emoji.php\/v9\/t4b\/2\/16\/1f4cc.png\" alt=\"\ud83d\udccc\">\u00a0P\u0159ipom\u00edn\u00e1me, \u017ee p\u0159i&nbsp;velk\u00e9m z\u00e1jmu maj\u00ed p\u0159ednost d\u011bti ze sp\u00e1dov\u00e9 oblasti. V\u00fdsledky z\u00e1pis\u016f \u0161koly zve\u0159ejn\u00ed 19.&nbsp;\u00fanora a&nbsp;do konce b\u0159ezna bude jasno, kam d\u00edt\u011b nastoup\u00ed.<\/p>\n\n\n\n<div style=\"height:20px\" aria-hidden=\"true\" class=\"wp-block-spacer\"><\/div>\n\n\n\n<p><img loading=\"lazy\" decoding=\"async\" height=\"16\" width=\"16\" src=\"https:\/\/static.xx.fbcdn.net\/images\/emoji.php\/v9\/t1d\/2\/16\/1f4c5.png\" alt=\"\ud83d\udcc5\">\u00a0D\u016fle\u017eit\u00e9 term\u00edny a&nbsp;praktick\u00e9 informace najdete p\u0159ehledn\u011b na<br><img loading=\"lazy\" decoding=\"async\" height=\"16\" width=\"16\" src=\"https:\/\/static.xx.fbcdn.net\/images\/emoji.php\/v9\/tf0\/2\/16\/1f449.png\" alt=\"\ud83d\udc49\"><a href=\"http:\/\/jakdoskolky.cz\/?fbclid=IwZXh0bgNhZW0CMTAAYnJpZBEwMGJ2cTJnbkdjVE1EcXVsVHNydGMGYXBwX2lkEDIyMjAzOTE3ODgyMDA4OTIAAR7RnIHcy9eDIwhUwi457wh9zgJWfFWVmZNkWhRVrvOo9m96qqlVooWMZOnHcA_aem_Nsd8UwxkbUCBAa5TL7QcLw\" target=\"_blank\" rel=\"noreferrer noopener\">jakdoskolky.cz<\/a><\/p>\n\n\n\n<div style=\"height:20px\" aria-hidden=\"true\" class=\"wp-block-spacer\"><\/div>\n\n\n\n<p>Dr\u017e\u00edme palce v\u0161em d\u011btem i&nbsp;rodi\u010d\u016fm p\u0159i&nbsp;d\u016fle\u017eit\u00e9m kroku na za\u010d\u00e1tku \u0161koln\u00ed cesty&nbsp;<\/p>\n","protected":false},"excerpt":{"rendered":"<p>Rodi\u010de budouc\u00edch prv\u0148\u00e1\u010dk\u016f, je to tady. Z\u00e1pisy do z\u00e1kladn\u00edch \u0161kol na Praze 6 prob\u011bhnou 10.&nbsp;a&nbsp;11.&nbsp;\u00fanora. Term\u00edny jsou letos d\u0159\u00edv\u011bj\u0161\u00ed a&nbsp;op\u011bt plat\u00ed, \u017ee si m\u016f\u017eete cel\u00fd proces v\u00fdrazn\u011b usnadnit d\u00edky online registraci. \u00a0Od 12.&nbsp;ledna bude spu\u0161t\u011bn rezerva\u010dn\u00ed syst\u00e9m na webu\u00a0jakdoskolky.cz, kde si vyberete \u0161kolu i&nbsp;konkr\u00e9tn\u00ed \u010das z\u00e1pisu. Elektronick\u00e1 p\u0159ihl\u00e1\u0161ka v\u00e1m pom\u016f\u017ee v\u0161e vy\u0159\u00eddit p\u0159ehledn\u011b a&nbsp;bez zbyte\u010dn\u00e9ho [&hellip;]<\/p>\n","protected":false},"author":9,"featured_media":1586,"comment_status":"open","ping_status":"open","sticky":false,"template":"","format":"standard","meta":{"_acf_changed":false,"inline_featured_image":false,"footnotes":""},"categories":[4],"tags":[],"class_list":["post-1585","post","type-post","status-publish","format-standard","has-post-thumbnail","hentry","category-news"],"acf":[],"aioseo_notices":[],"distributor_meta":false,"distributor_terms":false,"distributor_media":false,"distributor_original_site_name":"Praha6Sob\u011b","distributor_original_site_url":"https:\/\/prahasobe.cz\/praha6sobe","push-errors":false,"_links":{"self":[{"href":"https:\/\/prahasobe.cz\/praha6sobe\/wp-json\/wp\/v2\/posts\/1585","targetHints":{"allow":["GET"]}}],"collection":[{"href":"https:\/\/prahasobe.cz\/praha6sobe\/wp-json\/wp\/v2\/posts"}],"about":[{"href":"https:\/\/prahasobe.cz\/praha6sobe\/wp-json\/wp\/v2\/types\/post"}],"author":[{"embeddable":true,"href":"https:\/\/prahasobe.cz\/praha6sobe\/wp-json\/wp\/v2\/users\/9"}],"replies":[{"embeddable":true,"href":"https:\/\/prahasobe.cz\/praha6sobe\/wp-json\/wp\/v2\/comments?post=1585"}],"version-history":[{"count":1,"href":"https:\/\/prahasobe.cz\/praha6sobe\/wp-json\/wp\/v2\/posts\/1585\/revisions"}],"predecessor-version":[{"id":1587,"href":"https:\/\/prahasobe.cz\/praha6sobe\/wp-json\/wp\/v2\/posts\/1585\/revisions\/1587"}],"wp:featuredmedia":[{"embeddable":true,"href":"https:\/\/prahasobe.cz\/praha6sobe\/wp-json\/wp\/v2\/media\/1586"}],"wp:attachment":[{"href":"https:\/\/prahasobe.cz\/praha6sobe\/wp-json\/wp\/v2\/media?parent=1585"}],"wp:term":[{"taxonomy":"category","embeddable":true,"href":"https:\/\/prahasobe.cz\/praha6sobe\/wp-json\/wp\/v2\/categories?post=1585"},{"taxonomy":"post_tag","embeddable":true,"href":"https:\/\/prahasobe.cz\/praha6sobe\/wp-json\/wp\/v2\/tags?post=1585"}],"curies":[{"name":"wp","href":"https:\/\/api.w.org\/{rel}","templated":true}]}}