{"id":1582,"date":"2025-12-30T11:52:00","date_gmt":"2025-12-30T11:52:00","guid":{"rendered":"https:\/\/prahasobe.cz\/praha6sobe\/?p=1582"},"modified":"2026-02-07T12:00:26","modified_gmt":"2026-02-07T12:00:26","slug":"mistni-akcni-plan-ma-vysledky","status":"publish","type":"post","link":"https:\/\/prahasobe.cz\/praha6sobe\/2025\/12\/30\/mistni-akcni-plan-ma-vysledky\/","title":{"rendered":"M\u00edstn\u00ed ak\u010dn\u00ed pl\u00e1n m\u00e1 v\u00fdsledky"},"content":{"rendered":"\n<p>\u0160estkov\u00e9 \u0161koly se i&nbsp;nad\u00e1le \u00fa\u010dastn\u00ed M\u00edstn\u00edho ak\u010dn\u00edho pl\u00e1nu vzd\u011bl\u00e1v\u00e1n\u00ed, projektu spolufinancovan\u00e9ho Evropskou uni\u00ed. Za sedm let d\u00edky n\u011bmu z\u00edskaly v\u00edce ne\u017e 25 milion\u016f korun. Stejn\u011b d\u016fle\u017eit\u00e9 jsou ale zku\u0161enosti a&nbsp;znalosti, kter\u00e9 si \u0161koly mezi sebou sd\u00edlej\u00ed.<\/p>\n\n\n\n<div style=\"height:21px\" aria-hidden=\"true\" class=\"wp-block-spacer\"><\/div>\n\n\n\n<p>Do projektu se postupn\u011b zapojilo 55 mate\u0159sk\u00fdch a&nbsp;z\u00e1kladn\u00edch \u0161kol, nejen t\u011bch z\u0159izovan\u00fdch m\u011bstskou \u010d\u00e1st\u00ed, ale i&nbsp;soukrom\u00fdch. Prob\u011bhla \u0159ada semin\u00e1\u0159\u016f, projekt\u016f a&nbsp;setk\u00e1n\u00ed pracovn\u00edch skupin. \u0160koly se zam\u011b\u0159ovaly nap\u0159\u00edklad na zm\u011bny ve \u0161koln\u00edch vzd\u011bl\u00e1vac\u00edch programech, r\u016fzn\u00e9 formy hodnocen\u00ed v\u010detn\u011b slovn\u00edho, podporu \u010dten\u00e1\u0159sk\u00e9 a&nbsp;matematick\u00e9 gramotnosti, vyu\u017e\u00edv\u00e1n\u00ed IT technologi\u00ed nebo spolupr\u00e1ci s&nbsp;\u010cVUT.<\/p>\n\n\n\n<div style=\"height:20px\" aria-hidden=\"true\" class=\"wp-block-spacer\"><\/div>\n\n\n\n<p><img loading=\"lazy\" decoding=\"async\" height=\"16\" width=\"16\" src=\"https:\/\/static.xx.fbcdn.net\/images\/emoji.php\/v9\/t9b\/2\/16\/1f7e2.png\" alt=\"\ud83d\udfe2\">\u00a0\u201eSd\u00edlen\u00ed zku\u0161enost\u00ed mezi \u0161kolami, podpora a&nbsp;vzd\u011bl\u00e1v\u00e1n\u00ed pedagogick\u00fdch pracovn\u00edk\u016f \u2013 to jsou hlavn\u00ed p\u0159\u00ednosy projektu. Jako pom\u011brn\u011b unik\u00e1tn\u00ed se v&nbsp;t\u00e9to f\u00e1zi uk\u00e1zala tak\u00e9 podpora vychovatelek ve \u0161koln\u00edch dru\u017ein\u00e1ch a&nbsp;zapojen\u00ed um\u011bleck\u00fdch \u0161kol.\u201c dod\u00e1v\u00e1 Mariana \u010capkov\u00e1 &#8211; m\u00edstostarostka Prahy 6.<\/p>\n\n\n\n<div style=\"height:20px\" aria-hidden=\"true\" class=\"wp-block-spacer\"><\/div>\n\n\n\n<p><strong><img loading=\"lazy\" decoding=\"async\" height=\"16\" width=\"16\" src=\"https:\/\/static.xx.fbcdn.net\/images\/emoji.php\/v9\/ta0\/2\/16\/1f4c8.png\" alt=\"\ud83d\udcc8\">\u00a0Pl\u00e1ny do dal\u0161\u00edch let<br><\/strong>V leto\u0161n\u00edm roce za\u010dne fungovat MAP V, do kter\u00e9ho se poda\u0159ilo zapojit je\u0161t\u011b v\u00edce \u0161kol. Z\u00e1kladn\u00edm t\u00e9matem n\u00e1sleduj\u00edc\u00edch let bude usnadn\u011bn\u00ed p\u0159echodu d\u011bt\u00ed mezi jednotliv\u00fdmi stupni vzd\u011bl\u00e1v\u00e1n\u00ed, zejm\u00e9na podpora d\u011bt\u00ed z&nbsp;mate\u0159sk\u00fdch \u0161kol p\u0159i&nbsp;adaptaci na z\u00e1kladn\u00ed \u0161kolu. Pokra\u010dovat budou tak\u00e9 spole\u010dn\u00e9 aktivity, kter\u00e9 se u\u017e v&nbsp;n\u011bkter\u00fdch \u0161kol\u00e1ch osv\u011bd\u010dily a&nbsp;mohou pomoci i&nbsp;dal\u0161\u00edm.<\/p>\n","protected":false},"excerpt":{"rendered":"<p>\u0160estkov\u00e9 \u0161koly se i&nbsp;nad\u00e1le \u00fa\u010dastn\u00ed M\u00edstn\u00edho ak\u010dn\u00edho pl\u00e1nu vzd\u011bl\u00e1v\u00e1n\u00ed, projektu spolufinancovan\u00e9ho Evropskou uni\u00ed. Za sedm let d\u00edky n\u011bmu z\u00edskaly v\u00edce ne\u017e 25 milion\u016f korun. Stejn\u011b d\u016fle\u017eit\u00e9 jsou ale zku\u0161enosti a&nbsp;znalosti, kter\u00e9 si \u0161koly mezi sebou sd\u00edlej\u00ed. Do projektu se postupn\u011b zapojilo 55 mate\u0159sk\u00fdch a&nbsp;z\u00e1kladn\u00edch \u0161kol, nejen t\u011bch z\u0159izovan\u00fdch m\u011bstskou \u010d\u00e1st\u00ed, ale i&nbsp;soukrom\u00fdch. Prob\u011bhla \u0159ada semin\u00e1\u0159\u016f, [&hellip;]<\/p>\n","protected":false},"author":9,"featured_media":1583,"comment_status":"open","ping_status":"open","sticky":false,"template":"","format":"standard","meta":{"_acf_changed":false,"inline_featured_image":false,"footnotes":""},"categories":[4],"tags":[],"class_list":["post-1582","post","type-post","status-publish","format-standard","has-post-thumbnail","hentry","category-news"],"acf":[],"aioseo_notices":[],"distributor_meta":false,"distributor_terms":false,"distributor_media":false,"distributor_original_site_name":"Praha6Sob\u011b","distributor_original_site_url":"https:\/\/prahasobe.cz\/praha6sobe","push-errors":false,"_links":{"self":[{"href":"https:\/\/prahasobe.cz\/praha6sobe\/wp-json\/wp\/v2\/posts\/1582","targetHints":{"allow":["GET"]}}],"collection":[{"href":"https:\/\/prahasobe.cz\/praha6sobe\/wp-json\/wp\/v2\/posts"}],"about":[{"href":"https:\/\/prahasobe.cz\/praha6sobe\/wp-json\/wp\/v2\/types\/post"}],"author":[{"embeddable":true,"href":"https:\/\/prahasobe.cz\/praha6sobe\/wp-json\/wp\/v2\/users\/9"}],"replies":[{"embeddable":true,"href":"https:\/\/prahasobe.cz\/praha6sobe\/wp-json\/wp\/v2\/comments?post=1582"}],"version-history":[{"count":1,"href":"https:\/\/prahasobe.cz\/praha6sobe\/wp-json\/wp\/v2\/posts\/1582\/revisions"}],"predecessor-version":[{"id":1584,"href":"https:\/\/prahasobe.cz\/praha6sobe\/wp-json\/wp\/v2\/posts\/1582\/revisions\/1584"}],"wp:featuredmedia":[{"embeddable":true,"href":"https:\/\/prahasobe.cz\/praha6sobe\/wp-json\/wp\/v2\/media\/1583"}],"wp:attachment":[{"href":"https:\/\/prahasobe.cz\/praha6sobe\/wp-json\/wp\/v2\/media?parent=1582"}],"wp:term":[{"taxonomy":"category","embeddable":true,"href":"https:\/\/prahasobe.cz\/praha6sobe\/wp-json\/wp\/v2\/categories?post=1582"},{"taxonomy":"post_tag","embeddable":true,"href":"https:\/\/prahasobe.cz\/praha6sobe\/wp-json\/wp\/v2\/tags?post=1582"}],"curies":[{"name":"wp","href":"https:\/\/api.w.org\/{rel}","templated":true}]}}