{"id":1574,"date":"2025-12-29T11:07:00","date_gmt":"2025-12-29T11:07:00","guid":{"rendered":"https:\/\/prahasobe.cz\/praha6sobe\/?p=1574"},"modified":"2026-02-07T11:35:25","modified_gmt":"2026-02-07T11:35:25","slug":"na-praze-6-postupne-obnovujeme-parky-a-detska-hriste","status":"publish","type":"post","link":"https:\/\/prahasobe.cz\/praha6sobe\/2025\/12\/29\/na-praze-6-postupne-obnovujeme-parky-a-detska-hriste\/","title":{"rendered":"Na Praze 6 postupn\u011b obnovujeme parky a&nbsp;d\u011btsk\u00e1 h\u0159i\u0161t\u011b"},"content":{"rendered":"\n<p>Na Praze 6 postupn\u011b obnovujeme parky a&nbsp;d\u011btsk\u00e1 h\u0159i\u0161t\u011b a&nbsp;d\u011bl\u00e1me to tak, aby opravdu odpov\u00eddaly tomu, co pot\u0159ebuj\u00ed m\u00edstn\u00ed. Rodi\u010de, d\u011bti, senio\u0159i i&nbsp;soused\u00e9 &#8211; ti v\u0161ichni \u0159\u00edkaj\u00ed, jak m\u00e1 ve\u0159ejn\u00fd prostor vypadat. A&nbsp;jejich podn\u011bty se prom\u00edtaj\u00ed p\u0159\u00edmo do n\u00e1vrh\u016f.<\/p>\n\n\n\n<div style=\"height:19px\" aria-hidden=\"true\" class=\"wp-block-spacer\"><\/div>\n\n\n\n<p>\u201eV\u00fdzkumy ukazuj\u00ed, \u017ee d\u016fsledn\u00e1 participace p\u0159isp\u00edv\u00e1 k&nbsp;tomu, \u017ee obyvatel\u00e9, kte\u0159\u00ed se pod\u00edlej\u00ed na tvorb\u011b ve\u0159ejn\u00e9ho prostoru, maj\u00ed tendenci dlouhodob\u011b ho udr\u017eovat a&nbsp;chr\u00e1nit.\u201c dod\u00e1v\u00e1 <a href=\"https:\/\/www.facebook.com\/PetrPalackyP6?__cft__[0]=AZYeiQBXGKx1T0PsfYpA8iVB_rSY071g6ul4r92svgkHNi_8Qkpcbt2TdEsaDUmEmKkZr68AwuHadlJ3hCq_FS5XJj1U0fjpNFp84k2Et88nMoK5nt_wgOh9Oe_kl5wERMQlgI0RZ9j3nyV8WggrnB_QfNZQJ16lhsSk79iTOgpWcw&amp;__tn__=-]K-R\">Petr Palack\u00fd, radn\u00ed pro \u017eivotn\u00ed prost\u0159ed\u00ed a&nbsp;klima<\/a>.<\/p>\n\n\n\n<div style=\"height:21px\" aria-hidden=\"true\" class=\"wp-block-spacer\"><\/div>\n\n\n\n<p>A p\u0159esn\u011b to se potvrzuje u&nbsp;sou\u010dasn\u00fdch projekt\u016f renovac\u00ed. T\u0159i m\u00edsta, kter\u00e1 se d\u00edky zapojen\u00ed m\u00edstn\u00edch posouvaj\u00ed nejd\u00e1l, jsou tato:<\/p>\n\n\n\n<div style=\"height:21px\" aria-hidden=\"true\" class=\"wp-block-spacer\"><\/div>\n\n\n\n<p><strong><img loading=\"lazy\" decoding=\"async\" height=\"16\" width=\"16\" src=\"https:\/\/static.xx.fbcdn.net\/images\/emoji.php\/v9\/t9f\/2\/16\/1f7e6.png\" alt=\"\ud83d\udfe6\"> Loty\u0161sk\u00e1<\/strong><\/p>\n\n\n\n<p>Do ankety o&nbsp;podob\u011b parku se zapojilo 316 lid\u00ed, cht\u011bli v\u00edce zelen\u011b, lep\u0161\u00ed povrchy a&nbsp;kvalitn\u011bj\u0161\u00ed hern\u00ed prvky. V\u00fdsledkem je n\u00e1vrh parku pro v\u0161echny generace: mal\u00e9 d\u011bti, teenagery i&nbsp;seniory.<\/p>\n\n\n\n<div style=\"height:20px\" aria-hidden=\"true\" class=\"wp-block-spacer\"><\/div>\n\n\n\n<p><strong><img loading=\"lazy\" decoding=\"async\" height=\"16\" width=\"16\" src=\"https:\/\/static.xx.fbcdn.net\/images\/emoji.php\/v9\/ted\/2\/16\/1f6dd.png\" alt=\"\ud83d\udedd\"> \u0160ultysova<\/strong><\/p>\n\n\n\n<p>M\u00edstn\u00ed upozor\u0148ovali na hor\u0161\u00ed p\u0159\u00edstupnost a&nbsp;m\u00e1lo prvk\u016f pro star\u0161\u00ed d\u011bti. Studie proto po\u010d\u00edt\u00e1 s&nbsp;nov\u00fdmi cestami, hern\u00edmi a&nbsp;sportovn\u00edmi prvky, v\u011bt\u0161\u00ed bezpe\u010dnost\u00ed i&nbsp;p\u0159\u00edjemn\u011bj\u0161\u00edm z\u00e1zem\u00edm pro posezen\u00ed.<\/p>\n\n\n\n<div style=\"height:21px\" aria-hidden=\"true\" class=\"wp-block-spacer\"><\/div>\n\n\n\n<p><strong><img loading=\"lazy\" decoding=\"async\" height=\"16\" width=\"16\" src=\"https:\/\/static.xx.fbcdn.net\/images\/emoji.php\/v9\/t89\/2\/16\/1f332.png\" alt=\"\ud83c\udf32\"> Egyptsk\u00e1<\/strong><\/p>\n\n\n\n<p>Obyvatel\u00e9 cht\u011bj\u00ed zachovat vzrostl\u00e9 stromy, p\u0159idat sportovi\u0161t\u011b, v\u00edce st\u00ednu a&nbsp;mo\u017enosti k&nbsp;setk\u00e1v\u00e1n\u00ed. N\u00e1vrh tak spojuje nov\u00e9 hrac\u00ed prvky, sportovn\u00ed z\u00f3ny, posezen\u00ed i&nbsp;rekrea\u010dn\u00ed m\u00edsta a&nbsp;l\u00e9pe propojuje prostor s&nbsp;okoln\u00ed zelen\u00ed.<\/p>\n\n\n\n<div style=\"height:20px\" aria-hidden=\"true\" class=\"wp-block-spacer\"><\/div>\n\n\n\n<figure class=\"wp-block-gallery has-nested-images columns-default is-cropped wp-block-gallery-1 is-layout-flex wp-block-gallery-is-layout-flex\">\n<figure class=\"wp-block-image size-large\"><img loading=\"lazy\" decoding=\"async\" width=\"1244\" height=\"742\" data-id=\"1576\" src=\"http:\/\/prahasobe.cz\/praha6sobe\/wp-content\/uploads\/sites\/5\/2026\/02\/Snimek-obrazovky-2026-02-07-v-12.26.50.jpg\" alt=\"Obnova parku Egyptsk\u00e1 v Praze 6 \u2013 zachov\u00e1n\u00ed strom\u016f a nov\u00e9 rekrea\u010dn\u00ed z\u00f3ny\" class=\"wp-image-1576\" srcset=\"https:\/\/prahasobe.cz\/praha6sobe\/wp-content\/uploads\/sites\/5\/2026\/02\/Snimek-obrazovky-2026-02-07-v-12.26.50.jpg 1244w, https:\/\/prahasobe.cz\/praha6sobe\/wp-content\/uploads\/sites\/5\/2026\/02\/Snimek-obrazovky-2026-02-07-v-12.26.50-300x179.jpg 300w, https:\/\/prahasobe.cz\/praha6sobe\/wp-content\/uploads\/sites\/5\/2026\/02\/Snimek-obrazovky-2026-02-07-v-12.26.50-1024x611.jpg 1024w, https:\/\/prahasobe.cz\/praha6sobe\/wp-content\/uploads\/sites\/5\/2026\/02\/Snimek-obrazovky-2026-02-07-v-12.26.50-768x458.jpg 768w\" sizes=\"auto, (max-width: 1244px) 100vw, 1244px\" \/><figcaption>Obnova parku Egyptsk\u00e1 v&nbsp;Praze 6 \u2013 zachov\u00e1n\u00ed strom\u016f a&nbsp;nov\u00e9 rekrea\u010dn\u00ed z\u00f3ny<\/figcaption><\/figure>\n\n\n\n<figure class=\"wp-block-image size-large\"><img loading=\"lazy\" decoding=\"async\" width=\"944\" height=\"798\" data-id=\"1577\" src=\"http:\/\/prahasobe.cz\/praha6sobe\/wp-content\/uploads\/sites\/5\/2026\/02\/Snimek-obrazovky-2026-02-07-v-12.27.06.jpg\" alt=\"Revitalizace h\u0159i\u0161t\u011b \u0160ultysova v Praze 6 \u2013 nov\u00e9 hern\u00ed a sportovn\u00ed prvky\" class=\"wp-image-1577\" srcset=\"https:\/\/prahasobe.cz\/praha6sobe\/wp-content\/uploads\/sites\/5\/2026\/02\/Snimek-obrazovky-2026-02-07-v-12.27.06.jpg 944w, https:\/\/prahasobe.cz\/praha6sobe\/wp-content\/uploads\/sites\/5\/2026\/02\/Snimek-obrazovky-2026-02-07-v-12.27.06-300x254.jpg 300w, https:\/\/prahasobe.cz\/praha6sobe\/wp-content\/uploads\/sites\/5\/2026\/02\/Snimek-obrazovky-2026-02-07-v-12.27.06-768x649.jpg 768w\" sizes=\"auto, (max-width: 944px) 100vw, 944px\" \/><figcaption>Revitalizace h\u0159i\u0161t\u011b \u0160ultysova v&nbsp;Praze 6 \u2013 nov\u00e9 hern\u00ed a&nbsp;sportovn\u00ed prvky<\/figcaption><\/figure>\n\n\n\n<figure class=\"wp-block-image size-large\"><img loading=\"lazy\" decoding=\"async\" width=\"1166\" height=\"760\" data-id=\"1578\" src=\"http:\/\/prahasobe.cz\/praha6sobe\/wp-content\/uploads\/sites\/5\/2026\/02\/Snimek-obrazovky-2026-02-07-v-12.27.22.jpg\" alt=\"Obnova parku Loty\u0161sk\u00e1 v Praze 6 \u2013 n\u00e1vrh parku podle p\u0159\u00e1n\u00ed m\u00edstn\u00edch\" class=\"wp-image-1578\" srcset=\"https:\/\/prahasobe.cz\/praha6sobe\/wp-content\/uploads\/sites\/5\/2026\/02\/Snimek-obrazovky-2026-02-07-v-12.27.22.jpg 1166w, https:\/\/prahasobe.cz\/praha6sobe\/wp-content\/uploads\/sites\/5\/2026\/02\/Snimek-obrazovky-2026-02-07-v-12.27.22-300x196.jpg 300w, https:\/\/prahasobe.cz\/praha6sobe\/wp-content\/uploads\/sites\/5\/2026\/02\/Snimek-obrazovky-2026-02-07-v-12.27.22-1024x667.jpg 1024w, https:\/\/prahasobe.cz\/praha6sobe\/wp-content\/uploads\/sites\/5\/2026\/02\/Snimek-obrazovky-2026-02-07-v-12.27.22-768x501.jpg 768w\" sizes=\"auto, (max-width: 1166px) 100vw, 1166px\" \/><figcaption>Obnova parku Loty\u0161sk\u00e1 v&nbsp;Praze 6 \u2013 n\u00e1vrh parku podle p\u0159\u00e1n\u00ed m\u00edstn\u00edch<\/figcaption><\/figure>\n<\/figure>\n\n\n\n<div style=\"height:20px\" aria-hidden=\"true\" class=\"wp-block-spacer\"><\/div>\n\n\n\n<p>Ve v\u0161ech t\u011bchto lokalit\u00e1ch je vid\u011bt, \u017ee kdy\u017e lid\u00e9 dostanou mo\u017enost vyj\u00e1d\u0159it se, m\u00e1 to skute\u010dn\u00fd dopad.<\/p>\n\n\n\n<p>Vznikaj\u00ed projekty, kter\u00e9 d\u00e1vaj\u00ed smysl \u2013 pro d\u011bti, rodi\u010de, seniory i&nbsp;sousedy z&nbsp;okol\u00ed. Je to prom\u011bna m\u00edst, kde ka\u017ed\u00fd den \u017eijeme.<\/p>\n\n\n\n<div style=\"height:20px\" aria-hidden=\"true\" class=\"wp-block-spacer\"><\/div>\n\n\n\n<p><img loading=\"lazy\" decoding=\"async\" height=\"16\" width=\"16\" src=\"https:\/\/static.xx.fbcdn.net\/images\/emoji.php\/v9\/t3d\/2\/16\/1f4d6.png\" alt=\"\ud83d\udcd6\"> V\u00edce si m\u016f\u017eete p\u0159e\u010d\u00edst v&nbsp;<strong>\u010dasopisu \u0160estka.<\/strong><\/p>\n\n\n\n<p><a href=\"https:\/\/www.sestka.cz\/11-2025\">https:\/\/www.sestka.cz\/11-2025<\/a><\/p>\n","protected":false},"excerpt":{"rendered":"<p>Na Praze 6 postupn\u011b obnovujeme parky a&nbsp;d\u011btsk\u00e1 h\u0159i\u0161t\u011b a&nbsp;d\u011bl\u00e1me to tak, aby opravdu odpov\u00eddaly tomu, co pot\u0159ebuj\u00ed m\u00edstn\u00ed. Rodi\u010de, d\u011bti, senio\u0159i i&nbsp;soused\u00e9 &#8211; ti v\u0161ichni \u0159\u00edkaj\u00ed, jak m\u00e1 ve\u0159ejn\u00fd prostor vypadat. A&nbsp;jejich podn\u011bty se prom\u00edtaj\u00ed p\u0159\u00edmo do n\u00e1vrh\u016f. \u201eV\u00fdzkumy ukazuj\u00ed, \u017ee d\u016fsledn\u00e1 participace p\u0159isp\u00edv\u00e1 k&nbsp;tomu, \u017ee obyvatel\u00e9, kte\u0159\u00ed se pod\u00edlej\u00ed na tvorb\u011b ve\u0159ejn\u00e9ho prostoru, maj\u00ed [&hellip;]<\/p>\n","protected":false},"author":9,"featured_media":1575,"comment_status":"open","ping_status":"open","sticky":false,"template":"","format":"standard","meta":{"_acf_changed":false,"inline_featured_image":false,"footnotes":""},"categories":[4],"tags":[],"class_list":["post-1574","post","type-post","status-publish","format-standard","has-post-thumbnail","hentry","category-news"],"acf":[],"aioseo_notices":[],"distributor_meta":false,"distributor_terms":false,"distributor_media":false,"distributor_original_site_name":"Praha6Sob\u011b","distributor_original_site_url":"https:\/\/prahasobe.cz\/praha6sobe","push-errors":false,"_links":{"self":[{"href":"https:\/\/prahasobe.cz\/praha6sobe\/wp-json\/wp\/v2\/posts\/1574","targetHints":{"allow":["GET"]}}],"collection":[{"href":"https:\/\/prahasobe.cz\/praha6sobe\/wp-json\/wp\/v2\/posts"}],"about":[{"href":"https:\/\/prahasobe.cz\/praha6sobe\/wp-json\/wp\/v2\/types\/post"}],"author":[{"embeddable":true,"href":"https:\/\/prahasobe.cz\/praha6sobe\/wp-json\/wp\/v2\/users\/9"}],"replies":[{"embeddable":true,"href":"https:\/\/prahasobe.cz\/praha6sobe\/wp-json\/wp\/v2\/comments?post=1574"}],"version-history":[{"count":3,"href":"https:\/\/prahasobe.cz\/praha6sobe\/wp-json\/wp\/v2\/posts\/1574\/revisions"}],"predecessor-version":[{"id":1581,"href":"https:\/\/prahasobe.cz\/praha6sobe\/wp-json\/wp\/v2\/posts\/1574\/revisions\/1581"}],"wp:featuredmedia":[{"embeddable":true,"href":"https:\/\/prahasobe.cz\/praha6sobe\/wp-json\/wp\/v2\/media\/1575"}],"wp:attachment":[{"href":"https:\/\/prahasobe.cz\/praha6sobe\/wp-json\/wp\/v2\/media?parent=1574"}],"wp:term":[{"taxonomy":"category","embeddable":true,"href":"https:\/\/prahasobe.cz\/praha6sobe\/wp-json\/wp\/v2\/categories?post=1574"},{"taxonomy":"post_tag","embeddable":true,"href":"https:\/\/prahasobe.cz\/praha6sobe\/wp-json\/wp\/v2\/tags?post=1574"}],"curies":[{"name":"wp","href":"https:\/\/api.w.org\/{rel}","templated":true}]}}