{"id":1569,"date":"2025-12-27T11:06:00","date_gmt":"2025-12-27T11:06:00","guid":{"rendered":"https:\/\/prahasobe.cz\/praha6sobe\/?p=1569"},"modified":"2026-02-07T11:06:26","modified_gmt":"2026-02-07T11:06:26","slug":"podpora-ekologickych-projektu-pokracuje-i-v-roce-2026","status":"publish","type":"post","link":"https:\/\/prahasobe.cz\/praha6sobe\/2025\/12\/27\/podpora-ekologickych-projektu-pokracuje-i-v-roce-2026\/","title":{"rendered":"Podpora ekologick\u00fdch projekt\u016f pokra\u010duje i&nbsp;v&nbsp;roce 2026"},"content":{"rendered":"\n<p>Praha 6 i&nbsp;letos nab\u00edz\u00ed mo\u017enost z\u00edskat dotace a&nbsp;p\u0159\u00edsp\u011bvky na ekologick\u00e9 projekty a&nbsp;p\u00e9\u010di o&nbsp;zele\u0148 ve ve\u0159ejn\u00e9m prostoru. Program je ur\u010den jednotlivc\u016fm, spolk\u016fm, komunit\u00e1m i&nbsp;pr\u00e1vnick\u00fdm osob\u00e1m, kter\u00e9 cht\u011bj\u00ed zlep\u0161ovat sv\u00e9 okol\u00ed smyslupln\u00fdm a&nbsp;udr\u017eiteln\u00fdm zp\u016fsobem.<\/p>\n\n\n\n<div style=\"height:20px\" aria-hidden=\"true\" class=\"wp-block-spacer\"><\/div>\n\n\n\n<p><strong><img loading=\"lazy\" decoding=\"async\" height=\"16\" width=\"16\" src=\"https:\/\/static.xx.fbcdn.net\/images\/emoji.php\/v9\/t33\/2\/16\/1f49a.png\" alt=\"\ud83d\udc9a\">\u00a0Na co lze podporu vyu\u017e\u00edt?<br><\/strong>Nap\u0159\u00edklad na:<br>&#8211; komunitn\u00ed zahrady a&nbsp;revitalizaci vnitroblok\u016f<br>&#8211; v\u00fdsadbu strom\u016f, ke\u0159\u016f a&nbsp;ve\u0159ejn\u00e9 zelen\u011b<br>&#8211; hospoda\u0159en\u00ed s&nbsp;de\u0161\u0165ovou vodou<br>&#8211; podporu opylova\u010d\u016f a&nbsp;p\u00e9\u010di o&nbsp;\u017eivo\u010dichy<br>&#8211; mal\u00e9 ekologick\u00e9 a&nbsp;vzd\u011bl\u00e1vac\u00ed projekty<br>&#8211; re-use aktivity a&nbsp;projekty cirkul\u00e1rn\u00ed ekonomiky<\/p>\n\n\n\n<div style=\"height:20px\" aria-hidden=\"true\" class=\"wp-block-spacer\"><\/div>\n\n\n\n<p><strong><img loading=\"lazy\" decoding=\"async\" height=\"16\" width=\"16\" src=\"https:\/\/static.xx.fbcdn.net\/images\/emoji.php\/v9\/tf9\/2\/16\/1f4b0.png\" alt=\"\ud83d\udcb0\">\u00a0Kolik m\u016f\u017eete z\u00edskat?<br><\/strong>&#8211; a\u017e 10&nbsp;000&nbsp;K\u010d na mal\u00fd ekologick\u00fd projekt<br>&#8211; a\u017e 30&nbsp;000&nbsp;K\u010d na p\u00e9\u010di o&nbsp;vzrostl\u00e9 stromy<br>&#8211; u&nbsp;v\u011bt\u0161\u00edch projekt\u016f a\u017e 100&nbsp;000&nbsp;K\u010d v&nbsp;r\u00e1mci hlavn\u00edho dota\u010dn\u00edho programu<br>(minim\u00e1ln\u00ed spolu\u00fa\u010dast je 10&nbsp;%)<\/p>\n\n\n\n<div style=\"height:20px\" aria-hidden=\"true\" class=\"wp-block-spacer\"><\/div>\n\n\n\n<p><em>\u201eV dota\u010dn\u00edm programu je letos p\u0159ipravena k&nbsp;rozd\u011blen\u00ed vy\u0161\u0161\u00ed \u010d\u00e1stka, a&nbsp;to jeden milion korun. V\u011b\u0159\u00edm, \u017ee tak podpo\u0159\u00edme v\u00edce kvalitn\u00edch projekt\u016f, v\u010detn\u011b t\u011bch, na kter\u00e9 se nap\u0159\u00edklad v&nbsp;minul\u00e9m roce nedostalo.\u201c <\/em>dod\u00e1v\u00e1\u00a0<a href=\"https:\/\/www.facebook.com\/PetrPalackyP6?__tn__=-]K*F\">Petr Palack\u00fd, radn\u00ed pro \u017eivotn\u00ed prost\u0159ed\u00ed a&nbsp;klima<\/a>.<\/p>\n\n\n\n<div style=\"height:20px\" aria-hidden=\"true\" class=\"wp-block-spacer\"><\/div>\n\n\n\n<p><img loading=\"lazy\" decoding=\"async\" height=\"16\" width=\"16\" src=\"https:\/\/static.xx.fbcdn.net\/images\/emoji.php\/v9\/ta\/2\/16\/1f333.png\" alt=\"\ud83c\udf33\">\u00a0Program m\u00e1 za sebou u\u017e konkr\u00e9tn\u00ed v\u00fdsledky. V&nbsp;lo\u0148sk\u00e9m roce Praha 6 podpo\u0159ila mimo jin\u00e9 p\u00e9\u010di o&nbsp;stromy, komunitn\u00ed zahrady, vzd\u011bl\u00e1vac\u00ed aktivity pro d\u011bti i&nbsp;dosp\u011bl\u00e9 nebo projekty zam\u011b\u0159en\u00e9 na ochranu \u017eivo\u010dich\u016f.<\/p>\n\n\n\n<div style=\"height:20px\" aria-hidden=\"true\" class=\"wp-block-spacer\"><\/div>\n\n\n\n<p><strong><img loading=\"lazy\" decoding=\"async\" height=\"16\" width=\"16\" src=\"https:\/\/static.xx.fbcdn.net\/images\/emoji.php\/v9\/t1d\/2\/16\/1f4c5.png\" alt=\"\ud83d\udcc5\">\u00a0Jak a&nbsp;kdy \u017e\u00e1dat?<br><\/strong>&#8211; \u017e\u00e1dosti o&nbsp;mal\u00e9 ekologick\u00e9 projekty a&nbsp;p\u0159\u00edsp\u011bvky na p\u00e9\u010di o&nbsp;stromy lze pod\u00e1vat pr\u016fb\u011b\u017en\u011b<br>&#8211; v\u011bt\u0161\u00ed projekty se pod\u00e1vaj\u00ed v&nbsp;r\u00e1mci hlavn\u00edho dota\u010dn\u00edho programu v&nbsp;lednov\u00e9m term\u00ednu od 8.&nbsp;1.&nbsp;2026 do 9.&nbsp;2.&nbsp;2026<\/p>\n\n\n\n<div style=\"height:20px\" aria-hidden=\"true\" class=\"wp-block-spacer\"><\/div>\n\n\n\n<p>Podrobn\u00e9 informace, podm\u00ednky a&nbsp;formul\u00e1\u0159e najdete na&nbsp;<img loading=\"lazy\" decoding=\"async\" height=\"16\" width=\"16\" alt=\"\ud83d\udc49\" src=\"https:\/\/static.xx.fbcdn.net\/images\/emoji.php\/v9\/tf0\/2\/16\/1f449.png\"><a href=\"https:\/\/praha6.cz\/dotace?fbclid=IwZXh0bgNhZW0CMTAAYnJpZBEwMGJ2cTJnbkdjVE1EcXVsVHNydGMGYXBwX2lkEDIyMjAzOTE3ODgyMDA4OTIAAR4zJpLcRSikMfIVwtZNcjUjL1eP622QkVV_sbQddY14_n4-k65BlFL-LczO_w_aem_UcqYqJzHBCqz_3Qf3lJQ3g\" rel=\"noreferrer noopener\" target=\"_blank\">praha6.cz\/dotace<\/a><\/p>\n\n\n\n<p>M\u00e1te n\u00e1pad, jak zlep\u0161it sv\u00e9 okol\u00ed a&nbsp;z\u00e1rove\u0148 pomoci p\u0159\u00edrod\u011b? Te\u010f je na to ten spr\u00e1vn\u00fd \u010das&nbsp;<img loading=\"lazy\" decoding=\"async\" height=\"16\" width=\"16\" alt=\"\ud83c\udf3f\" src=\"https:\/\/static.xx.fbcdn.net\/images\/emoji.php\/v9\/tbd\/2\/16\/1f33f.png\"><\/p>\n","protected":false},"excerpt":{"rendered":"<p>Praha 6 i&nbsp;letos nab\u00edz\u00ed mo\u017enost z\u00edskat dotace a&nbsp;p\u0159\u00edsp\u011bvky na ekologick\u00e9 projekty a&nbsp;p\u00e9\u010di o&nbsp;zele\u0148 ve ve\u0159ejn\u00e9m prostoru. Program je ur\u010den jednotlivc\u016fm, spolk\u016fm, komunit\u00e1m i&nbsp;pr\u00e1vnick\u00fdm osob\u00e1m, kter\u00e9 cht\u011bj\u00ed zlep\u0161ovat sv\u00e9 okol\u00ed smyslupln\u00fdm a&nbsp;udr\u017eiteln\u00fdm zp\u016fsobem. \u00a0Na co lze podporu vyu\u017e\u00edt?Nap\u0159\u00edklad na:&#8211; komunitn\u00ed zahrady a&nbsp;revitalizaci vnitroblok\u016f&#8211; v\u00fdsadbu strom\u016f, ke\u0159\u016f a&nbsp;ve\u0159ejn\u00e9 zelen\u011b&#8211; hospoda\u0159en\u00ed s&nbsp;de\u0161\u0165ovou vodou&#8211; podporu opylova\u010d\u016f a&nbsp;p\u00e9\u010di o&nbsp;\u017eivo\u010dichy&#8211; mal\u00e9 [&hellip;]<\/p>\n","protected":false},"author":9,"featured_media":1571,"comment_status":"open","ping_status":"open","sticky":false,"template":"","format":"standard","meta":{"_acf_changed":false,"inline_featured_image":false,"footnotes":""},"categories":[4],"tags":[],"class_list":["post-1569","post","type-post","status-publish","format-standard","has-post-thumbnail","hentry","category-news"],"acf":[],"aioseo_notices":[],"distributor_meta":false,"distributor_terms":false,"distributor_media":false,"distributor_original_site_name":"Praha6Sob\u011b","distributor_original_site_url":"https:\/\/prahasobe.cz\/praha6sobe","push-errors":false,"_links":{"self":[{"href":"https:\/\/prahasobe.cz\/praha6sobe\/wp-json\/wp\/v2\/posts\/1569","targetHints":{"allow":["GET"]}}],"collection":[{"href":"https:\/\/prahasobe.cz\/praha6sobe\/wp-json\/wp\/v2\/posts"}],"about":[{"href":"https:\/\/prahasobe.cz\/praha6sobe\/wp-json\/wp\/v2\/types\/post"}],"author":[{"embeddable":true,"href":"https:\/\/prahasobe.cz\/praha6sobe\/wp-json\/wp\/v2\/users\/9"}],"replies":[{"embeddable":true,"href":"https:\/\/prahasobe.cz\/praha6sobe\/wp-json\/wp\/v2\/comments?post=1569"}],"version-history":[{"count":3,"href":"https:\/\/prahasobe.cz\/praha6sobe\/wp-json\/wp\/v2\/posts\/1569\/revisions"}],"predecessor-version":[{"id":1573,"href":"https:\/\/prahasobe.cz\/praha6sobe\/wp-json\/wp\/v2\/posts\/1569\/revisions\/1573"}],"wp:featuredmedia":[{"embeddable":true,"href":"https:\/\/prahasobe.cz\/praha6sobe\/wp-json\/wp\/v2\/media\/1571"}],"wp:attachment":[{"href":"https:\/\/prahasobe.cz\/praha6sobe\/wp-json\/wp\/v2\/media?parent=1569"}],"wp:term":[{"taxonomy":"category","embeddable":true,"href":"https:\/\/prahasobe.cz\/praha6sobe\/wp-json\/wp\/v2\/categories?post=1569"},{"taxonomy":"post_tag","embeddable":true,"href":"https:\/\/prahasobe.cz\/praha6sobe\/wp-json\/wp\/v2\/tags?post=1569"}],"curies":[{"name":"wp","href":"https:\/\/api.w.org\/{rel}","templated":true}]}}