{"id":1566,"date":"2025-12-19T10:49:00","date_gmt":"2025-12-19T10:49:00","guid":{"rendered":"https:\/\/prahasobe.cz\/praha6sobe\/?p=1566"},"modified":"2026-02-07T10:55:23","modified_gmt":"2026-02-07T10:55:23","slug":"ricanova-se-chysta-na-velkou-promenu","status":"publish","type":"post","link":"https:\/\/prahasobe.cz\/praha6sobe\/2025\/12\/19\/ricanova-se-chysta-na-velkou-promenu\/","title":{"rendered":"\u0158\u00ed\u010danova se chyst\u00e1 na velkou prom\u011bnu"},"content":{"rendered":"\n<p>Ulice \u0158\u00ed\u010danova projde v&nbsp;p\u0159\u00ed\u0161t\u00edch letech v\u00fdraznou obnovou. Technick\u00e1 spr\u00e1va komunikac\u00ed dokon\u010dila n\u00e1vrh \u00faprav, kter\u00e9 vych\u00e1zej\u00ed z&nbsp;podn\u011bt\u016f m\u00edstn\u00edch obyvatel. C\u00edlem je, aby se tu v\u0161em, d\u011btem, chodc\u016fm i&nbsp;\u0159idi\u010d\u016fm, \u017eilo a&nbsp;pohybovalo pohodln\u011bji a&nbsp;bezpe\u010dn\u011bji.<\/p>\n\n\n\n<div style=\"height:20px\" aria-hidden=\"true\" class=\"wp-block-spacer\"><\/div>\n\n\n\n<p><strong>Co se p\u0159ipravuje?<br><\/strong><img loading=\"lazy\" decoding=\"async\" height=\"16\" width=\"16\" src=\"https:\/\/static.xx.fbcdn.net\/images\/emoji.php\/v9\/tb4\/2\/16\/2705.png\" alt=\"\u2705\">bezpe\u010dn\u011bj\u0161\u00edm uspo\u0159\u00e1d\u00e1n\u00edm cel\u00e9 ulice,<br><img loading=\"lazy\" decoding=\"async\" height=\"16\" width=\"16\" src=\"https:\/\/static.xx.fbcdn.net\/images\/emoji.php\/v9\/tb4\/2\/16\/2705.png\" alt=\"\u2705\">dopln\u011bn\u00edm ve\u0159ejn\u00e9ho osv\u011btlen\u00ed,<br><img loading=\"lazy\" decoding=\"async\" height=\"16\" width=\"16\" src=\"https:\/\/static.xx.fbcdn.net\/images\/emoji.php\/v9\/tb4\/2\/16\/2705.png\" alt=\"\u2705\">novou zelen\u00ed,<br><img loading=\"lazy\" decoding=\"async\" height=\"16\" width=\"16\" src=\"https:\/\/static.xx.fbcdn.net\/images\/emoji.php\/v9\/tb4\/2\/16\/2705.png\" alt=\"\u2705\">\u00fapravou chodn\u00edk\u016f a&nbsp;p\u0159ilehl\u00fdch ploch,<br><img loading=\"lazy\" decoding=\"async\" height=\"16\" width=\"16\" src=\"https:\/\/static.xx.fbcdn.net\/images\/emoji.php\/v9\/tb4\/2\/16\/2705.png\" alt=\"\u2705\">a \u0159e\u0161en\u00edm parkov\u00e1n\u00ed i&nbsp;lep\u0161\u00ed prostupnosti okol\u00ed mezi ulicemi 8.&nbsp;listopadu \u2013 \u0158\u00ed\u010dansk\u00e1 \u2013 Dvo\u0159eck\u00e9ho.<\/p>\n\n\n\n<div style=\"height:20px\" aria-hidden=\"true\" class=\"wp-block-spacer\"><\/div>\n\n\n\n<p><img loading=\"lazy\" decoding=\"async\" height=\"16\" width=\"16\" src=\"https:\/\/static.xx.fbcdn.net\/images\/emoji.php\/v9\/tf9\/2\/16\/1f4b0.png\" alt=\"\ud83d\udcb0\">\u00a0Odhadovan\u00e9 n\u00e1klady jsou <strong>35 milion\u016f korun.<\/strong><\/p>\n\n\n\n<p>Projekt se te\u010f posouv\u00e1 do dal\u0161\u00ed f\u00e1ze p\u0159\u00edpravy.<\/p>\n\n\n\n<div style=\"height:20px\" aria-hidden=\"true\" class=\"wp-block-spacer\"><\/div>\n\n\n\n<p>Prom\u011bna \u0158\u00ed\u010danovy je d\u016fle\u017eit\u00fdm krokem k&nbsp;tomu, aby se v&nbsp;t\u00e9to \u010d\u00e1sti Prahy 6 \u017eilo p\u0159\u00edjemn\u011bji a&nbsp;bezpe\u010dn\u011b.<\/p>\n","protected":false},"excerpt":{"rendered":"<p>Ulice \u0158\u00ed\u010danova projde v&nbsp;p\u0159\u00ed\u0161t\u00edch letech v\u00fdraznou obnovou. Technick\u00e1 spr\u00e1va komunikac\u00ed dokon\u010dila n\u00e1vrh \u00faprav, kter\u00e9 vych\u00e1zej\u00ed z&nbsp;podn\u011bt\u016f m\u00edstn\u00edch obyvatel. C\u00edlem je, aby se tu v\u0161em, d\u011btem, chodc\u016fm i&nbsp;\u0159idi\u010d\u016fm, \u017eilo a&nbsp;pohybovalo pohodln\u011bji a&nbsp;bezpe\u010dn\u011bji. Co se p\u0159ipravuje?bezpe\u010dn\u011bj\u0161\u00edm uspo\u0159\u00e1d\u00e1n\u00edm cel\u00e9 ulice,dopln\u011bn\u00edm ve\u0159ejn\u00e9ho osv\u011btlen\u00ed,novou zelen\u00ed,\u00fapravou chodn\u00edk\u016f a&nbsp;p\u0159ilehl\u00fdch ploch,a \u0159e\u0161en\u00edm parkov\u00e1n\u00ed i&nbsp;lep\u0161\u00ed prostupnosti okol\u00ed mezi ulicemi 8.&nbsp;listopadu \u2013 \u0158\u00ed\u010dansk\u00e1 \u2013 Dvo\u0159eck\u00e9ho. [&hellip;]<\/p>\n","protected":false},"author":9,"featured_media":1567,"comment_status":"open","ping_status":"open","sticky":false,"template":"","format":"standard","meta":{"_acf_changed":false,"inline_featured_image":false,"footnotes":""},"categories":[4],"tags":[],"class_list":["post-1566","post","type-post","status-publish","format-standard","has-post-thumbnail","hentry","category-news"],"acf":[],"aioseo_notices":[],"distributor_meta":false,"distributor_terms":false,"distributor_media":false,"distributor_original_site_name":"Praha6Sob\u011b","distributor_original_site_url":"https:\/\/prahasobe.cz\/praha6sobe","push-errors":false,"_links":{"self":[{"href":"https:\/\/prahasobe.cz\/praha6sobe\/wp-json\/wp\/v2\/posts\/1566","targetHints":{"allow":["GET"]}}],"collection":[{"href":"https:\/\/prahasobe.cz\/praha6sobe\/wp-json\/wp\/v2\/posts"}],"about":[{"href":"https:\/\/prahasobe.cz\/praha6sobe\/wp-json\/wp\/v2\/types\/post"}],"author":[{"embeddable":true,"href":"https:\/\/prahasobe.cz\/praha6sobe\/wp-json\/wp\/v2\/users\/9"}],"replies":[{"embeddable":true,"href":"https:\/\/prahasobe.cz\/praha6sobe\/wp-json\/wp\/v2\/comments?post=1566"}],"version-history":[{"count":1,"href":"https:\/\/prahasobe.cz\/praha6sobe\/wp-json\/wp\/v2\/posts\/1566\/revisions"}],"predecessor-version":[{"id":1568,"href":"https:\/\/prahasobe.cz\/praha6sobe\/wp-json\/wp\/v2\/posts\/1566\/revisions\/1568"}],"wp:featuredmedia":[{"embeddable":true,"href":"https:\/\/prahasobe.cz\/praha6sobe\/wp-json\/wp\/v2\/media\/1567"}],"wp:attachment":[{"href":"https:\/\/prahasobe.cz\/praha6sobe\/wp-json\/wp\/v2\/media?parent=1566"}],"wp:term":[{"taxonomy":"category","embeddable":true,"href":"https:\/\/prahasobe.cz\/praha6sobe\/wp-json\/wp\/v2\/categories?post=1566"},{"taxonomy":"post_tag","embeddable":true,"href":"https:\/\/prahasobe.cz\/praha6sobe\/wp-json\/wp\/v2\/tags?post=1566"}],"curies":[{"name":"wp","href":"https:\/\/api.w.org\/{rel}","templated":true}]}}