{"id":1554,"date":"2025-12-09T10:19:00","date_gmt":"2025-12-09T10:19:00","guid":{"rendered":"https:\/\/prahasobe.cz\/praha6sobe\/?p=1554"},"modified":"2026-02-07T10:48:16","modified_gmt":"2026-02-07T10:48:16","slug":"tramvaje-na-strahov-uz-maji-jasnou-podobu-co-nas-ceka-v-roce-2027","status":"publish","type":"post","link":"https:\/\/prahasobe.cz\/praha6sobe\/2025\/12\/09\/tramvaje-na-strahov-uz-maji-jasnou-podobu-co-nas-ceka-v-roce-2027\/","title":{"rendered":"Tramvaje na Strahov u\u017e maj\u00ed jasnou podobu. Co n\u00e1\u0161 \u010dek\u00e1 v&nbsp;roce 2027?"},"content":{"rendered":"\n<p>V\u00fdstavba nov\u00e9 tramvajov\u00e9 trati na Strahov pokra\u010duje a&nbsp;Praha 6 se tak m\u016f\u017ee t\u011b\u0161it na lep\u0161\u00ed spojen\u00ed pro studenty, sportovce i&nbsp;m\u00edstn\u00ed obyvatele. Dokon\u010den\u00ed se pl\u00e1nuje na konec roku 2027. U\u017e te\u010f ale v\u00edme, jak\u00e9 linky sem zam\u00ed\u0159\u00ed.<\/p>\n\n\n\n<div style=\"height:20px\" aria-hidden=\"true\" class=\"wp-block-spacer\"><\/div>\n\n\n\n<p><strong><img loading=\"lazy\" decoding=\"async\" height=\"16\" width=\"16\" src=\"https:\/\/static.xx.fbcdn.net\/images\/emoji.php\/v9\/tf0\/2\/16\/1f449.png\" alt=\"\ud83d\udc49\">\u00a0Jak\u00e9 tramvaje budou na Strahov jezdit?<\/strong><\/p>\n\n\n\n<p><strong>Linka 28<\/strong><\/p>\n\n\n\n<p>Zajist\u00ed p\u0159\u00edm\u00e9 spojen\u00ed Strahova s&nbsp;V\u00edt\u011bzn\u00fdm n\u00e1m\u011bst\u00edm v&nbsp;Dejvic\u00edch a&nbsp;N\u00e1dra\u017e\u00edm Podbaba. Nahrad\u00ed sou\u010dasn\u00e9 autobusov\u00e9 linky 143 a&nbsp;149, kter\u00e9 dnes p\u0159ev\u00e1\u017en\u011b voz\u00ed studenty z&nbsp;a&nbsp;na Strahov.<\/p>\n\n\n\n<p><strong>Linka 29<\/strong><\/p>\n\n\n\n<p>Povede ze Strahova p\u0159es Poho\u0159elec, Hrad\u010danskou, Letensk\u00e9 n\u00e1m\u011bst\u00ed, Strossmayerovo n\u00e1m\u011bst\u00ed, centrum Prahy, I. P.&nbsp;Pavlova a&nbsp;N\u00e1m\u011bst\u00ed M\u00edru a\u017e do Vr\u0161ovic na Kub\u00e1nsk\u00e9 n\u00e1m\u011bst\u00ed. P\u016fjde o&nbsp;novou v\u00fdznamnou linku, kter\u00e1 Strahov p\u0159ipoj\u00ed p\u0159\u00edmo k&nbsp;centru i&nbsp;\u0161ir\u0161\u00ed dopravn\u00ed s\u00edti.<\/p>\n\n\n\n<div style=\"height:20px\" aria-hidden=\"true\" class=\"wp-block-spacer\"><\/div>\n\n\n\n<p><strong><img loading=\"lazy\" decoding=\"async\" height=\"16\" width=\"16\" src=\"https:\/\/static.xx.fbcdn.net\/images\/emoji.php\/v9\/t5c\/2\/16\/1f6e4.png\" alt=\"\ud83d\udee4\">\u00a0Jak bude nov\u00e1 tra\u0165 vypadat?<\/strong><\/p>\n\n\n\n<p>Tra\u0165 bude dlouh\u00e1 p\u0159ibli\u017en\u011b 1,3 kilometru. Za\u010dne u&nbsp;zast\u00e1vky Malovanka a&nbsp;povede v&nbsp;trase dne\u0161n\u00edch autobus\u016f a\u017e k&nbsp;prostoru sou\u010dasn\u00e9ho obrati\u0161t\u011b Stadion Strahov.<\/p>\n\n\n\n<p>Na Strahov\u011b bude mo\u017en\u00e9 p\u0159estoupit na autobusovou linku 149 i&nbsp;na nov\u00e9 trolejbusov\u00e9 linky 53 a&nbsp;56 (navazuj\u00edc\u00ed na dne\u0161n\u00ed autobusov\u00e9 spoje 176 a&nbsp;191).<\/p>\n\n\n\n<div style=\"height:20px\" aria-hidden=\"true\" class=\"wp-block-spacer\"><\/div>\n\n\n\n<p><strong><img loading=\"lazy\" decoding=\"async\" height=\"16\" width=\"16\" src=\"https:\/\/static.xx.fbcdn.net\/images\/emoji.php\/v9\/tcd\/2\/16\/2753.png\" alt=\"\u2753\">\u00a0Pro\u010d budou na lince 28 jezdit kr\u00e1tk\u00e9 tramvaje?<\/strong><\/p>\n\n\n\n<p>C\u00edlem je udr\u017eet co nejkrat\u0161\u00ed interval ve \u0161pi\u010dce, p\u0159ibli\u017en\u011b 4 minuty. D\u00edky tomu bude mo\u017en\u00e9 dob\u0159e koordinovat provoz s&nbsp;dv\u011bma dal\u0161\u00edmi linkami sm\u011br Podbaba, aby vznikl \u0161pi\u010dkov\u00fd interval kolem 2 minut. Re\u00e1lnou popt\u00e1vku ale uk\u00e1\u017ee a\u017e samotn\u00fd provoz. Linka 28 se bude z\u00e1rove\u0148 upravovat podle akademick\u00e9ho roku, proto\u017ee p\u016fjde hlavn\u011b o&nbsp;studentskou linku.<\/p>\n\n\n\n<div style=\"height:20px\" aria-hidden=\"true\" class=\"wp-block-spacer\"><\/div>\n\n\n\n<p><strong>Podrobnosti najdete v&nbsp;materi\u00e1lu PID:<\/strong><\/p>\n\n\n\n<div style=\"height:20px\" aria-hidden=\"true\" class=\"wp-block-spacer\"><\/div>\n\n\n\n<div class=\"wp-block-buttons is-layout-flex wp-block-buttons-is-layout-flex\">\n<div class=\"wp-block-button\"><a class=\"wp-block-button__link\" href=\"https:\/\/pid.cz\/wp-content\/uploads\/system\/TT2026-28\/tt-strahov.pdf?fbclid=IwY2xjawPz85xleHRuA2FlbQIxMABicmlkETAwYnZxMmduR2NUTURxdWxUc3J0YwZhcHBfaWQQMjIyMDM5MTc4ODIwMDg5MgABHrhGs-xHKr0dffb9nQJiCgoK058bamZ-dtk4rZ1uIBL3tDTMwkUZeOphtQ2h_aem_ulfm8hwewxUj2iW0ETrXvA\" target=\"_blank\" rel=\"noreferrer noopener\">p\u0159e\u010d\u00edst v\u00edce<\/a><\/div>\n<\/div>\n","protected":false},"excerpt":{"rendered":"<p>V\u00fdstavba nov\u00e9 tramvajov\u00e9 trati na Strahov pokra\u010duje a&nbsp;Praha 6 se tak m\u016f\u017ee t\u011b\u0161it na lep\u0161\u00ed spojen\u00ed pro studenty, sportovce i&nbsp;m\u00edstn\u00ed obyvatele. Dokon\u010den\u00ed se pl\u00e1nuje na konec roku 2027. U\u017e te\u010f ale v\u00edme, jak\u00e9 linky sem zam\u00ed\u0159\u00ed. \u00a0Jak\u00e9 tramvaje budou na Strahov jezdit? Linka 28 Zajist\u00ed p\u0159\u00edm\u00e9 spojen\u00ed Strahova s&nbsp;V\u00edt\u011bzn\u00fdm n\u00e1m\u011bst\u00edm v&nbsp;Dejvic\u00edch a&nbsp;N\u00e1dra\u017e\u00edm Podbaba. Nahrad\u00ed sou\u010dasn\u00e9 [&hellip;]<\/p>\n","protected":false},"author":9,"featured_media":1556,"comment_status":"open","ping_status":"open","sticky":false,"template":"","format":"standard","meta":{"_acf_changed":false,"inline_featured_image":false,"footnotes":""},"categories":[4],"tags":[],"class_list":["post-1554","post","type-post","status-publish","format-standard","has-post-thumbnail","hentry","category-news"],"acf":[],"aioseo_notices":[],"distributor_meta":false,"distributor_terms":false,"distributor_media":false,"distributor_original_site_name":"Praha6Sob\u011b","distributor_original_site_url":"https:\/\/prahasobe.cz\/praha6sobe","push-errors":false,"_links":{"self":[{"href":"https:\/\/prahasobe.cz\/praha6sobe\/wp-json\/wp\/v2\/posts\/1554","targetHints":{"allow":["GET"]}}],"collection":[{"href":"https:\/\/prahasobe.cz\/praha6sobe\/wp-json\/wp\/v2\/posts"}],"about":[{"href":"https:\/\/prahasobe.cz\/praha6sobe\/wp-json\/wp\/v2\/types\/post"}],"author":[{"embeddable":true,"href":"https:\/\/prahasobe.cz\/praha6sobe\/wp-json\/wp\/v2\/users\/9"}],"replies":[{"embeddable":true,"href":"https:\/\/prahasobe.cz\/praha6sobe\/wp-json\/wp\/v2\/comments?post=1554"}],"version-history":[{"count":6,"href":"https:\/\/prahasobe.cz\/praha6sobe\/wp-json\/wp\/v2\/posts\/1554\/revisions"}],"predecessor-version":[{"id":1565,"href":"https:\/\/prahasobe.cz\/praha6sobe\/wp-json\/wp\/v2\/posts\/1554\/revisions\/1565"}],"wp:featuredmedia":[{"embeddable":true,"href":"https:\/\/prahasobe.cz\/praha6sobe\/wp-json\/wp\/v2\/media\/1556"}],"wp:attachment":[{"href":"https:\/\/prahasobe.cz\/praha6sobe\/wp-json\/wp\/v2\/media?parent=1554"}],"wp:term":[{"taxonomy":"category","embeddable":true,"href":"https:\/\/prahasobe.cz\/praha6sobe\/wp-json\/wp\/v2\/categories?post=1554"},{"taxonomy":"post_tag","embeddable":true,"href":"https:\/\/prahasobe.cz\/praha6sobe\/wp-json\/wp\/v2\/tags?post=1554"}],"curies":[{"name":"wp","href":"https:\/\/api.w.org\/{rel}","templated":true}]}}