{"id":1540,"date":"2026-01-15T12:17:00","date_gmt":"2026-01-15T12:17:00","guid":{"rendered":"https:\/\/prahasobe.cz\/praha6sobe\/?p=1540"},"modified":"2026-01-23T12:18:04","modified_gmt":"2026-01-23T12:18:04","slug":"vlaky-pod-zem-mesto-zpatky-lidem","status":"publish","type":"post","link":"https:\/\/prahasobe.cz\/praha6sobe\/2026\/01\/15\/vlaky-pod-zem-mesto-zpatky-lidem\/","title":{"rendered":"Vlaky pod zem, m\u011bsto zp\u00e1tky lidem"},"content":{"rendered":"\n<p>Stromovka a&nbsp;Dejvice \u010dek\u00e1 velk\u00e1 prom\u011bna.<\/p>\n\n\n\n<div style=\"height:20px\" aria-hidden=\"true\" class=\"wp-block-spacer\"><\/div>\n\n\n\n<p>Projekt modernizace \u017eelezni\u010dn\u00ed trati mezi V\u00fdstavi\u0161t\u011bm a&nbsp;Dejvicemi se posouv\u00e1 do dal\u0161\u00ed kl\u00ed\u010dov\u00e9 f\u00e1ze. Podzemn\u00ed tunel pod Stromovkou a&nbsp;nov\u00e1 podzemn\u00ed stanice v&nbsp;Dejvic\u00edch m\u00ed\u0159\u00ed ke stavebn\u00edmu povolen\u00ed \u2013 a&nbsp;s&nbsp;nimi i&nbsp;zm\u011bna, kterou lid\u00e9 poc\u00edt\u00ed ka\u017ed\u00fd den.<\/p>\n\n\n\n<div style=\"height:20px\" aria-hidden=\"true\" class=\"wp-block-spacer\"><\/div>\n\n\n\n<p><img loading=\"lazy\" decoding=\"async\" height=\"16\" width=\"16\" src=\"https:\/\/static.xx.fbcdn.net\/images\/emoji.php\/v9\/t75\/2\/16\/2728.png\" alt=\"\u2728\">\u00a0Co to znamen\u00e1 v&nbsp;praxi?<br>Vlaky zmiz\u00ed pod zem, zmiz\u00ed p\u0159ejezdy a&nbsp;\u017eeleznice p\u0159estane rozd\u011blovat m\u011bsto. Na povrchu se naopak otev\u0159e prostor pro zele\u0148, klid, p\u011b\u0161\u00ed a&nbsp;cyklisty. V&nbsp;jej\u00ed p\u016fvodn\u00ed trase vznikne zelen\u00e1 radi\u00e1la, kter\u00e1 propoj\u00ed Stromovku s&nbsp;Letenskou pl\u00e1n\u00ed a&nbsp;stane se klidovou z\u00f3nou pro p\u011b\u0161\u00ed a&nbsp;cyklisty.<\/p>\n\n\n\n<div style=\"height:20px\" aria-hidden=\"true\" class=\"wp-block-spacer\"><\/div>\n\n\n\n<p><img loading=\"lazy\" decoding=\"async\" height=\"16\" width=\"16\" src=\"https:\/\/static.xx.fbcdn.net\/images\/emoji.php\/v9\/tec\/2\/16\/1f687.png\" alt=\"\ud83d\ude87\">\u00a0Dejvice s&nbsp;novou stanic\u00ed a&nbsp;lep\u0161\u00edmi p\u0159estupy<br>Stanice Praha-Dejvice se p\u0159esune pod zem a&nbsp;nab\u00eddne p\u0159\u00edm\u00fd p\u0159estup na metro, bezbari\u00e9rov\u00e9 vstupy a&nbsp;lep\u0161\u00ed n\u00e1vaznosti. Vznikne modern\u00ed dopravn\u00ed uzel, kter\u00fd usnadn\u00ed cestov\u00e1n\u00ed nejen m\u00edstn\u00edm, ale i&nbsp;lidem doj\u00ed\u017ed\u011bj\u00edc\u00edm z&nbsp;regionu.<\/p>\n\n\n\n<div style=\"height:20px\" aria-hidden=\"true\" class=\"wp-block-spacer\"><\/div>\n\n\n\n<p><img loading=\"lazy\" decoding=\"async\" height=\"16\" width=\"16\" src=\"https:\/\/static.xx.fbcdn.net\/images\/emoji.php\/v9\/tde\/2\/16\/1f30d.png\" alt=\"\ud83c\udf0d\">\u00a0Rychlej\u0161\u00ed, ti\u0161\u0161\u00ed a&nbsp;udr\u017eiteln\u011bj\u0161\u00ed doprava<br>Cel\u00fd projekt modernizace trati Praha \u2013 Kladno \u2013 Leti\u0161t\u011b V\u00e1clava Havla p\u0159inese rychlej\u0161\u00ed spojen\u00ed, m\u00e9n\u011b hluku, ni\u017e\u0161\u00ed emise a&nbsp;kvalitn\u011bj\u0161\u00ed ve\u0159ejn\u00fd prostor. Modern\u00ed \u017eeleznice, kter\u00e1 respektuje m\u011bsto i&nbsp;p\u0159\u00edrodu.<\/p>\n\n\n\n<div style=\"height:20px\" aria-hidden=\"true\" class=\"wp-block-spacer\"><\/div>\n\n\n\n<figure class=\"wp-block-gallery has-nested-images columns-default is-cropped wp-block-gallery-1 is-layout-flex wp-block-gallery-is-layout-flex\">\n<figure class=\"wp-block-image size-large\"><img loading=\"lazy\" decoding=\"async\" width=\"1273\" height=\"955\" data-id=\"1542\" src=\"http:\/\/prahasobe.cz\/praha6sobe\/wp-content\/uploads\/sites\/5\/2026\/01\/20250505_105212.jpg.webp\" alt=\"Vizualizace nov\u00e9 podzemn\u00ed stanice Praha-Dejvice\" class=\"wp-image-1542\" srcset=\"https:\/\/prahasobe.cz\/praha6sobe\/wp-content\/uploads\/sites\/5\/2026\/01\/20250505_105212.jpg.webp 1273w, https:\/\/prahasobe.cz\/praha6sobe\/wp-content\/uploads\/sites\/5\/2026\/01\/20250505_105212.jpg-300x225.webp 300w, https:\/\/prahasobe.cz\/praha6sobe\/wp-content\/uploads\/sites\/5\/2026\/01\/20250505_105212.jpg-1024x768.webp 1024w, https:\/\/prahasobe.cz\/praha6sobe\/wp-content\/uploads\/sites\/5\/2026\/01\/20250505_105212.jpg-768x576.webp 768w\" sizes=\"auto, (max-width: 1273px) 100vw, 1273px\" \/><figcaption>Vizualizace nov\u00e9 podzemn\u00ed stanice Praha-Dejvice<\/figcaption><\/figure>\n\n\n\n<figure class=\"wp-block-image size-large\"><img loading=\"lazy\" decoding=\"async\" width=\"2048\" height=\"1366\" data-id=\"1543\" src=\"http:\/\/prahasobe.cz\/praha6sobe\/wp-content\/uploads\/sites\/5\/2026\/01\/518294506_1022041940118919_5242838161698312026_n.jpg.webp\" alt=\"Vizualizace nov\u00e9 podzemn\u00ed stanice Praha-Dejvice\" class=\"wp-image-1543\" srcset=\"https:\/\/prahasobe.cz\/praha6sobe\/wp-content\/uploads\/sites\/5\/2026\/01\/518294506_1022041940118919_5242838161698312026_n.jpg.webp 2048w, https:\/\/prahasobe.cz\/praha6sobe\/wp-content\/uploads\/sites\/5\/2026\/01\/518294506_1022041940118919_5242838161698312026_n.jpg-300x200.webp 300w, https:\/\/prahasobe.cz\/praha6sobe\/wp-content\/uploads\/sites\/5\/2026\/01\/518294506_1022041940118919_5242838161698312026_n.jpg-1024x683.webp 1024w, https:\/\/prahasobe.cz\/praha6sobe\/wp-content\/uploads\/sites\/5\/2026\/01\/518294506_1022041940118919_5242838161698312026_n.jpg-768x512.webp 768w, https:\/\/prahasobe.cz\/praha6sobe\/wp-content\/uploads\/sites\/5\/2026\/01\/518294506_1022041940118919_5242838161698312026_n.jpg-1536x1025.webp 1536w\" sizes=\"auto, (max-width: 2048px) 100vw, 2048px\" \/><figcaption>Vizualizace nov\u00e9 podzemn\u00ed stanice Praha-Dejvice<\/figcaption><\/figure>\n\n\n\n<figure class=\"wp-block-image size-large\"><img loading=\"lazy\" decoding=\"async\" width=\"2048\" height=\"1366\" data-id=\"1544\" src=\"http:\/\/prahasobe.cz\/praha6sobe\/wp-content\/uploads\/sites\/5\/2026\/01\/520624747_1022041786785601_1513172806719546143_n.jpg.webp\" alt=\"Vizualizace nov\u00e9 podzemn\u00ed stanice Praha-Dejvice\" class=\"wp-image-1544\" srcset=\"https:\/\/prahasobe.cz\/praha6sobe\/wp-content\/uploads\/sites\/5\/2026\/01\/520624747_1022041786785601_1513172806719546143_n.jpg.webp 2048w, https:\/\/prahasobe.cz\/praha6sobe\/wp-content\/uploads\/sites\/5\/2026\/01\/520624747_1022041786785601_1513172806719546143_n.jpg-300x200.webp 300w, https:\/\/prahasobe.cz\/praha6sobe\/wp-content\/uploads\/sites\/5\/2026\/01\/520624747_1022041786785601_1513172806719546143_n.jpg-1024x683.webp 1024w, https:\/\/prahasobe.cz\/praha6sobe\/wp-content\/uploads\/sites\/5\/2026\/01\/520624747_1022041786785601_1513172806719546143_n.jpg-768x512.webp 768w, https:\/\/prahasobe.cz\/praha6sobe\/wp-content\/uploads\/sites\/5\/2026\/01\/520624747_1022041786785601_1513172806719546143_n.jpg-1536x1025.webp 1536w\" sizes=\"auto, (max-width: 2048px) 100vw, 2048px\" \/><figcaption>Vizualizace nov\u00e9 podzemn\u00ed stanice Praha-Dejvice<\/figcaption><\/figure>\n\n\n\n<figure class=\"wp-block-image size-large\"><img loading=\"lazy\" decoding=\"async\" width=\"2055\" height=\"1465\" data-id=\"1545\" src=\"http:\/\/prahasobe.cz\/praha6sobe\/wp-content\/uploads\/sites\/5\/2026\/01\/A35-praha-vystaviste-praha-dejvice.png.webp\" alt=\"Vizualizace nov\u00e9 podzemn\u00ed stanice Praha-Dejvice\" class=\"wp-image-1545\" srcset=\"https:\/\/prahasobe.cz\/praha6sobe\/wp-content\/uploads\/sites\/5\/2026\/01\/A35-praha-vystaviste-praha-dejvice.png.webp 2055w, https:\/\/prahasobe.cz\/praha6sobe\/wp-content\/uploads\/sites\/5\/2026\/01\/A35-praha-vystaviste-praha-dejvice.png-300x214.webp 300w, https:\/\/prahasobe.cz\/praha6sobe\/wp-content\/uploads\/sites\/5\/2026\/01\/A35-praha-vystaviste-praha-dejvice.png-1024x730.webp 1024w, https:\/\/prahasobe.cz\/praha6sobe\/wp-content\/uploads\/sites\/5\/2026\/01\/A35-praha-vystaviste-praha-dejvice.png-768x548.webp 768w, https:\/\/prahasobe.cz\/praha6sobe\/wp-content\/uploads\/sites\/5\/2026\/01\/A35-praha-vystaviste-praha-dejvice.png-1536x1095.webp 1536w, https:\/\/prahasobe.cz\/praha6sobe\/wp-content\/uploads\/sites\/5\/2026\/01\/A35-praha-vystaviste-praha-dejvice.png-2048x1460.webp 2048w\" sizes=\"auto, (max-width: 2055px) 100vw, 2055px\" \/><figcaption>Vizualizace nov\u00e9 podzemn\u00ed stanice Praha-Dejvice<\/figcaption><\/figure>\n\n\n\n<figure class=\"wp-block-image size-large\"><img loading=\"lazy\" decoding=\"async\" width=\"868\" height=\"589\" data-id=\"1546\" src=\"http:\/\/prahasobe.cz\/praha6sobe\/wp-content\/uploads\/sites\/5\/2026\/01\/stromovka-2.jpg\" alt=\"Vizualizace nov\u00e9 podzemn\u00ed stanice Praha-Dejvice\" class=\"wp-image-1546\" srcset=\"https:\/\/prahasobe.cz\/praha6sobe\/wp-content\/uploads\/sites\/5\/2026\/01\/stromovka-2.jpg 868w, https:\/\/prahasobe.cz\/praha6sobe\/wp-content\/uploads\/sites\/5\/2026\/01\/stromovka-2-300x204.jpg 300w, https:\/\/prahasobe.cz\/praha6sobe\/wp-content\/uploads\/sites\/5\/2026\/01\/stromovka-2-768x521.jpg 768w\" sizes=\"auto, (max-width: 868px) 100vw, 868px\" \/><figcaption>Vizualizace nov\u00e9 podzemn\u00ed stanice Praha-Dejvice<\/figcaption><\/figure>\n\n\n\n<figure class=\"wp-block-image size-large\"><img loading=\"lazy\" decoding=\"async\" width=\"1288\" height=\"907\" data-id=\"1547\" src=\"http:\/\/prahasobe.cz\/praha6sobe\/wp-content\/uploads\/sites\/5\/2026\/01\/Stromovka.jpg\" alt=\"Vizualizace nov\u00e9 podzemn\u00ed stanice Praha-Dejvice\" class=\"wp-image-1547\" srcset=\"https:\/\/prahasobe.cz\/praha6sobe\/wp-content\/uploads\/sites\/5\/2026\/01\/Stromovka.jpg 1288w, https:\/\/prahasobe.cz\/praha6sobe\/wp-content\/uploads\/sites\/5\/2026\/01\/Stromovka-300x211.jpg 300w, https:\/\/prahasobe.cz\/praha6sobe\/wp-content\/uploads\/sites\/5\/2026\/01\/Stromovka-1024x721.jpg 1024w, https:\/\/prahasobe.cz\/praha6sobe\/wp-content\/uploads\/sites\/5\/2026\/01\/Stromovka-768x541.jpg 768w\" sizes=\"auto, (max-width: 1288px) 100vw, 1288px\" \/><figcaption>Vizualizace nov\u00e9 podzemn\u00ed stanice Praha-Dejvice<\/figcaption><\/figure>\n<\/figure>\n\n\n\n<div style=\"height:20px\" aria-hidden=\"true\" class=\"wp-block-spacer\"><\/div>\n\n\n\n<p>Zdroj vizualizac\u00ed:\u00a0<a href=\"https:\/\/www.facebook.com\/Spravazeleznic?__tn__=-]K*F\">Spr\u00e1va \u017eeleznic<\/a><\/p>\n\n\n\n<p><img loading=\"lazy\" decoding=\"async\" height=\"16\" width=\"16\" alt=\"\ud83e\udd1d\" src=\"https:\/\/static.xx.fbcdn.net\/images\/emoji.php\/v9\/t3\/2\/16\/1f91d.png\"><a href=\"https:\/\/www.facebook.com\/PRAHASOBE.CZ?__tn__=-]K*F\">PRAHA SOB\u011a<\/a>&nbsp;|&nbsp;<a href=\"https:\/\/www.facebook.com\/Praha6?__tn__=-]K*F\">Praha 6<\/a>&nbsp;|&nbsp;<a href=\"https:\/\/www.facebook.com\/capkovamariana?__tn__=-]K*F\">Mariana \u010capkov\u00e1 &#8211; m\u00edstostarostka Prahy 6<\/a><\/p>\n","protected":false},"excerpt":{"rendered":"<p>Stromovka a&nbsp;Dejvice \u010dek\u00e1 velk\u00e1 prom\u011bna. Projekt modernizace \u017eelezni\u010dn\u00ed trati mezi V\u00fdstavi\u0161t\u011bm a&nbsp;Dejvicemi se posouv\u00e1 do dal\u0161\u00ed kl\u00ed\u010dov\u00e9 f\u00e1ze. Podzemn\u00ed tunel pod Stromovkou a&nbsp;nov\u00e1 podzemn\u00ed stanice v&nbsp;Dejvic\u00edch m\u00ed\u0159\u00ed ke stavebn\u00edmu povolen\u00ed \u2013 a&nbsp;s&nbsp;nimi i&nbsp;zm\u011bna, kterou lid\u00e9 poc\u00edt\u00ed ka\u017ed\u00fd den. \u00a0Co to znamen\u00e1 v&nbsp;praxi?Vlaky zmiz\u00ed pod zem, zmiz\u00ed p\u0159ejezdy a&nbsp;\u017eeleznice p\u0159estane rozd\u011blovat m\u011bsto. Na povrchu se naopak [&hellip;]<\/p>\n","protected":false},"author":9,"featured_media":1541,"comment_status":"open","ping_status":"open","sticky":false,"template":"","format":"standard","meta":{"_acf_changed":false,"inline_featured_image":false,"footnotes":""},"categories":[4],"tags":[],"class_list":["post-1540","post","type-post","status-publish","format-standard","has-post-thumbnail","hentry","category-news"],"acf":[],"aioseo_notices":[],"distributor_meta":false,"distributor_terms":false,"distributor_media":false,"distributor_original_site_name":"Praha6Sob\u011b","distributor_original_site_url":"https:\/\/prahasobe.cz\/praha6sobe","push-errors":false,"_links":{"self":[{"href":"https:\/\/prahasobe.cz\/praha6sobe\/wp-json\/wp\/v2\/posts\/1540","targetHints":{"allow":["GET"]}}],"collection":[{"href":"https:\/\/prahasobe.cz\/praha6sobe\/wp-json\/wp\/v2\/posts"}],"about":[{"href":"https:\/\/prahasobe.cz\/praha6sobe\/wp-json\/wp\/v2\/types\/post"}],"author":[{"embeddable":true,"href":"https:\/\/prahasobe.cz\/praha6sobe\/wp-json\/wp\/v2\/users\/9"}],"replies":[{"embeddable":true,"href":"https:\/\/prahasobe.cz\/praha6sobe\/wp-json\/wp\/v2\/comments?post=1540"}],"version-history":[{"count":1,"href":"https:\/\/prahasobe.cz\/praha6sobe\/wp-json\/wp\/v2\/posts\/1540\/revisions"}],"predecessor-version":[{"id":1548,"href":"https:\/\/prahasobe.cz\/praha6sobe\/wp-json\/wp\/v2\/posts\/1540\/revisions\/1548"}],"wp:featuredmedia":[{"embeddable":true,"href":"https:\/\/prahasobe.cz\/praha6sobe\/wp-json\/wp\/v2\/media\/1541"}],"wp:attachment":[{"href":"https:\/\/prahasobe.cz\/praha6sobe\/wp-json\/wp\/v2\/media?parent=1540"}],"wp:term":[{"taxonomy":"category","embeddable":true,"href":"https:\/\/prahasobe.cz\/praha6sobe\/wp-json\/wp\/v2\/categories?post=1540"},{"taxonomy":"post_tag","embeddable":true,"href":"https:\/\/prahasobe.cz\/praha6sobe\/wp-json\/wp\/v2\/tags?post=1540"}],"curies":[{"name":"wp","href":"https:\/\/api.w.org\/{rel}","templated":true}]}}