{"id":1524,"date":"2026-01-23T11:24:31","date_gmt":"2026-01-23T11:24:31","guid":{"rendered":"https:\/\/prahasobe.cz\/praha6sobe\/?p=1524"},"modified":"2026-01-23T11:24:32","modified_gmt":"2026-01-23T11:24:32","slug":"taky-si-pamatujete-na-pohodove-koupani-u-nadrze-dzban","status":"publish","type":"post","link":"https:\/\/prahasobe.cz\/praha6sobe\/2026\/01\/23\/taky-si-pamatujete-na-pohodove-koupani-u-nadrze-dzban\/","title":{"rendered":"Taky si pamatujete na pohodov\u00e9 koup\u00e1n\u00ed u&nbsp;n\u00e1dr\u017ee D\u017eb\u00e1n?"},"content":{"rendered":"\n<p>P\u0159ed 15 lety pozemky z\u00edskala spole\u010dnost Molepo a&nbsp;p\u0159\u00edstup k&nbsp;vod\u011b uzav\u0159ela. Te\u010f je nab\u00edz\u00ed k&nbsp;prodeji, jen\u017ee m\u011bsto v\u00e1h\u00e1. Na\u0161i v\u00fdzvu, aby Rada hlavn\u00edho m\u011bsta odkup urychlila, dnes koalice ODS, STAN a&nbsp;Pir\u00e1t\u016f ani nepustila na program.\u00a0<img loading=\"lazy\" decoding=\"async\" height=\"16\" width=\"16\" src=\"https:\/\/static.xx.fbcdn.net\/images\/emoji.php\/v9\/t38\/2\/16\/23f3.png\" alt=\"\u23f3\"><img loading=\"lazy\" decoding=\"async\" height=\"16\" width=\"16\" src=\"https:\/\/static.xx.fbcdn.net\/images\/emoji.php\/v9\/t5e\/2\/16\/274c.png\" alt=\"\u274c\"><\/p>\n\n\n\n<div style=\"height:20px\" aria-hidden=\"true\" class=\"wp-block-spacer\"><\/div>\n\n\n\n<p>Zrovna ODS m\u00e1 p\u0159itom m\u00e1sla na hlav\u011b a\u017e a\u017e. V&nbsp;roce 2011 se b\u011bhem v\u00e1no\u010dn\u00ed dra\u017eby dostalo koupali\u0161t\u011b D\u017eb\u00e1n do rukou jedin\u00e9ho z\u00e1jemce \u2013 firmy Molepo. Tu spoluvlastn\u00ed Vladim\u00edr Schmalz, \u010dlen ODS a&nbsp;jej\u00ed dne\u0161n\u00ed nominant v&nbsp;dozor\u010d\u00ed rad\u011b Pra\u017esk\u00e9 plyn\u00e1rensk\u00e9.<\/p>\n\n\n\n<div style=\"height:20px\" aria-hidden=\"true\" class=\"wp-block-spacer\"><\/div>\n\n\n\n<p>Tehdej\u0161\u00ed veden\u00ed Prahy za ODS \u2013 prim\u00e1tor Bohuslav Svoboda, radn\u00ed Alexandra Ud\u017eenija a&nbsp;Zden\u011bk Zaj\u00ed\u010dek jako tehdej\u0161\u00ed n\u00e1m\u011bstek ministra financ\u00ed \u2013 p\u0159itom m\u011bli v\u0161echny mo\u017enosti zajistit, aby D\u017eb\u00e1n z\u016fstal ve vlastnictv\u00ed m\u011bsta, sta\u010dilo poslechnout, co jim radil likvid\u00e1tor podniku, z&nbsp;jeho\u017e majetku se pozemky D\u017eb\u00e1nu tehdy prod\u00e1valy.\u00a0<img loading=\"lazy\" decoding=\"async\" height=\"16\" width=\"16\" src=\"https:\/\/static.xx.fbcdn.net\/images\/emoji.php\/v9\/t5d\/2\/16\/26a0.png\" alt=\"\u26a0\ufe0f\"><\/p>\n\n\n\n<div style=\"height:20px\" aria-hidden=\"true\" class=\"wp-block-spacer\"><\/div>\n\n\n\n<p>Praha 6 u\u017e t\u0159et\u00ed sezonu provozuje n\u00e1hradn\u00ed Park D\u017eb\u00e1n, o&nbsp;kter\u00fd je ohromn\u00fd z\u00e1jem. Kdy\u017e Praha pozemky koup\u00ed, kone\u010dn\u011b by mohla otev\u0159\u00edt cel\u00e9 koupali\u0161t\u011b ve\u0159ejnosti.&nbsp;<img loading=\"lazy\" decoding=\"async\" height=\"16\" width=\"16\" alt=\"\ud83c\udfca\u200d\u2642\ufe0f\" src=\"https:\/\/static.xx.fbcdn.net\/images\/emoji.php\/v9\/t38\/2\/16\/1f3ca_200d_2642.png\">&nbsp;Je to lep\u0161\u00ed, ne\u017e tu mo\u017enost nav\u017edycky ztratit. Sou\u010dasn\u00fd pir\u00e1tsk\u00fd radn\u00ed Z\u00e1bransk\u00fd m\u00e1 v&nbsp;tomhle nulov\u00fd v\u00fdsledek.<\/p>\n","protected":false},"excerpt":{"rendered":"<p>P\u0159ed 15 lety pozemky z\u00edskala spole\u010dnost Molepo a&nbsp;p\u0159\u00edstup k&nbsp;vod\u011b uzav\u0159ela. Te\u010f je nab\u00edz\u00ed k&nbsp;prodeji, jen\u017ee m\u011bsto v\u00e1h\u00e1. Na\u0161i v\u00fdzvu, aby Rada hlavn\u00edho m\u011bsta odkup urychlila, dnes koalice ODS, STAN a&nbsp;Pir\u00e1t\u016f ani nepustila na program.\u00a0 Zrovna ODS m\u00e1 p\u0159itom m\u00e1sla na hlav\u011b a\u017e a\u017e. V&nbsp;roce 2011 se b\u011bhem v\u00e1no\u010dn\u00ed dra\u017eby dostalo koupali\u0161t\u011b D\u017eb\u00e1n do rukou jedin\u00e9ho [&hellip;]<\/p>\n","protected":false},"author":9,"featured_media":1525,"comment_status":"open","ping_status":"open","sticky":false,"template":"","format":"standard","meta":{"_acf_changed":false,"inline_featured_image":false,"footnotes":""},"categories":[4],"tags":[],"class_list":["post-1524","post","type-post","status-publish","format-standard","has-post-thumbnail","hentry","category-news"],"acf":[],"aioseo_notices":[],"distributor_meta":false,"distributor_terms":false,"distributor_media":false,"distributor_original_site_name":"Praha6Sob\u011b","distributor_original_site_url":"https:\/\/prahasobe.cz\/praha6sobe","push-errors":false,"_links":{"self":[{"href":"https:\/\/prahasobe.cz\/praha6sobe\/wp-json\/wp\/v2\/posts\/1524","targetHints":{"allow":["GET"]}}],"collection":[{"href":"https:\/\/prahasobe.cz\/praha6sobe\/wp-json\/wp\/v2\/posts"}],"about":[{"href":"https:\/\/prahasobe.cz\/praha6sobe\/wp-json\/wp\/v2\/types\/post"}],"author":[{"embeddable":true,"href":"https:\/\/prahasobe.cz\/praha6sobe\/wp-json\/wp\/v2\/users\/9"}],"replies":[{"embeddable":true,"href":"https:\/\/prahasobe.cz\/praha6sobe\/wp-json\/wp\/v2\/comments?post=1524"}],"version-history":[{"count":1,"href":"https:\/\/prahasobe.cz\/praha6sobe\/wp-json\/wp\/v2\/posts\/1524\/revisions"}],"predecessor-version":[{"id":1526,"href":"https:\/\/prahasobe.cz\/praha6sobe\/wp-json\/wp\/v2\/posts\/1524\/revisions\/1526"}],"wp:featuredmedia":[{"embeddable":true,"href":"https:\/\/prahasobe.cz\/praha6sobe\/wp-json\/wp\/v2\/media\/1525"}],"wp:attachment":[{"href":"https:\/\/prahasobe.cz\/praha6sobe\/wp-json\/wp\/v2\/media?parent=1524"}],"wp:term":[{"taxonomy":"category","embeddable":true,"href":"https:\/\/prahasobe.cz\/praha6sobe\/wp-json\/wp\/v2\/categories?post=1524"},{"taxonomy":"post_tag","embeddable":true,"href":"https:\/\/prahasobe.cz\/praha6sobe\/wp-json\/wp\/v2\/tags?post=1524"}],"curies":[{"name":"wp","href":"https:\/\/api.w.org\/{rel}","templated":true}]}}