{"id":1517,"date":"2025-02-25T08:38:00","date_gmt":"2025-02-25T08:38:00","guid":{"rendered":"https:\/\/prahasobe.cz\/praha6sobe\/?p=1517"},"modified":"2026-01-14T08:53:21","modified_gmt":"2026-01-14T08:53:21","slug":"co-se-doctete-v-unorove-sestce","status":"publish","type":"post","link":"https:\/\/prahasobe.cz\/praha6sobe\/2025\/02\/25\/co-se-doctete-v-unorove-sestce\/","title":{"rendered":"Co se do\u010dtete v&nbsp;\u00fanorov\u00e9 \u0160estce?"},"content":{"rendered":"\n<p>Hlavn\u00edm t\u00e9matem je roz\u0161i\u0159ov\u00e1n\u00ed tramvajov\u00fdch trat\u00ed u&nbsp;n\u00e1s na \u0161estce. <img loading=\"lazy\" decoding=\"async\" height=\"16\" width=\"16\" src=\"https:\/\/static.xx.fbcdn.net\/images\/emoji.php\/v9\/tee\/2\/16\/1f447.png\" alt=\"\ud83d\udc47\"><\/p>\n\n\n\n<div style=\"height:20px\" aria-hidden=\"true\" class=\"wp-block-spacer\"><\/div>\n\n\n\n<p>\u201eRozhodn\u011b ano! Praha sob\u011b dlouhodob\u011b prosazuje rozvoj tramvajov\u00e9 dopravy, co\u017e potvrzuj\u00ed i&nbsp;v\u00fdsledky na\u0161\u00ed pr\u00e1ce. K&nbsp;tramvajov\u00e9mu \u201eboomu\u201c posledn\u00edch let ze strany Magistr\u00e1tu v\u00fdrazn\u011b p\u0159isp\u011bl Adam Scheinherr, n\u00e1\u0161 n\u00e1m\u011bstek pro dopravu v&nbsp;p\u0159edchoz\u00edm obdob\u00ed. Na\u0161\u00edm p\u0159i\u010din\u011bn\u00edm vznikly nov\u00e9 trat\u011b, jako je spojen\u00ed na D\u011bdinu, prodlou\u017een\u00ed z&nbsp;Mod\u0159an do Libu\u0161e nebo tra\u0165 na Holyni, kter\u00e1 v\u00fdrazn\u011b zlep\u0161ila spojen\u00ed pro obyvatele Slivence. A&nbsp;t\u00edm to nekon\u010d\u00ed \u2013 mezi p\u0159ipraven\u00fdmi projekty vynik\u00e1 nap\u0159\u00edklad prodlou\u017een\u00ed tramvaje ke kolej\u00edm na Strahov, kter\u00e9 u\u017e z\u00edskalo stavebn\u00ed povolen\u00ed. Zah\u00e1jen\u00ed stavby je pl\u00e1nov\u00e1no na jaro 2026. Na Praze 6 podporujeme v\u0161echna pl\u00e1novan\u00e1 prodlou\u017een\u00ed: na Suchdol a&nbsp;d\u00e1l do Horom\u011b\u0159ic \u010di&nbsp;P\u0159\u00edlep, propojen\u00ed Prahy 6 a&nbsp;Prahy 8 p\u0159es nov\u00fd most se zast\u00e1vkou u&nbsp;ZOO i&nbsp;strategick\u00e9 prodlou\u017een\u00ed tramvajov\u00e9 trati a\u017e na Leti\u0161t\u011b V\u00e1clava Havla. Kl\u00ed\u010dov\u00e9 je tak\u00e9 propojen\u00ed Vypichu s&nbsp;Plze\u0148skou ulic\u00ed p\u0159es Kuklovu. Jsme p\u0159esv\u011bd\u010deni, \u017ee tramvaje jsou kl\u00ed\u010dem k&nbsp;modern\u00ed, ekologick\u00e9 a&nbsp;efektivn\u00ed doprav\u011b. A&nbsp;jako Praha sob\u011b m\u00e1me nejen jasnou vizi, ale tak\u00e9 v\u00fdsledky, kter\u00e9 dokazuj\u00ed, \u017ee to dok\u00e1\u017eeme dot\u00e1hnout.\u201c dod\u00e1v\u00e1 na\u0161e <a href=\"https:\/\/www.facebook.com\/capkovamariana?__cft__[0]=AZbKi3WXU8lraiXZxa0Q-ml_qYOpqnLd0civF6FHgRtJjDxaxOYuuHwqVUNq4PPRcaF3sxOTgO4Qa9c8pn1-uq3s1_u4ITNuR3LN0zeRYZGYKUdo4nCOk60SVt_VbsrKFmT51ybmw1L7b4OUODa1ak9KDKTEZWEgMZpH9-bQ4W418A&amp;__tn__=-]K-R\">Mariana \u010capkov\u00e1 &#8211; m\u00edstostarostka Prahy 6<\/a> na ot\u00e1zku v&nbsp;politick\u00e9 diskuzi na ot\u00e1zku: Podporujete roz\u0161i\u0159ov\u00e1n\u00ed tramvajov\u00fdch trat\u00ed v&nbsp;Praze 6?<\/p>\n\n\n\n<div style=\"height:20px\" aria-hidden=\"true\" class=\"wp-block-spacer\"><\/div>\n\n\n\n<p>A co dal\u0161\u00edho najdete v&nbsp;prosincov\u00e9m \u010d\u00edsle?<\/p>\n\n\n\n<p><img loading=\"lazy\" decoding=\"async\" height=\"16\" width=\"16\" alt=\"\ud83c\udfad\" src=\"https:\/\/static.xx.fbcdn.net\/images\/emoji.php\/v9\/t4d\/2\/16\/1f3ad.png\"> \u0160estkov\u00e1 divadla do\u010dasn\u011b m\u011bn\u00ed sc\u00e9ny \u2013 Rekonstrukce zas\u00e1hne divadlo Spejbla a&nbsp;Hurv\u00ednka i&nbsp;Dejvick\u00e9 divadlo. Kde budou do\u010dasn\u011b p\u016fsobit?<\/p>\n\n\n\n<p><img loading=\"lazy\" decoding=\"async\" height=\"16\" width=\"16\" alt=\"\u26f8\ufe0f\" src=\"https:\/\/static.xx.fbcdn.net\/images\/emoji.php\/v9\/t80\/2\/16\/26f8.png\"> Bruslit na Vypichu m\u016f\u017eete do 2.&nbsp;b\u0159ezna \u2013 Ledov\u00e1 plocha z\u016fst\u00e1v\u00e1 otev\u0159en\u00e1 a&nbsp;nab\u00edz\u00ed nejen bruslen\u00ed, ale i&nbsp;kulturn\u00ed program.<\/p>\n\n\n\n<p><img loading=\"lazy\" decoding=\"async\" height=\"16\" width=\"16\" alt=\"\ud83d\udc69\u200d\ud83d\udc67\u200d\ud83d\udc66\" src=\"https:\/\/static.xx.fbcdn.net\/images\/emoji.php\/v9\/t2d\/2\/16\/1f469_200d_1f467_200d_1f466.png\"> Soci\u00e1ln\u00ed pracovnice pom\u016f\u017ee ohro\u017een\u00fdm d\u011btem \u2013 Praha 6 jako prvn\u00ed m\u011bstsk\u00e1 \u010d\u00e1st z\u0159\u00eddila speci\u00e1ln\u00ed pozici na podporu d\u011bt\u00ed a&nbsp;rodin.<\/p>\n\n\n\n<p><img loading=\"lazy\" decoding=\"async\" height=\"16\" width=\"16\" alt=\"\ud83d\ude97\" src=\"https:\/\/static.xx.fbcdn.net\/images\/emoji.php\/v9\/t8b\/2\/16\/1f697.png\"> Regulace dopravy na Mal\u00e9m B\u0159evnov\u011b \u2013 Nov\u00e1 opat\u0159en\u00ed zabr\u00e1n\u00ed p\u0159et\u00ed\u017een\u00ed ulic tranzitn\u00ed dopravou.<\/p>\n\n\n\n<p><img loading=\"lazy\" decoding=\"async\" height=\"16\" width=\"16\" alt=\"\ud83c\udfeb\" src=\"https:\/\/static.xx.fbcdn.net\/images\/emoji.php\/v9\/tc7\/2\/16\/1f3eb.png\"> D\u011bti ve \u0161kolk\u00e1ch si op\u011bt vyzkou\u0161ej\u00ed participaci \u2013 Participativn\u00ed rozpo\u010det v&nbsp;mate\u0159sk\u00fdch \u0161kol\u00e1ch pokra\u010duje.<\/p>\n\n\n\n<p><img loading=\"lazy\" decoding=\"async\" height=\"16\" width=\"16\" alt=\"\ud83c\udfe1\" src=\"https:\/\/static.xx.fbcdn.net\/images\/emoji.php\/v9\/t16\/2\/16\/1f3e1.png\"> Budoucnost vil Na \u0160pejcharu \u2013 Jak vyu\u017e\u00edt ch\u00e1traj\u00edc\u00ed \u00fazem\u00ed u&nbsp;t\u0159\u00eddy Milady Hor\u00e1kov\u00e9?<\/p>\n\n\n\n<p><img loading=\"lazy\" decoding=\"async\" height=\"16\" width=\"16\" alt=\"\ud83e\udea6\" src=\"https:\/\/static.xx.fbcdn.net\/images\/emoji.php\/v9\/tcd\/2\/16\/1faa6.png\"> Prom\u011bna h\u0159bitova Na Skalce \u2013 Historick\u00fd h\u0159bitov v&nbsp;Buben\u010di \u010dek\u00e1 obnova, vznikne zde nov\u00e9 m\u00edsto rozlou\u010den\u00ed.<\/p>\n\n\n\n<p><img loading=\"lazy\" decoding=\"async\" height=\"16\" width=\"16\" alt=\"\ud83d\ude8b\" src=\"https:\/\/static.xx.fbcdn.net\/images\/emoji.php\/v9\/t97\/2\/16\/1f68b.png\"> Roz\u0161i\u0159ov\u00e1n\u00ed tramvajov\u00e9 dopravy \u2013 Pl\u00e1novan\u00e9 trat\u011b na Strahov a&nbsp;do Suchdola p\u0159ibl\u00ed\u017e\u00ed ve\u0159ejnou dopravu obyvatel\u016fm.<\/p>\n\n\n\n<p><img loading=\"lazy\" decoding=\"async\" height=\"16\" width=\"16\" src=\"https:\/\/static.xx.fbcdn.net\/images\/emoji.php\/v9\/t12\/2\/16\/2615.png\" alt=\"\u2615\"> Rozhovor s&nbsp;Julkem Mach\u00e1\u010dkem \u2013 Jak vznikla legend\u00e1rn\u00ed kav\u00e1rna Kabinet a&nbsp;jak se pod\u00edlel na radni\u010dn\u00edch novin\u00e1ch \u0160estka?<\/p>\n\n\n\n<div style=\"height:20px\" aria-hidden=\"true\" class=\"wp-block-spacer\"><\/div>\n\n\n\n<p><img loading=\"lazy\" decoding=\"async\" height=\"16\" width=\"16\" alt=\"\ud83d\udccd\" src=\"https:\/\/static.xx.fbcdn.net\/images\/emoji.php\/v9\/tcc\/2\/16\/1f4cd.png\"> Cel\u00e9 \u010d\u00edslo si m\u016f\u017eete prohl\u00e9dnout zde:<\/p>\n\n\n\n<p><a href=\"https:\/\/www.sestka.cz\/2025\/2\">https:\/\/www.sestka.cz\/2025\/2<\/a><\/p>\n\n\n\n<p><img loading=\"lazy\" decoding=\"async\" height=\"16\" width=\"16\" alt=\"\ud83d\udcf7\" src=\"https:\/\/static.xx.fbcdn.net\/images\/emoji.php\/v9\/tfc\/2\/16\/1f4f7.png\"> Vizualizace: <a href=\"https:\/\/www.facebook.com\/DopravniPodnikPraha?__cft__[0]=AZbKi3WXU8lraiXZxa0Q-ml_qYOpqnLd0civF6FHgRtJjDxaxOYuuHwqVUNq4PPRcaF3sxOTgO4Qa9c8pn1-uq3s1_u4ITNuR3LN0zeRYZGYKUdo4nCOk60SVt_VbsrKFmT51ybmw1L7b4OUODa1ak9KDKTEZWEgMZpH9-bQ4W418A&amp;__tn__=-]K-R\">Dopravn\u00ed podnik hlavn\u00edho m\u011bsta Prahy<\/a><\/p>\n","protected":false},"excerpt":{"rendered":"<p>Hlavn\u00edm t\u00e9matem je roz\u0161i\u0159ov\u00e1n\u00ed tramvajov\u00fdch trat\u00ed u&nbsp;n\u00e1s na \u0161estce. \u201eRozhodn\u011b ano! Praha sob\u011b dlouhodob\u011b prosazuje rozvoj tramvajov\u00e9 dopravy, co\u017e potvrzuj\u00ed i&nbsp;v\u00fdsledky na\u0161\u00ed pr\u00e1ce. K&nbsp;tramvajov\u00e9mu \u201eboomu\u201c posledn\u00edch let ze strany Magistr\u00e1tu v\u00fdrazn\u011b p\u0159isp\u011bl Adam Scheinherr, n\u00e1\u0161 n\u00e1m\u011bstek pro dopravu v&nbsp;p\u0159edchoz\u00edm obdob\u00ed. Na\u0161\u00edm p\u0159i\u010din\u011bn\u00edm vznikly nov\u00e9 trat\u011b, jako je spojen\u00ed na D\u011bdinu, prodlou\u017een\u00ed z&nbsp;Mod\u0159an do Libu\u0161e nebo [&hellip;]<\/p>\n","protected":false},"author":9,"featured_media":1518,"comment_status":"open","ping_status":"open","sticky":false,"template":"","format":"standard","meta":{"_acf_changed":false,"inline_featured_image":false,"footnotes":""},"categories":[4],"tags":[],"class_list":["post-1517","post","type-post","status-publish","format-standard","has-post-thumbnail","hentry","category-news"],"acf":[],"aioseo_notices":[],"distributor_meta":false,"distributor_terms":false,"distributor_media":false,"distributor_original_site_name":"Praha6Sob\u011b","distributor_original_site_url":"https:\/\/prahasobe.cz\/praha6sobe","push-errors":false,"_links":{"self":[{"href":"https:\/\/prahasobe.cz\/praha6sobe\/wp-json\/wp\/v2\/posts\/1517","targetHints":{"allow":["GET"]}}],"collection":[{"href":"https:\/\/prahasobe.cz\/praha6sobe\/wp-json\/wp\/v2\/posts"}],"about":[{"href":"https:\/\/prahasobe.cz\/praha6sobe\/wp-json\/wp\/v2\/types\/post"}],"author":[{"embeddable":true,"href":"https:\/\/prahasobe.cz\/praha6sobe\/wp-json\/wp\/v2\/users\/9"}],"replies":[{"embeddable":true,"href":"https:\/\/prahasobe.cz\/praha6sobe\/wp-json\/wp\/v2\/comments?post=1517"}],"version-history":[{"count":1,"href":"https:\/\/prahasobe.cz\/praha6sobe\/wp-json\/wp\/v2\/posts\/1517\/revisions"}],"predecessor-version":[{"id":1519,"href":"https:\/\/prahasobe.cz\/praha6sobe\/wp-json\/wp\/v2\/posts\/1517\/revisions\/1519"}],"wp:featuredmedia":[{"embeddable":true,"href":"https:\/\/prahasobe.cz\/praha6sobe\/wp-json\/wp\/v2\/media\/1518"}],"wp:attachment":[{"href":"https:\/\/prahasobe.cz\/praha6sobe\/wp-json\/wp\/v2\/media?parent=1517"}],"wp:term":[{"taxonomy":"category","embeddable":true,"href":"https:\/\/prahasobe.cz\/praha6sobe\/wp-json\/wp\/v2\/categories?post=1517"},{"taxonomy":"post_tag","embeddable":true,"href":"https:\/\/prahasobe.cz\/praha6sobe\/wp-json\/wp\/v2\/tags?post=1517"}],"curies":[{"name":"wp","href":"https:\/\/api.w.org\/{rel}","templated":true}]}}