{"id":1514,"date":"2025-05-18T08:10:00","date_gmt":"2025-05-18T08:10:00","guid":{"rendered":"https:\/\/prahasobe.cz\/praha6sobe\/?p=1514"},"modified":"2026-01-14T08:17:26","modified_gmt":"2026-01-14T08:17:26","slug":"nove-kvetnove-cislo-sestky-je-uz-na-odbernych-mistech","status":"publish","type":"post","link":"https:\/\/prahasobe.cz\/praha6sobe\/2025\/05\/18\/nove-kvetnove-cislo-sestky-je-uz-na-odbernych-mistech\/","title":{"rendered":"Nov\u00e9 kv\u011btnov\u00e9 \u010d\u00edslo \u0160estky je u\u017e na odb\u011brn\u00fdch m\u00edstech"},"content":{"rendered":"\n<p>Ale poj\u010fme se je\u0161t\u011b mrknout zp\u00e1tky na to minul\u00e9!<\/p>\n\n\n\n<p>Ohl\u00e9dli jsme se za t\u00edm, co radnice za prvn\u00ed polovinu volebn\u00edho obdob\u00ed zvl\u00e1dla. Rekonstrukce \u0161kol, nov\u00e9 \u0161kolky, podpora du\u0161evn\u00edho zdrav\u00ed ve t\u0159\u00edd\u00e1ch. Revitalizace park\u016f, participace s&nbsp;ve\u0159ejnost\u00ed, nov\u00e9 sportovn\u00ed plochy a&nbsp;kulturn\u00ed akce. Investice do zdrav\u00ed, bezpe\u010dnosti i&nbsp;komunitn\u00edho \u017eivota. \u017d\u00e1dn\u00e9 tlach\u00e1n\u00ed, ale re\u00e1ln\u00e9 v\u00fdsledky. A&nbsp;jak\u00e1 byla ot\u00e1zka v&nbsp;tradi\u010dn\u00ed rubrice politick\u00e9 diskuse? \u201eCo se za posledn\u00ed dva roky radnici v&nbsp;Praze 6 povedlo, a&nbsp;co ne?\u201c<\/p>\n\n\n\n<div style=\"height:20px\" aria-hidden=\"true\" class=\"wp-block-spacer\"><\/div>\n\n\n\n<p>\u201eZa posledn\u00ed dva roky se n\u00e1m poda\u0159ilo prosadit celou \u0159adu smyslupln\u00fdch zm\u011bn, zejm\u00e9na v&nbsp;oblasti \u0161kolstv\u00ed a&nbsp;p\u00e9\u010de o&nbsp;d\u011bti. Otev\u0159eli jsme nov\u00e9 \u0161kolky a&nbsp;roz\u0161\u00ed\u0159ili kapacity tam, kde to rodi\u010de nejv\u00edc pot\u0159ebovali, nebo jsme zah\u00e1jili v\u00fdstavbu nov\u00fdch \u0161kolsk\u00fdch za\u0159\u00edzen\u00ed (M\u0160 Vokovice, M\u0160 \u010cerven\u00fd Vrch a&nbsp;nov\u00e1 budova Z\u0160 B\u00edl\u00e1). Aktivn\u011b \u0159e\u0161\u00edme probl\u00e9m sp\u00e1dov\u00e9 turistiky tak, aby ka\u017ed\u00e9 d\u00edt\u011b m\u011blo m\u00edsto ve \u0161kole bez nutnosti doj\u00ed\u017ed\u011bn\u00ed p\u0159es p\u016fl m\u011bsta. Pos\u00edlili jsme tak\u00e9 podporu du\u0161evn\u00edho zdrav\u00ed ve \u0161kol\u00e1ch, p\u0159ibylo \u0161koln\u00edch psycholog\u016f i&nbsp;preventivn\u00edch program\u016f. Vylep\u0161ili jsme podm\u00ednky pro asistenty pedagoga, aby m\u011bly d\u011bti s&nbsp;r\u016fzn\u00fdmi pot\u0159ebami f\u00e9rovou \u0161anci na vzd\u011bl\u00e1n\u00ed. Rozb\u011bhli jsme komunitn\u00ed akce pro rodiny a&nbsp;seniory, podpo\u0159ili sportovn\u00ed kluby. Zlep\u0161uje se i&nbsp;ve\u0159ejn\u00fd prostor, p\u0159ib\u00fdvaj\u00ed m\u00edsta k&nbsp;odpo\u010dinku, nov\u00e9 lavi\u010dky nebo zast\u00edn\u011bn\u00ed na d\u011btsk\u00fdch h\u0159i\u0161t\u00edch. St\u00e1le v\u00edce zapojujeme ve\u0159ejnost do participac\u00ed na d\u016fle\u017eit\u00fdch projektech. Velkou radost m\u00e1me tak\u00e9 z&nbsp;toho, \u017ee jsme rozjeli projekt D\u017eb\u00e1n Park, nov\u00e9 rekrea\u010dn\u00ed \u00fazem\u00ed, kter\u00e9 m\u00e1 z\u016fstat zelen\u00e9 a&nbsp;p\u0159\u00edstupn\u00e9 pro v\u0161echny. T\u011b\u0161\u00ed n\u00e1s, \u017ee i&nbsp;v&nbsp;t\u011b\u017ek\u00e9 dob\u011b se da\u0159\u00ed dr\u017eet kurz a&nbsp;nad\u00e1le podporovat vzd\u011bl\u00e1v\u00e1n\u00ed, zdrav\u00ed i&nbsp;komunitn\u00ed \u017eivot,\u201c dod\u00e1v\u00e1 na\u0161e Mariana \u010capkov\u00e1 &#8211; m\u00edstostarostka Prahy 6.<\/p>\n\n\n\n<div style=\"height:20px\" aria-hidden=\"true\" class=\"wp-block-spacer\"><\/div>\n\n\n\n<p>A co dal\u0161\u00edho dubnov\u00e1 \u0160estka p\u0159inesla?<\/p>\n\n\n\n<p><img loading=\"lazy\" decoding=\"async\" height=\"16\" width=\"16\" alt=\"\ud83d\udccc\" src=\"https:\/\/static.xx.fbcdn.net\/images\/emoji.php\/v9\/t4b\/2\/16\/1f4cc.png\"> Hodnocen\u00ed pln\u011bn\u00ed programov\u00e9ho prohl\u00e1\u0161en\u00ed v&nbsp;polovin\u011b volebn\u00edho obdob\u00ed<\/p>\n\n\n\n<p><img loading=\"lazy\" decoding=\"async\" height=\"16\" width=\"16\" alt=\"\ud83e\udde0\" src=\"https:\/\/static.xx.fbcdn.net\/images\/emoji.php\/v9\/t1b\/2\/16\/1f9e0.png\"> Projekt du\u0161evn\u00edho zdrav\u00ed SOFA ve \u0161kol\u00e1ch<\/p>\n\n\n\n<p><img loading=\"lazy\" decoding=\"async\" height=\"16\" width=\"16\" alt=\"\ud83c\udfde\ufe0f\" src=\"https:\/\/static.xx.fbcdn.net\/images\/emoji.php\/v9\/tab\/2\/16\/1f3de.png\"> Participace k&nbsp;P\u00edseck\u00e9 br\u00e1n\u011b a&nbsp;revitalizace parku Loty\u0161sk\u00e1<\/p>\n\n\n\n<p><img loading=\"lazy\" decoding=\"async\" height=\"16\" width=\"16\" alt=\"\ud83d\ude89\" src=\"https:\/\/static.xx.fbcdn.net\/images\/emoji.php\/v9\/tee\/2\/16\/1f689.png\"> Sporn\u00e1 modernizace \u017eeleznice v&nbsp;Liboci \u2013 hled\u00e1me lep\u0161\u00ed \u0159e\u0161en\u00ed<\/p>\n\n\n\n<p><img loading=\"lazy\" decoding=\"async\" height=\"16\" width=\"16\" alt=\"\ud83d\udca1\" src=\"https:\/\/static.xx.fbcdn.net\/images\/emoji.php\/v9\/tdb\/2\/16\/1f4a1.png\"> Energetick\u00e9 \u00faspory ve \u0161kol\u00e1ch a&nbsp;\u0161kolk\u00e1ch<\/p>\n\n\n\n<p><img loading=\"lazy\" decoding=\"async\" height=\"16\" width=\"16\" alt=\"\ud83c\udfad\" src=\"https:\/\/static.xx.fbcdn.net\/images\/emoji.php\/v9\/t4d\/2\/16\/1f3ad.png\"> Novinky v&nbsp;kultu\u0159e, podpora komunitn\u00edch akc\u00ed, nov\u00e9 granty<\/p>\n\n\n\n<p><img loading=\"lazy\" decoding=\"async\" height=\"16\" width=\"16\" src=\"https:\/\/static.xx.fbcdn.net\/images\/emoji.php\/v9\/t7d\/2\/16\/1f3d7.png\" alt=\"\ud83c\udfd7\ufe0f\"> Rozvoj infrastruktury: LDN Drnovsk\u00e1, Petynka, kulturn\u00ed centrum na V\u00edt\u011bzn\u00e9m n\u00e1m\u011bst\u00ed<\/p>\n\n\n\n<div style=\"height:21px\" aria-hidden=\"true\" class=\"wp-block-spacer\"><\/div>\n\n\n\n<p>Mrkn\u011bte na cel\u00e9 \u010d\u00edslo tady:<\/p>\n\n\n\n<p><a href=\"https:\/\/www.sestka.cz\/2025\/4\" target=\"_blank\" rel=\"noopener\" title=\"\">https:\/\/www.sestka.cz\/2025\/4<\/a><\/p>\n\n\n\n<div style=\"height:20px\" aria-hidden=\"true\" class=\"wp-block-spacer\"><\/div>\n\n\n\n<p><img loading=\"lazy\" decoding=\"async\" height=\"16\" width=\"16\" alt=\"\ud83d\udcf8\" src=\"https:\/\/static.xx.fbcdn.net\/images\/emoji.php\/v9\/t7d\/2\/16\/1f4f8.png\"> Vizualizace nov\u00e9 M\u0160 Vokovice od ATELIER SEVER s.r.o.<\/p>\n","protected":false},"excerpt":{"rendered":"<p>Ale poj\u010fme se je\u0161t\u011b mrknout zp\u00e1tky na to minul\u00e9! Ohl\u00e9dli jsme se za t\u00edm, co radnice za prvn\u00ed polovinu volebn\u00edho obdob\u00ed zvl\u00e1dla. Rekonstrukce \u0161kol, nov\u00e9 \u0161kolky, podpora du\u0161evn\u00edho zdrav\u00ed ve t\u0159\u00edd\u00e1ch. Revitalizace park\u016f, participace s&nbsp;ve\u0159ejnost\u00ed, nov\u00e9 sportovn\u00ed plochy a&nbsp;kulturn\u00ed akce. Investice do zdrav\u00ed, bezpe\u010dnosti i&nbsp;komunitn\u00edho \u017eivota. \u017d\u00e1dn\u00e9 tlach\u00e1n\u00ed, ale re\u00e1ln\u00e9 v\u00fdsledky. A&nbsp;jak\u00e1 byla ot\u00e1zka v&nbsp;tradi\u010dn\u00ed [&hellip;]<\/p>\n","protected":false},"author":9,"featured_media":1516,"comment_status":"open","ping_status":"open","sticky":false,"template":"","format":"standard","meta":{"_acf_changed":false,"inline_featured_image":false,"footnotes":""},"categories":[4],"tags":[],"class_list":["post-1514","post","type-post","status-publish","format-standard","has-post-thumbnail","hentry","category-news"],"acf":[],"aioseo_notices":[],"distributor_meta":false,"distributor_terms":false,"distributor_media":false,"distributor_original_site_name":"Praha6Sob\u011b","distributor_original_site_url":"https:\/\/prahasobe.cz\/praha6sobe","push-errors":false,"_links":{"self":[{"href":"https:\/\/prahasobe.cz\/praha6sobe\/wp-json\/wp\/v2\/posts\/1514","targetHints":{"allow":["GET"]}}],"collection":[{"href":"https:\/\/prahasobe.cz\/praha6sobe\/wp-json\/wp\/v2\/posts"}],"about":[{"href":"https:\/\/prahasobe.cz\/praha6sobe\/wp-json\/wp\/v2\/types\/post"}],"author":[{"embeddable":true,"href":"https:\/\/prahasobe.cz\/praha6sobe\/wp-json\/wp\/v2\/users\/9"}],"replies":[{"embeddable":true,"href":"https:\/\/prahasobe.cz\/praha6sobe\/wp-json\/wp\/v2\/comments?post=1514"}],"version-history":[{"count":1,"href":"https:\/\/prahasobe.cz\/praha6sobe\/wp-json\/wp\/v2\/posts\/1514\/revisions"}],"predecessor-version":[{"id":1515,"href":"https:\/\/prahasobe.cz\/praha6sobe\/wp-json\/wp\/v2\/posts\/1514\/revisions\/1515"}],"wp:featuredmedia":[{"embeddable":true,"href":"https:\/\/prahasobe.cz\/praha6sobe\/wp-json\/wp\/v2\/media\/1516"}],"wp:attachment":[{"href":"https:\/\/prahasobe.cz\/praha6sobe\/wp-json\/wp\/v2\/media?parent=1514"}],"wp:term":[{"taxonomy":"category","embeddable":true,"href":"https:\/\/prahasobe.cz\/praha6sobe\/wp-json\/wp\/v2\/categories?post=1514"},{"taxonomy":"post_tag","embeddable":true,"href":"https:\/\/prahasobe.cz\/praha6sobe\/wp-json\/wp\/v2\/tags?post=1514"}],"curies":[{"name":"wp","href":"https:\/\/api.w.org\/{rel}","templated":true}]}}