{"id":1509,"date":"2025-05-18T08:03:00","date_gmt":"2025-05-18T08:03:00","guid":{"rendered":"https:\/\/prahasobe.cz\/praha6sobe\/?p=1509"},"modified":"2026-01-14T08:04:20","modified_gmt":"2026-01-14T08:04:20","slug":"kvetnova-sestka-uz-je-venku","status":"publish","type":"post","link":"https:\/\/prahasobe.cz\/praha6sobe\/2025\/05\/18\/kvetnova-sestka-uz-je-venku\/","title":{"rendered":"Kv\u011btnov\u00e1 \u0160estka u\u017e je venku"},"content":{"rendered":"\n<p>A my se v&nbsp;n\u00ed vrac\u00edme k&nbsp;p\u0159\u00edb\u011bh\u016fm, na kter\u00e9 nesm\u00edme zapomenout <img loading=\"lazy\" decoding=\"async\" height=\"16\" width=\"16\" src=\"https:\/\/static.xx.fbcdn.net\/images\/emoji.php\/v9\/t59\/2\/16\/1f54a.png\" alt=\"\ud83d\udd4a\ufe0f\"><\/p>\n\n\n\n<p>V\u00e1le\u010dn\u00e9 d\u011bjiny se letos v&nbsp;kv\u011btnov\u00e9m \u010d\u00edsle propisuj\u00ed hluboko. 80 let od konce 2.&nbsp;sv\u011btov\u00e9 v\u00e1lky jsme si na \u0160estce nep\u0159ipomn\u011bli jen tichou vzpom\u00ednkou, ale i&nbsp;siln\u00fdm programem. V\u00fdstavy, pietn\u00ed akty, koncerty, nov\u00e9 pam\u011btn\u00ed desky, vzd\u011bl\u00e1v\u00e1n\u00ed mlad\u00fdch. Pam\u011b\u0165, \u00facta a&nbsp;odpov\u011bdnost nejsou jen hesla. <img loading=\"lazy\" decoding=\"async\" height=\"16\" width=\"16\" src=\"https:\/\/static.xx.fbcdn.net\/images\/emoji.php\/v9\/tee\/2\/16\/1f447.png\" alt=\"\ud83d\udc47\"><\/p>\n\n\n\n<div style=\"height:20px\" aria-hidden=\"true\" class=\"wp-block-spacer\"><\/div>\n\n\n\n<p>\u201eV\u00e1lka je i&nbsp;dnes bohu\u017eel realitou, a&nbsp;proto je p\u0159ipom\u00edn\u00e1n\u00ed minul\u00fdch v\u00e1le\u010dn\u00fdch zku\u0161enost\u00ed d\u016fle\u017eit\u011bj\u0161\u00ed ne\u017e kdy d\u0159\u00edv. Praha 6 si v\u00e1\u017e\u00ed pam\u00e1tky v\u0161ech, kdo se postavili zlu a&nbsp;bojovali za svobodu. \u0160estka si tuto zku\u0161enost nese hluboko v&nbsp;pam\u011bti, p\u0159ipom\u00edn\u00e1me si ji nejen b\u011bhem pietn\u00edch akt\u016f a&nbsp;kladen\u00ed v\u011bnc\u016f, ale i&nbsp;systematickou p\u00e9\u010d\u00ed o&nbsp;pam\u011btn\u00ed m\u00edsta, po\u0159\u00e1d\u00e1n\u00edm v\u00fdstav, besed a&nbsp;vzd\u011bl\u00e1vac\u00edch program\u016f pro \u0161koly. Na \u0161kol\u00e1ch prob\u00edhaj\u00ed vzpom\u00ednkov\u00e9 aktivity pod odborn\u00fdm veden\u00edm organizace Post Bellum. Chceme, aby p\u0159\u00edb\u011bhy hrdin\u016f a&nbsp;ob\u011bt\u00ed nebyly jen historickou zm\u00ednkou, ale \u017eivou sou\u010d\u00e1st\u00ed na\u0161\u00ed identity. V&nbsp;posledn\u00edch letech jsme nav\u00edc roz\u0161\u00ed\u0159ili aktivity zam\u011b\u0159en\u00e9 na mladou generaci, aby v\u011bd\u011bla, jak k\u0159ehk\u00e1 je svoboda a&nbsp;jakou cenu m\u011bla. Vzpom\u00edn\u00e1n\u00ed nesm\u00ed b\u00fdt form\u00e1ln\u00ed, mus\u00ed b\u00fdt skute\u010dn\u00e9, hlubok\u00e9 a&nbsp;sou\u010dasn\u00e9. Vn\u00edm\u00e1me svou odpov\u011bdnost a&nbsp;neust\u00e1le hled\u00e1me nov\u00e9 cesty. V\u011b\u0159\u00edme, \u017ee pr\u00e1v\u011b t\u00edmto aktivn\u00edm p\u0159\u00edstupem d\u011bl\u00e1me maximum pro to, aby ob\u011bti v\u00e1lek nez\u016fstaly zapomenuty. Pam\u011b\u0165, \u00facta a&nbsp;odpov\u011bdnost jsou hodnoty, na kter\u00fdch budujeme nejen dne\u0161n\u00ed Prahu 6, ale i&nbsp;jej\u00ed z\u00edt\u0159ek.\u201c dod\u00e1v\u00e1 na\u0161e <a href=\"https:\/\/www.facebook.com\/capkovamariana?__cft__[0]=AZYjMhjfyveLzsskC1Fnjsp-A-aRwbEL3Z7NlSOopOqlIDA0UiHs02IrR8XC5Jogw49o0KqERy_c3lsvPRUpzUrTIdYtpZFKOpjmLKEHo5uaEYl4_FYxBjmw3HWvP2nCrVKM3Zirap3SoykE41RF-T7yD-OFc1cEGK6hWDDu69KU9g&amp;__tn__=-]K-R\">Mariana \u010capkov\u00e1 &#8211; m\u00edstostarostka Prahy 6<\/a>.<\/p>\n\n\n\n<div style=\"height:20px\" aria-hidden=\"true\" class=\"wp-block-spacer\"><\/div>\n\n\n\n<p><img loading=\"lazy\" decoding=\"async\" height=\"16\" width=\"16\" alt=\"\ud83d\udd6f\ufe0f\" src=\"https:\/\/static.xx.fbcdn.net\/images\/emoji.php\/v9\/t1c\/2\/16\/1f56f.png\"> V\u00fdro\u010d\u00ed konce v\u00e1lky<\/p>\n\n\n\n<p>\u2013 v\u00fdstava Nezapome\u0148me 80 na Kula\u0165\u00e1ku<\/p>\n\n\n\n<p>\u2013 slavnostn\u00ed koncert Karla Vlacha v&nbsp;NTK<\/p>\n\n\n\n<p>\u2013 nov\u00e9 pam\u011btn\u00ed desky ob\u011btem SM\u011aR\u0160<\/p>\n\n\n\n<p>\u2013 p\u0159\u00edb\u011bhy z&nbsp;Jener\u00e1lky, Strahova a&nbsp;Dejvic<\/p>\n\n\n\n<div style=\"height:20px\" aria-hidden=\"true\" class=\"wp-block-spacer\"><\/div>\n\n\n\n<p><img loading=\"lazy\" decoding=\"async\" height=\"16\" width=\"16\" alt=\"\ud83c\udfca\" src=\"https:\/\/static.xx.fbcdn.net\/images\/emoji.php\/v9\/t8\/2\/16\/1f3ca.png\"> Petynka spou\u0161t\u00ed sez\u00f3nu<\/p>\n\n\n\n<p>\u2013 nov\u00e9 sprchy, ob\u010derstven\u00ed, lep\u0161\u00ed bezpe\u010dnost<\/p>\n\n\n\n<p>\u2013 od \u010dervna plav\u00e1n\u00ed zdarma pro seniory z&nbsp;Prahy 6<\/p>\n\n\n\n<div style=\"height:20px\" aria-hidden=\"true\" class=\"wp-block-spacer\"><\/div>\n\n\n\n<p><img loading=\"lazy\" decoding=\"async\" height=\"16\" width=\"16\" alt=\"\ud83c\udf31\" src=\"https:\/\/static.xx.fbcdn.net\/images\/emoji.php\/v9\/t8\/2\/16\/1f331.png\"> Kompost\u00e9ry ve ve\u0159ejn\u00e9m prostoru<\/p>\n\n\n\n<p>\u2013 nov\u00e9 komunitn\u00ed kompost\u00e9ry v&nbsp;parc\u00edch v&nbsp;Buben\u010di a&nbsp;B\u0159evnov\u011b<\/p>\n\n\n\n<div style=\"height:20px\" aria-hidden=\"true\" class=\"wp-block-spacer\"><\/div>\n\n\n\n<p><img loading=\"lazy\" decoding=\"async\" height=\"16\" width=\"16\" alt=\"\ud83e\udde0\" src=\"https:\/\/static.xx.fbcdn.net\/images\/emoji.php\/v9\/t1b\/2\/16\/1f9e0.png\"> Startup z&nbsp;Prahy 6 p\u011bstuje maso budoucnosti<\/p>\n\n\n\n<p>\u2013 Bene Meat Technologies: kultivovan\u00e9 maso pro mazl\u00ed\u010dky i&nbsp;planetu<\/p>\n\n\n\n<p>\u2013 rozhovor o&nbsp;v\u011bd\u011b, etice a&nbsp;tom, pro\u010d s\u00eddl\u00ed pr\u00e1v\u011b u&nbsp;n\u00e1s<\/p>\n\n\n\n<div style=\"height:20px\" aria-hidden=\"true\" class=\"wp-block-spacer\"><\/div>\n\n\n\n<p><img loading=\"lazy\" decoding=\"async\" height=\"16\" width=\"16\" alt=\"\ud83d\ude8c\" src=\"https:\/\/static.xx.fbcdn.net\/images\/emoji.php\/v9\/t18\/2\/16\/1f68c.png\"> 100 let autobusov\u00e9 dopravy v&nbsp;Praze<\/p>\n\n\n\n<p>\u2013 chyst\u00e1 se historick\u00fd pr\u016fvod star\u00fdmi vozy p\u0159es celou Prahu 6<\/p>\n\n\n\n<div style=\"height:20px\" aria-hidden=\"true\" class=\"wp-block-spacer\"><\/div>\n\n\n\n<p><img loading=\"lazy\" decoding=\"async\" height=\"16\" width=\"16\" alt=\"\ud83c\udfde\ufe0f\" src=\"https:\/\/static.xx.fbcdn.net\/images\/emoji.php\/v9\/tab\/2\/16\/1f3de.png\"> H\u0159i\u0161t\u011b \u0160ultysova se chyst\u00e1 k&nbsp;revitalizaci<\/p>\n\n\n\n<p>\u2013 ve\u0159ejn\u00e1 diskuse, nov\u00fd n\u00e1vrh i&nbsp;hlas obyvatel<\/p>\n\n\n\n<div style=\"height:20px\" aria-hidden=\"true\" class=\"wp-block-spacer\"><\/div>\n\n\n\n<p><img loading=\"lazy\" decoding=\"async\" height=\"16\" width=\"16\" alt=\"\ud83c\udfad\" src=\"https:\/\/static.xx.fbcdn.net\/images\/emoji.php\/v9\/t4d\/2\/16\/1f3ad.png\"> Kultura na pln\u00fd pecky<\/p>\n\n\n\n<p>\u2013 v\u00fdstavy ve Veleslav\u00ednsk\u00e9m z\u00e1mku: \u0159ezba, sochy, p\u0159\u00edroda<\/p>\n\n\n\n<p>\u2013 Open House Festival, \u0161ansony, j\u00f3ga, v\u00fdstava ko\u010dek<\/p>\n\n\n\n<p>\u2013 novinky na D\u017eb\u00e1nu a&nbsp;pln\u00fd program na \u0160es\u0165\u00e1ku<\/p>\n\n\n\n<div style=\"height:20px\" aria-hidden=\"true\" class=\"wp-block-spacer\"><\/div>\n\n\n\n<p><img loading=\"lazy\" decoding=\"async\" height=\"16\" width=\"16\" alt=\"\ud83d\uddd1\ufe0f\" src=\"https:\/\/static.xx.fbcdn.net\/images\/emoji.php\/v9\/tf9\/2\/16\/1f5d1.png\"> Co s&nbsp;odpadem? V\u0161echno o&nbsp;kontejnerech, t\u0159\u00edd\u011bn\u00ed a&nbsp;reuse dnech<\/p>\n\n\n\n<p>\u2013 nov\u00e9 podzemn\u00ed kontejnery, mapa svozu, chytr\u00e9 \u010didla<\/p>\n\n\n\n<p>\u2013 Reuse ned\u011ble na Kula\u0165\u00e1ku: swapni, daruj, recykluj<\/p>\n\n\n\n<div style=\"height:20px\" aria-hidden=\"true\" class=\"wp-block-spacer\"><\/div>\n\n\n\n<p><img loading=\"lazy\" decoding=\"async\" height=\"16\" width=\"16\" alt=\"\ud83d\udccd\" src=\"https:\/\/static.xx.fbcdn.net\/images\/emoji.php\/v9\/tcc\/2\/16\/1f4cd.png\"> Cel\u00e9 kv\u011btnov\u00e9 \u010d\u00edslo najde\u0161 tady:<\/p>\n\n\n\n<p><a href=\"https:\/\/www.sestka.cz\/05-2025\" target=\"_blank\" rel=\"noopener\" title=\"\">https:\/\/www.sestka.cz\/05-2025<\/a><\/p>\n\n\n\n<div style=\"height:20px\" aria-hidden=\"true\" class=\"wp-block-spacer\"><\/div>\n\n\n\n<p><img loading=\"lazy\" decoding=\"async\" height=\"16\" width=\"16\" alt=\"\ud83d\udcf7\" src=\"https:\/\/static.xx.fbcdn.net\/images\/emoji.php\/v9\/tfc\/2\/16\/1f4f7.png\"> Vizualizace nov\u00e9ho Pomn\u00edku Pra\u017esk\u00e9ho povst\u00e1n\u00ed od ROH\u00c1\u010c STRATIL s.r.o., <a href=\"https:\/\/www.facebook.com\/zenstudios?__cft__[0]=AZYjMhjfyveLzsskC1Fnjsp-A-aRwbEL3Z7NlSOopOqlIDA0UiHs02IrR8XC5Jogw49o0KqERy_c3lsvPRUpzUrTIdYtpZFKOpjmLKEHo5uaEYl4_FYxBjmw3HWvP2nCrVKM3Zirap3SoykE41RF-T7yD-OFc1cEGK6hWDDu69KU9g&amp;__tn__=-]K-R\">Zen Studios<\/a><\/p>\n","protected":false},"excerpt":{"rendered":"<p>A my se v&nbsp;n\u00ed vrac\u00edme k&nbsp;p\u0159\u00edb\u011bh\u016fm, na kter\u00e9 nesm\u00edme zapomenout V\u00e1le\u010dn\u00e9 d\u011bjiny se letos v&nbsp;kv\u011btnov\u00e9m \u010d\u00edsle propisuj\u00ed hluboko. 80 let od konce 2.&nbsp;sv\u011btov\u00e9 v\u00e1lky jsme si na \u0160estce nep\u0159ipomn\u011bli jen tichou vzpom\u00ednkou, ale i&nbsp;siln\u00fdm programem. V\u00fdstavy, pietn\u00ed akty, koncerty, nov\u00e9 pam\u011btn\u00ed desky, vzd\u011bl\u00e1v\u00e1n\u00ed mlad\u00fdch. Pam\u011b\u0165, \u00facta a&nbsp;odpov\u011bdnost nejsou jen hesla. \u201eV\u00e1lka je i&nbsp;dnes bohu\u017eel realitou, [&hellip;]<\/p>\n","protected":false},"author":9,"featured_media":1510,"comment_status":"open","ping_status":"open","sticky":false,"template":"","format":"standard","meta":{"_acf_changed":false,"inline_featured_image":false,"footnotes":""},"categories":[4],"tags":[],"class_list":["post-1509","post","type-post","status-publish","format-standard","has-post-thumbnail","hentry","category-news"],"acf":[],"aioseo_notices":[],"distributor_meta":false,"distributor_terms":false,"distributor_media":false,"distributor_original_site_name":"Praha6Sob\u011b","distributor_original_site_url":"https:\/\/prahasobe.cz\/praha6sobe","push-errors":false,"_links":{"self":[{"href":"https:\/\/prahasobe.cz\/praha6sobe\/wp-json\/wp\/v2\/posts\/1509","targetHints":{"allow":["GET"]}}],"collection":[{"href":"https:\/\/prahasobe.cz\/praha6sobe\/wp-json\/wp\/v2\/posts"}],"about":[{"href":"https:\/\/prahasobe.cz\/praha6sobe\/wp-json\/wp\/v2\/types\/post"}],"author":[{"embeddable":true,"href":"https:\/\/prahasobe.cz\/praha6sobe\/wp-json\/wp\/v2\/users\/9"}],"replies":[{"embeddable":true,"href":"https:\/\/prahasobe.cz\/praha6sobe\/wp-json\/wp\/v2\/comments?post=1509"}],"version-history":[{"count":3,"href":"https:\/\/prahasobe.cz\/praha6sobe\/wp-json\/wp\/v2\/posts\/1509\/revisions"}],"predecessor-version":[{"id":1513,"href":"https:\/\/prahasobe.cz\/praha6sobe\/wp-json\/wp\/v2\/posts\/1509\/revisions\/1513"}],"wp:featuredmedia":[{"embeddable":true,"href":"https:\/\/prahasobe.cz\/praha6sobe\/wp-json\/wp\/v2\/media\/1510"}],"wp:attachment":[{"href":"https:\/\/prahasobe.cz\/praha6sobe\/wp-json\/wp\/v2\/media?parent=1509"}],"wp:term":[{"taxonomy":"category","embeddable":true,"href":"https:\/\/prahasobe.cz\/praha6sobe\/wp-json\/wp\/v2\/categories?post=1509"},{"taxonomy":"post_tag","embeddable":true,"href":"https:\/\/prahasobe.cz\/praha6sobe\/wp-json\/wp\/v2\/tags?post=1509"}],"curies":[{"name":"wp","href":"https:\/\/api.w.org\/{rel}","templated":true}]}}