{"id":1505,"date":"2025-06-05T07:36:00","date_gmt":"2025-06-05T07:36:00","guid":{"rendered":"https:\/\/prahasobe.cz\/praha6sobe\/?p=1505"},"modified":"2026-01-14T07:47:30","modified_gmt":"2026-01-14T07:47:30","slug":"praha-6-navysuje-podporu-obnovy-pamatkovych-objektu-na-milion-korun","status":"publish","type":"post","link":"https:\/\/prahasobe.cz\/praha6sobe\/2025\/06\/05\/praha-6-navysuje-podporu-obnovy-pamatkovych-objektu-na-milion-korun\/","title":{"rendered":"Praha 6 navy\u0161uje podporu obnovy pam\u00e1tkov\u00fdch objekt\u016f na milion korun"},"content":{"rendered":"\n<p>M\u011bstsk\u00e1 \u010d\u00e1st Praha 6 podporuje u\u017e od roku 2008 vlastn\u00edky pam\u00e1tkov\u011b v\u00fdznamn\u00fdch objekt\u016f, kte\u0159\u00ed se rozhodli v\u011bnovat energii a&nbsp;prost\u0159edky do jejich obnovy. Tento dota\u010dn\u00ed program pom\u00e1h\u00e1 uchov\u00e1vat charakter m\u00edst, kter\u00e1 tvo\u0159\u00ed tv\u00e1\u0159 na\u0161\u00ed \u010dtvrti, a&nbsp;chr\u00e1n\u00ed stavby, je\u017e nesou historick\u00fd i&nbsp;kulturn\u00ed v\u00fdznam. Letos jsme na tento \u00fa\u010del vy\u010dlenili rovn\u00fd jeden milion korun. O&nbsp;\u010dtvrt milionu v\u00edc ne\u017e v&nbsp;lo\u0148sk\u00e9m roce.<\/p>\n\n\n\n<div style=\"height:20px\" aria-hidden=\"true\" class=\"wp-block-spacer\"><\/div>\n\n\n\n<p><img loading=\"lazy\" decoding=\"async\" height=\"16\" width=\"16\" src=\"https:\/\/static.xx.fbcdn.net\/images\/emoji.php\/v9\/ta0\/2\/16\/1f4c8.png\" alt=\"\ud83d\udcc8\"> Nav\u00fd\u0161en\u00ed rozpo\u010dtu se poda\u0159ilo d\u00edky pr\u00e1ci Komise pro pam\u00e1tkovou p\u00e9\u010di, kter\u00e1 vznikla pr\u00e1v\u011b v&nbsp;tomto volebn\u00edm obdob\u00ed. Jej\u00ed vznik jsme prosazovali s&nbsp;p\u0159esv\u011bd\u010den\u00edm, \u017ee systematick\u00e1 podpora kulturn\u00edho d\u011bdictv\u00ed m\u00e1 v&nbsp;m\u011bstsk\u00e9 \u010d\u00e1sti, jakou je Praha 6, sv\u00e9 pevn\u00e9 m\u00edsto. P\u0159edseda komise <a href=\"https:\/\/www.facebook.com\/lukaspokornypraha6?__cft__[0]=AZaKQUtaXsgaqkcjjWE273uqu805g2Nm-4Os5WzrkS6cmqTHIGQWw84grmWOs-omqLTvIxneSaDhkZriebE72hhimBDzVNOD5bVS30CZVgp5SXRqJwkIIf0oMufrBCugi966CGVh7T6jzVaDPNRJpDWZo-is0tFl7mxgjTaDc0o78g&amp;__tn__=-]K-R\">Luk\u00e1\u0161 Pokorn\u00fd<\/a> k&nbsp;tomu dod\u00e1v\u00e1: \u201eDo\u0161lo t\u00edm k&nbsp;pos\u00edlen\u00ed ochrany nemovit\u00fdch kulturn\u00edch pam\u00e1tek na \u00fazem\u00ed Prahy 6. Z\u00e1rove\u0148 se z&nbsp;jej\u00ed iniciativy poda\u0159ilo nav\u00fd\u0161it \u010d\u00e1stku pam\u00e1tkov\u00fdch dotac\u00ed na celkov\u00fd jeden milion korun pro tento rok. Novinkou leto\u0161n\u00edho roku je tak\u00e9 pl\u00e1n m\u011bstsk\u00e9 \u010d\u00e1sti zapojit se do celost\u00e1tn\u00edho programu Ministerstva kultury na podporu vesnick\u00fdch a&nbsp;krajinn\u00fdch pam\u00e1tkov\u00fdch z\u00f3n. Ten by mohl p\u0159in\u00e9st dal\u0161\u00ed prost\u0159edky na z\u00e1chranu cenn\u00fdch objekt\u016f, kter\u00e9 sice nejsou form\u00e1ln\u011b kulturn\u00ed pam\u00e1tkou, ale maj\u00ed Prahu 6 nezastupiteln\u00fd v\u00fdznam.\u201c<\/p>\n\n\n\n<div style=\"height:20px\" aria-hidden=\"true\" class=\"wp-block-spacer\"><\/div>\n\n\n\n<p>O dotaci bylo mo\u017en\u00e9 \u017e\u00e1dat od 3.&nbsp;do 30.&nbsp;dubna. Do uz\u00e1v\u011brky dorazilo osm \u017e\u00e1dost\u00ed. Celkov\u00fd po\u017eadavek na podporu dos\u00e1hl \u010d\u00e1stky t\u00e9m\u011b\u0159 3,6 milionu korun, co\u017e ukazuje na rostouc\u00ed z\u00e1jem i&nbsp;pot\u0159ebu tento program d\u00e1le posilovat.<\/p>\n\n\n\n<p>Za t\u00e9m\u011b\u0159 dvacet let, co m\u011bstsk\u00e1 \u010d\u00e1st tyto dotace poskytuje, Praha 6 podpo\u0159ila obnovu cel\u00e9 \u0159ady v\u00fdznamn\u00fdch objekt\u016f. Mezi nimi byla Jurkovi\u010dova vila v&nbsp;Buben\u010di, vila architekta Josefa Go\u010d\u00e1ra v&nbsp;Tychonov\u011b ulici, bubene\u010dsk\u00e1 vila architekta Jana Kot\u011bry, v&nbsp;n\u00ed\u017e vzniklo Muzeum Stanislava Suchardy, nebo venkovsk\u00e1 usedlost na Star\u00e9m n\u00e1m\u011bst\u00ed v&nbsp;Ruzyni. Podpora putovala tak\u00e9 na opravy dal\u0161\u00edch sakr\u00e1ln\u00edch staveb, jako je kostel sv.&nbsp;Mat\u011bje, kostel sv.&nbsp;Gotharda nebo Kaple Nejsv\u011bt\u011bj\u0161\u00ed Trojice na Hadovce.<\/p>\n\n\n\n<div style=\"height:20px\" aria-hidden=\"true\" class=\"wp-block-spacer\"><\/div>\n\n\n\n<p>C\u00edlem programu je motivovat vlastn\u00edky, aby se ke sv\u00fdm objekt\u016fm chovali zodpov\u011bdn\u011b a&nbsp;pe\u010dovali o&nbsp;n\u011b v&nbsp;duchu pam\u00e1tkov\u00e9 ochrany. Dotace je mo\u017en\u00e9 pou\u017e\u00edt pouze na stavebn\u00ed a&nbsp;restaur\u00e1torsk\u00e9 pr\u00e1ce, nikoliv na technick\u00e9 modernizace. V\u00fd\u0161e dotace nesm\u00ed p\u0159es\u00e1hnout 65 procent uznateln\u00fdch n\u00e1klad\u016f, zbytek si mus\u00ed \u017eadatel zajistit s\u00e1m.<\/p>\n\n\n\n<div style=\"height:20px\" aria-hidden=\"true\" class=\"wp-block-spacer\"><\/div>\n\n\n\n<p>V\u011b\u0159\u00edme, \u017ee p\u00e9\u010de o&nbsp;pam\u00e1tky nen\u00ed jen technick\u00e1 z\u00e1le\u017eitost, ale hlubok\u00fd vztah k&nbsp;m\u00edstu, k&nbsp;historii a&nbsp;k&nbsp;lidem, kte\u0159\u00ed v&nbsp;nich \u017eili a&nbsp;\u017eij\u00ed. Jsme r\u00e1di, \u017ee se n\u00e1m v&nbsp;tomto volebn\u00edm obdob\u00ed da\u0159\u00ed podporu t\u00e9to oblasti posilovat nejen finan\u010dn\u011b, ale i&nbsp;syst\u00e9mov\u011b. D\u00edky v\u00e1m, kte\u0159\u00ed pam\u00e1tky vlastn\u00edte a&nbsp;star\u00e1te se o&nbsp;n\u011b, z\u016fst\u00e1v\u00e1 na\u0161e \u0160estka \u017eiv\u00fdm sv\u011bdectv\u00edm kulturn\u00ed pam\u011bti.<\/p>\n","protected":false},"excerpt":{"rendered":"<p>M\u011bstsk\u00e1 \u010d\u00e1st Praha 6 podporuje u\u017e od roku 2008 vlastn\u00edky pam\u00e1tkov\u011b v\u00fdznamn\u00fdch objekt\u016f, kte\u0159\u00ed se rozhodli v\u011bnovat energii a&nbsp;prost\u0159edky do jejich obnovy. Tento dota\u010dn\u00ed program pom\u00e1h\u00e1 uchov\u00e1vat charakter m\u00edst, kter\u00e1 tvo\u0159\u00ed tv\u00e1\u0159 na\u0161\u00ed \u010dtvrti, a&nbsp;chr\u00e1n\u00ed stavby, je\u017e nesou historick\u00fd i&nbsp;kulturn\u00ed v\u00fdznam. Letos jsme na tento \u00fa\u010del vy\u010dlenili rovn\u00fd jeden milion korun. O&nbsp;\u010dtvrt milionu v\u00edc ne\u017e [&hellip;]<\/p>\n","protected":false},"author":9,"featured_media":1506,"comment_status":"open","ping_status":"open","sticky":false,"template":"","format":"standard","meta":{"_acf_changed":false,"inline_featured_image":false,"footnotes":""},"categories":[4],"tags":[],"class_list":["post-1505","post","type-post","status-publish","format-standard","has-post-thumbnail","hentry","category-news"],"acf":[],"aioseo_notices":[],"distributor_meta":false,"distributor_terms":false,"distributor_media":false,"distributor_original_site_name":"Praha6Sob\u011b","distributor_original_site_url":"https:\/\/prahasobe.cz\/praha6sobe","push-errors":false,"_links":{"self":[{"href":"https:\/\/prahasobe.cz\/praha6sobe\/wp-json\/wp\/v2\/posts\/1505","targetHints":{"allow":["GET"]}}],"collection":[{"href":"https:\/\/prahasobe.cz\/praha6sobe\/wp-json\/wp\/v2\/posts"}],"about":[{"href":"https:\/\/prahasobe.cz\/praha6sobe\/wp-json\/wp\/v2\/types\/post"}],"author":[{"embeddable":true,"href":"https:\/\/prahasobe.cz\/praha6sobe\/wp-json\/wp\/v2\/users\/9"}],"replies":[{"embeddable":true,"href":"https:\/\/prahasobe.cz\/praha6sobe\/wp-json\/wp\/v2\/comments?post=1505"}],"version-history":[{"count":2,"href":"https:\/\/prahasobe.cz\/praha6sobe\/wp-json\/wp\/v2\/posts\/1505\/revisions"}],"predecessor-version":[{"id":1508,"href":"https:\/\/prahasobe.cz\/praha6sobe\/wp-json\/wp\/v2\/posts\/1505\/revisions\/1508"}],"wp:featuredmedia":[{"embeddable":true,"href":"https:\/\/prahasobe.cz\/praha6sobe\/wp-json\/wp\/v2\/media\/1506"}],"wp:attachment":[{"href":"https:\/\/prahasobe.cz\/praha6sobe\/wp-json\/wp\/v2\/media?parent=1505"}],"wp:term":[{"taxonomy":"category","embeddable":true,"href":"https:\/\/prahasobe.cz\/praha6sobe\/wp-json\/wp\/v2\/categories?post=1505"},{"taxonomy":"post_tag","embeddable":true,"href":"https:\/\/prahasobe.cz\/praha6sobe\/wp-json\/wp\/v2\/tags?post=1505"}],"curies":[{"name":"wp","href":"https:\/\/api.w.org\/{rel}","templated":true}]}}