{"id":1501,"date":"2025-06-27T07:17:00","date_gmt":"2025-06-27T07:17:00","guid":{"rendered":"https:\/\/prahasobe.cz\/praha6sobe\/?p=1501"},"modified":"2026-01-14T07:35:42","modified_gmt":"2026-01-14T07:35:42","slug":"cervencova-sestka-jde-pomalu-do-tisku","status":"publish","type":"post","link":"https:\/\/prahasobe.cz\/praha6sobe\/2025\/06\/27\/cervencova-sestka-jde-pomalu-do-tisku\/","title":{"rendered":"\u010cervencov\u00e1 \u0160estka jde pomalu do tisku"},"content":{"rendered":"\n<p>A my se je\u0161t\u011b vr\u00e1t\u00edme k&nbsp;aktu\u00e1ln\u00edmu \u010d\u00edslu, kter\u00e9 se tentokr\u00e1t v\u011bnuje tomu, co n\u00e1s tr\u00e1p\u00ed denn\u011b \u2013 doprav\u011b <img loading=\"lazy\" decoding=\"async\" height=\"16\" width=\"16\" src=\"https:\/\/static.xx.fbcdn.net\/images\/emoji.php\/v9\/te2\/2\/16\/1f6a6.png\" alt=\"\ud83d\udea6\"><\/p>\n\n\n\n<p>N\u00e1\u0161 m\u00edstop\u0159edseda dopravn\u00ed komise <a href=\"https:\/\/www.facebook.com\/matasjan?__cft__[0]=AZbAV8g49Si4fcPGZLsoCCPxN-_OUjWN8ww0kDJBhbcSGpjTNEszmA5XhT29JG0F8BusGVR-AvVkw0qZ84qZTCW-Wmc6-L89D_OHGCEHO2QBFrLzZcBwUO-dFYOF8Um-BwFbpIMw5qpFjQZqEAm0kW_CsgJIiZLG9WOfqS_Uu3s-_A&amp;__tn__=-]K-R\">Jan Matas<\/a> v&nbsp;politick\u00e9 diskusi popisuje, jak zlep\u0161it plynulost a&nbsp;bezpe\u010dnost dopravy v&nbsp;Praze 6. Kl\u00ed\u010dov\u00fd bude severn\u00ed \u00fasek Pra\u017esk\u00e9ho okruhu, ale bez dal\u0161\u00edch opat\u0159en\u00ed hroz\u00ed, \u017ee se doprava zhor\u0161\u00ed. M\u00e1me obavu hlavn\u011b z&nbsp;nov\u00e9ho p\u0159ivad\u011b\u010de Ryb\u00e1\u0159ka, kter\u00fd zat\u00ed\u017e\u00ed Podbabu a&nbsp;Dejvice. <img loading=\"lazy\" decoding=\"async\" height=\"16\" width=\"16\" alt=\"\ud83d\udc47\" src=\"https:\/\/static.xx.fbcdn.net\/images\/emoji.php\/v9\/tee\/2\/16\/1f447.png\"><\/p>\n\n\n\n<p><em>\u201eSilni\u010dn\u00ed doprav\u011b by nejv\u00edce prosp\u011bla plynulost a&nbsp;bezpe\u010dnost. Z&nbsp;tohoto pohledu by z\u00e1sadn\u00ed pozitivn\u00ed dopad na Prahu 6 m\u011bla m\u00edt severn\u00ed \u010d\u00e1st vn\u011bj\u0161\u00edho, tzv.&nbsp;Pra\u017esk\u00e9ho okruhu. Jsme ale z\u00e1rove\u0148 pro zaveden\u00ed n\u00e1vazn\u00fdch opat\u0159en\u00ed, kter\u00e1 budou platit od prvn\u00edho dne jeho otev\u0159en\u00ed, takov\u00fdch, kter\u00e1 z\u00e1sadn\u011b zredukuj\u00ed tranzit, kter\u00fd dnes sm\u011b\u0159uje p\u0159es \u00fazem\u00ed Prahy 6 do tunelu Blanka. A&nbsp;to nejen na hlavn\u00edch taz\u00edch, ale i&nbsp;mimo n\u011b, kam se dnes automobilov\u00e1 doprava p\u0159el\u00e9v\u00e1. Rizikem je ov\u0161em p\u0159ivad\u011b\u010d Ryb\u00e1\u0159ka ze Suchdola, kter\u00fd p\u0159ivede dal\u0161\u00ed auta do Podbaby a&nbsp;d\u00e1le do centra Dejvic (zejm\u00e9na osa Jugosl\u00e1vsk\u00fdch partyz\u00e1n\u016f \u2013 Svatov\u00edtsk\u00e1). Je \u0161koda, \u017ee zat\u00edm nebyla v\u016fle tento nadbyte\u010dn\u00fd a&nbsp;drah\u00fd p\u0159ivad\u011b\u010d, kter\u00fd bude Praze 6 v\u00edce \u0161kodit ne\u017e prosp\u00edvat, z&nbsp;projektu vypustit (jedn\u00e1 se o&nbsp;investici n\u011bkolika v&nbsp;\u0159\u00e1du n\u011bkolika mld. K\u010d.). Co d\u00e1le pom\u016f\u017ee, je nov\u00e1, kapacitn\u00ed \u017eeleznice do Kladna a&nbsp;zejm\u00e9na pak jej\u00ed odbo\u010dka na leti\u0161t\u011b. Zde je potenci\u00e1l redukovat tis\u00edce j\u00edzd voz\u016f taxi denn\u011b a&nbsp;tak\u00e9 k&nbsp;tomu, \u017ee lid\u00e9 z&nbsp;Kladna a&nbsp;okol\u00ed nebudou pro doj\u00ed\u017ed\u011bn\u00ed volit auto. Plynulosti a&nbsp;bezpe\u010dnosti silni\u010dn\u00ed dopravy pom\u016f\u017ee i&nbsp;modern\u00ed, rychl\u00e1 a&nbsp;spolehliv\u00e1 MHD.\u201c<\/em> dod\u00e1v\u00e1 Jan Matas.<\/p>\n\n\n\n<div style=\"height:20px\" aria-hidden=\"true\" class=\"wp-block-spacer\"><\/div>\n\n\n\n<p><img loading=\"lazy\" decoding=\"async\" height=\"16\" width=\"16\" alt=\"\ud83d\udee3\ufe0f\" src=\"https:\/\/static.xx.fbcdn.net\/images\/emoji.php\/v9\/tdb\/2\/16\/1f6e3.png\"> Doprava a&nbsp;ve\u0159ejn\u00fd prostor<\/p>\n\n\n\n<p>\u2013 za\u010dala v\u00fdstavba trolejbusov\u00e9 trati linky 51 z&nbsp;Bo\u0159islavky na Hrad\u010danskou<\/p>\n\n\n\n<p>\u2013 zklidn\u011bn\u00ed dopravy na Hanspaulce: nepr\u016fjezdn\u00e1 Su\u0161ick\u00e1, nov\u00e9 uspo\u0159\u00e1d\u00e1n\u00ed, \u0161koln\u00ed piazzetta<\/p>\n\n\n\n<p><img loading=\"lazy\" decoding=\"async\" height=\"16\" width=\"16\" src=\"https:\/\/static.xx.fbcdn.net\/images\/emoji.php\/v9\/tc7\/2\/16\/1f3eb.png\" alt=\"\ud83c\udfeb\"> Investice do vzd\u011bl\u00e1v\u00e1n\u00ed<\/p>\n\n\n\n<p>\u2013 zah\u00e1jena stavba \u0161kolky na \u010cerven\u00e9m vrchu: d\u0159evostavba, zimn\u00ed zahrada, prostor pro komunitu<\/p>\n\n\n\n<p><img loading=\"lazy\" decoding=\"async\" height=\"16\" width=\"16\" alt=\"\ud83c\udfad\" src=\"https:\/\/static.xx.fbcdn.net\/images\/emoji.php\/v9\/t4d\/2\/16\/1f3ad.png\"> Kultura a&nbsp;komunitn\u00ed \u017eivot<\/p>\n\n\n\n<p>\u2013 rok od otev\u0159en\u00ed Veleslav\u00ednsk\u00e9ho z\u00e1mku \u2013 m\u00edsto kultury, vzd\u011bl\u00e1v\u00e1n\u00ed a&nbsp;sousedsk\u00fdch setk\u00e1v\u00e1n\u00ed<\/p>\n\n\n\n<p>\u2013 letn\u00ed program na \u0160es\u0165\u00e1ku a&nbsp;festivaly po&nbsp;cel\u00e9 Praze 6<\/p>\n\n\n\n<p>\u2013 pl\u00e1n na obnovu h\u0159i\u0161t\u011b Egyptsk\u00e1 a&nbsp;okol\u00ed<\/p>\n\n\n\n<div style=\"height:20px\" aria-hidden=\"true\" class=\"wp-block-spacer\"><\/div>\n\n\n\n<p><img loading=\"lazy\" decoding=\"async\" height=\"16\" width=\"16\" alt=\"\ud83d\udccd\" src=\"https:\/\/static.xx.fbcdn.net\/images\/emoji.php\/v9\/tcc\/2\/16\/1f4cd.png\"> Cel\u00e9 \u010dervnov\u00e9 \u010d\u00edslo najde\u0161 tady:<\/p>\n\n\n\n<p><a href=\"https:\/\/www.sestka.cz\/06-2025\" target=\"_blank\" rel=\"noopener\" title=\"https:\/\/www.sestka.cz\/06-2025\">https:\/\/www.sestka.cz\/06-2025<\/a><\/p>\n","protected":false},"excerpt":{"rendered":"<p>A my se je\u0161t\u011b vr\u00e1t\u00edme k&nbsp;aktu\u00e1ln\u00edmu \u010d\u00edslu, kter\u00e9 se tentokr\u00e1t v\u011bnuje tomu, co n\u00e1s tr\u00e1p\u00ed denn\u011b \u2013 doprav\u011b N\u00e1\u0161 m\u00edstop\u0159edseda dopravn\u00ed komise Jan Matas v&nbsp;politick\u00e9 diskusi popisuje, jak zlep\u0161it plynulost a&nbsp;bezpe\u010dnost dopravy v&nbsp;Praze 6. Kl\u00ed\u010dov\u00fd bude severn\u00ed \u00fasek Pra\u017esk\u00e9ho okruhu, ale bez dal\u0161\u00edch opat\u0159en\u00ed hroz\u00ed, \u017ee se doprava zhor\u0161\u00ed. M\u00e1me obavu hlavn\u011b z&nbsp;nov\u00e9ho p\u0159ivad\u011b\u010de Ryb\u00e1\u0159ka, [&hellip;]<\/p>\n","protected":false},"author":9,"featured_media":1502,"comment_status":"open","ping_status":"open","sticky":false,"template":"","format":"standard","meta":{"_acf_changed":false,"inline_featured_image":false,"footnotes":""},"categories":[4],"tags":[],"class_list":["post-1501","post","type-post","status-publish","format-standard","has-post-thumbnail","hentry","category-news"],"acf":[],"aioseo_notices":[],"distributor_meta":false,"distributor_terms":false,"distributor_media":false,"distributor_original_site_name":"Praha6Sob\u011b","distributor_original_site_url":"https:\/\/prahasobe.cz\/praha6sobe","push-errors":false,"_links":{"self":[{"href":"https:\/\/prahasobe.cz\/praha6sobe\/wp-json\/wp\/v2\/posts\/1501","targetHints":{"allow":["GET"]}}],"collection":[{"href":"https:\/\/prahasobe.cz\/praha6sobe\/wp-json\/wp\/v2\/posts"}],"about":[{"href":"https:\/\/prahasobe.cz\/praha6sobe\/wp-json\/wp\/v2\/types\/post"}],"author":[{"embeddable":true,"href":"https:\/\/prahasobe.cz\/praha6sobe\/wp-json\/wp\/v2\/users\/9"}],"replies":[{"embeddable":true,"href":"https:\/\/prahasobe.cz\/praha6sobe\/wp-json\/wp\/v2\/comments?post=1501"}],"version-history":[{"count":2,"href":"https:\/\/prahasobe.cz\/praha6sobe\/wp-json\/wp\/v2\/posts\/1501\/revisions"}],"predecessor-version":[{"id":1504,"href":"https:\/\/prahasobe.cz\/praha6sobe\/wp-json\/wp\/v2\/posts\/1501\/revisions\/1504"}],"wp:featuredmedia":[{"embeddable":true,"href":"https:\/\/prahasobe.cz\/praha6sobe\/wp-json\/wp\/v2\/media\/1502"}],"wp:attachment":[{"href":"https:\/\/prahasobe.cz\/praha6sobe\/wp-json\/wp\/v2\/media?parent=1501"}],"wp:term":[{"taxonomy":"category","embeddable":true,"href":"https:\/\/prahasobe.cz\/praha6sobe\/wp-json\/wp\/v2\/categories?post=1501"},{"taxonomy":"post_tag","embeddable":true,"href":"https:\/\/prahasobe.cz\/praha6sobe\/wp-json\/wp\/v2\/tags?post=1501"}],"curies":[{"name":"wp","href":"https:\/\/api.w.org\/{rel}","templated":true}]}}