{"id":1492,"date":"2025-09-29T13:34:00","date_gmt":"2025-09-29T13:34:00","guid":{"rendered":"https:\/\/prahasobe.cz\/praha6sobe\/?p=1492"},"modified":"2025-12-19T13:46:19","modified_gmt":"2025-12-19T13:46:19","slug":"zitra-jde-do-tisku-nove-cislo-sestky","status":"publish","type":"post","link":"https:\/\/prahasobe.cz\/praha6sobe\/2025\/09\/29\/zitra-jde-do-tisku-nove-cislo-sestky\/","title":{"rendered":"Z\u00edtra jde do tisku nov\u00e9 \u010d\u00edslo \u0160estky"},"content":{"rendered":"\n<p>Od 1.&nbsp;\u0159\u00edjna ho najdete na v\u0161ech odb\u011brn\u00fdch m\u00edstech. Je\u0161t\u011b ne\u017e doraz\u00ed, ohl\u00ed\u017e\u00edme se za z\u00e1\u0159ijov\u00fdm vyd\u00e1n\u00edm. To otev\u0159elo d\u016fle\u017eit\u00e9 a&nbsp;\u010d\u00edm d\u00e1l aktu\u00e1ln\u011bj\u0161\u00ed t\u00e9ma: jak m\u011bstsk\u00e1 \u010d\u00e1st nakl\u00e1d\u00e1 se sv\u00fdmi byty a&nbsp;komu by m\u011bly slou\u017eit. Bytov\u00e1 politika toti\u017e nen\u00ed jen o&nbsp;\u010d\u00edslech, ale hlavn\u011b o&nbsp;konkr\u00e9tn\u00edch lidech a&nbsp;jejich pot\u0159eb\u00e1ch. A&nbsp;jak zn\u011bla ot\u00e1zka v&nbsp;tradi\u010dn\u00ed rubrice politick\u00e9 diskuse? \u201eNakl\u00e1d\u00e1 Praha 6 dob\u0159e se sv\u00fdmi byty?\u201c<\/p>\n\n\n\n<div style=\"height:20px\" aria-hidden=\"true\" class=\"wp-block-spacer\"><\/div>\n\n\n\n<p>\u201eByty ve vlastnictv\u00ed m\u011bstsk\u00e9 \u010d\u00e1sti by m\u011bly slou\u017eit lidem. Nem\u011bly by ch\u00e1trat, z\u016fst\u00e1vat nevyu\u017eit\u00e9 ani kon\u010dit v&nbsp;rukou spekulant\u016f. Praha 6 m\u00e1 v&nbsp;oblasti bytov\u00e9 politiky st\u00e1le zna\u010dn\u00fd potenci\u00e1l a&nbsp;rezervy, zejm\u00e9na pokud jde o&nbsp;zaji\u0161\u0165ov\u00e1n\u00ed dostupn\u00e9ho bydlen\u00ed. Obecn\u00ed byty by m\u011bly b\u00fdt dostupn\u00e9 nejen pro kl\u00ed\u010dov\u00e9 profese, jako jsou u\u010ditel\u00e9, zdravotn\u00edci, policist\u00e9, hasi\u010di \u010di&nbsp;soci\u00e1ln\u00ed pracovn\u00edci, ale i&nbsp;pro mlad\u00e9 rodiny, seniory nebo samo\u017eivitelky. Omezen\u00fd bytov\u00fd fond umo\u017e\u0148uje realizaci politiky jen v&nbsp;omezen\u00e9m rozsahu. Proto usilujeme o&nbsp;nav\u00fd\u0161en\u00ed kapacit, nap\u0159\u00edklad v\u00fdstavbou na obecn\u00edch pozemc\u00edch, kter\u00fdch je ale velmi m\u00e1lo. Prosazujeme proto z\u00edsk\u00e1v\u00e1n\u00ed byt\u016f tak\u00e9 z&nbsp;developersk\u00fdch projekt\u016f formou kontribuc\u00ed \u010di&nbsp;rekolaudac\u00ed nebytov\u00fdch prostor na byty. Chceme tak\u00e9 pokra\u010dovat v&nbsp;rekonstrukc\u00edch st\u00e1vaj\u00edc\u00edch byt\u016f a&nbsp;dom\u016f v&nbsp;majetku Prahy 6. Do spr\u00e1vy bytov\u00e9ho fondu bychom z\u00e1rove\u0148 r\u00e1di vn\u00e1\u0161eli inovace a&nbsp;nov\u00e9 trendy, nap\u0159\u00edklad podporu spolubydlen\u00ed jako dostupn\u011bj\u0161\u00ed formy n\u00e1jmu. Spr\u00e1va obecn\u00edch byt\u016f nen\u00ed jen o&nbsp;\u00fa\u010dtech a&nbsp;kl\u00ed\u010d\u00edch. Je to odpov\u011bdnost v\u016f\u010di komunit\u011b, kter\u00e1 si zaslou\u017e\u00ed v\u011bt\u0161\u00ed d\u016fraz, odvahu a&nbsp;dlouhodobou vizi,\u201c<br>dod\u00e1v\u00e1 na\u0161e Mariana \u010capkov\u00e1 &#8211; m\u00edstostarostka Prahy 6.<\/p>\n\n\n\n<div style=\"height:20px\" aria-hidden=\"true\" class=\"wp-block-spacer\"><\/div>\n\n\n\n<p>\u2139\ufe0f Praha 6 aktu\u00e1ln\u011b vlastn\u00ed 1333 obecn\u00edch byt\u016f. Do budoucna by mohly p\u0159ib\u00fdt ni\u017e\u0161\u00ed stovky dal\u0161\u00edch \u2013 a\u0165 u\u017e formou v\u00fdstavby, rekolaudac\u00ed nebo kontribuc\u00ed.<\/p>\n\n\n\n<div style=\"height:20px\" aria-hidden=\"true\" class=\"wp-block-spacer\"><\/div>\n\n\n\n<p>A co dal\u0161\u00edho \u0160estka p\u0159inesla?<br>\ud83d\udcac Rozhovor s&nbsp;Janou Divi\u0161ovou<br>\ud83c\udf92 P\u0159ipravenost \u0161kol na nov\u00fd \u0161koln\u00ed rok<br>\ud83d\udeae Mlatov\u00e1 plocha na Kula\u0165\u00e1ku<br>\ud83d\udea6 Zv\u00fd\u0161en\u00ed bezpe\u010dnosti d\u011bt\u00ed na cest\u00e1ch do \u0161kol<\/p>\n\n\n\n<div style=\"height:20px\" aria-hidden=\"true\" class=\"wp-block-spacer\"><\/div>\n\n\n\n<p>Mrkn\u011bte na cel\u00e9 \u010d\u00edslo \ud83d\udd17 <a href=\"https:\/\/www.sestka.cz\/sestka_09_print\" target=\"_blank\" rel=\"noopener\" title=\"https:\/\/www.sestka.cz\/sestka_09_print\">https:\/\/www.sestka.cz\/sestka_09_print<\/a><\/p>\n\n\n\n<p>Vizualizace od\u00a0<a href=\"https:\/\/www.instagram.com\/adns.architekti\/\">@adns.architekti<\/a>\u00a0t\u0159i bytov\u00e9 domy se 41 obecn\u00edmi byty v&nbsp;ulici Rakovnick\u00e1.<\/p>\n","protected":false},"excerpt":{"rendered":"<p>Od 1.&nbsp;\u0159\u00edjna ho najdete na v\u0161ech odb\u011brn\u00fdch m\u00edstech. Je\u0161t\u011b ne\u017e doraz\u00ed, ohl\u00ed\u017e\u00edme se za z\u00e1\u0159ijov\u00fdm vyd\u00e1n\u00edm. To otev\u0159elo d\u016fle\u017eit\u00e9 a&nbsp;\u010d\u00edm d\u00e1l aktu\u00e1ln\u011bj\u0161\u00ed t\u00e9ma: jak m\u011bstsk\u00e1 \u010d\u00e1st nakl\u00e1d\u00e1 se sv\u00fdmi byty a&nbsp;komu by m\u011bly slou\u017eit. Bytov\u00e1 politika toti\u017e nen\u00ed jen o&nbsp;\u010d\u00edslech, ale hlavn\u011b o&nbsp;konkr\u00e9tn\u00edch lidech a&nbsp;jejich pot\u0159eb\u00e1ch. A&nbsp;jak zn\u011bla ot\u00e1zka v&nbsp;tradi\u010dn\u00ed rubrice politick\u00e9 diskuse? \u201eNakl\u00e1d\u00e1 Praha [&hellip;]<\/p>\n","protected":false},"author":9,"featured_media":1493,"comment_status":"open","ping_status":"open","sticky":false,"template":"","format":"standard","meta":{"_acf_changed":false,"inline_featured_image":false,"footnotes":""},"categories":[4],"tags":[],"class_list":["post-1492","post","type-post","status-publish","format-standard","has-post-thumbnail","hentry","category-news"],"acf":[],"aioseo_notices":[],"distributor_meta":false,"distributor_terms":false,"distributor_media":false,"distributor_original_site_name":"Praha6Sob\u011b","distributor_original_site_url":"https:\/\/prahasobe.cz\/praha6sobe","push-errors":false,"_links":{"self":[{"href":"https:\/\/prahasobe.cz\/praha6sobe\/wp-json\/wp\/v2\/posts\/1492","targetHints":{"allow":["GET"]}}],"collection":[{"href":"https:\/\/prahasobe.cz\/praha6sobe\/wp-json\/wp\/v2\/posts"}],"about":[{"href":"https:\/\/prahasobe.cz\/praha6sobe\/wp-json\/wp\/v2\/types\/post"}],"author":[{"embeddable":true,"href":"https:\/\/prahasobe.cz\/praha6sobe\/wp-json\/wp\/v2\/users\/9"}],"replies":[{"embeddable":true,"href":"https:\/\/prahasobe.cz\/praha6sobe\/wp-json\/wp\/v2\/comments?post=1492"}],"version-history":[{"count":2,"href":"https:\/\/prahasobe.cz\/praha6sobe\/wp-json\/wp\/v2\/posts\/1492\/revisions"}],"predecessor-version":[{"id":1495,"href":"https:\/\/prahasobe.cz\/praha6sobe\/wp-json\/wp\/v2\/posts\/1492\/revisions\/1495"}],"wp:featuredmedia":[{"embeddable":true,"href":"https:\/\/prahasobe.cz\/praha6sobe\/wp-json\/wp\/v2\/media\/1493"}],"wp:attachment":[{"href":"https:\/\/prahasobe.cz\/praha6sobe\/wp-json\/wp\/v2\/media?parent=1492"}],"wp:term":[{"taxonomy":"category","embeddable":true,"href":"https:\/\/prahasobe.cz\/praha6sobe\/wp-json\/wp\/v2\/categories?post=1492"},{"taxonomy":"post_tag","embeddable":true,"href":"https:\/\/prahasobe.cz\/praha6sobe\/wp-json\/wp\/v2\/tags?post=1492"}],"curies":[{"name":"wp","href":"https:\/\/api.w.org\/{rel}","templated":true}]}}