{"id":1440,"date":"2025-10-28T11:54:00","date_gmt":"2025-10-28T11:54:00","guid":{"rendered":"https:\/\/prahasobe.cz\/praha6sobe\/?p=1440"},"modified":"2025-12-13T11:55:22","modified_gmt":"2025-12-13T11:55:22","slug":"rijnova-sestka-kultura-v-praze-6","status":"publish","type":"post","link":"https:\/\/prahasobe.cz\/praha6sobe\/2025\/10\/28\/rijnova-sestka-kultura-v-praze-6\/","title":{"rendered":"\u0158\u00edjnov\u00e1 \u0160estka: kultura v&nbsp;Praze 6"},"content":{"rendered":"\n<p>Listopadov\u00e9 vyd\u00e1n\u00ed radni\u010dn\u00edch novin \u0160estka je u\u017e v&nbsp;posledn\u00ed f\u00e1zi p\u0159\u00edprav, ale je\u0161t\u011b se vr\u00e1t\u00edme k&nbsp;tomu \u0159\u00edjnov\u00e9mu, jeho\u017e hlavn\u00edm t\u00e9matem byla kultura v&nbsp;Praze 6. V&nbsp;tradi\u010dn\u00ed rubrice politick\u00e9 diskuse padla ot\u00e1zka: Je v&nbsp;Praze 6 dostatek kulturn\u00edch p\u0159\u00edle\u017eitost\u00ed? \ud83c\udfad<br><br>\u201e<em>Praha 6 nab\u00edz\u00ed \u0161irokou \u0161k\u00e1lu kulturn\u00edch p\u0159\u00edle\u017eitost\u00ed, av\u0161ak v\u011bt\u0161ina z&nbsp;nich je koncentrov\u00e1na sp\u00ed\u0161e v&nbsp;centr\u00e1ln\u00edch \u010d\u00e1stech, zejm\u00e9na v&nbsp;Dejvic\u00edch a&nbsp;Buben\u010di. Okrajov\u00e9 oblasti, jako jsou Ruzyn\u011b, D\u011bdina, Pet\u0159iny nebo Vokovice, jsou bohu\u017eel z&nbsp;hlediska dostupnosti kulturn\u00edho vy\u017eit\u00ed st\u00e1le v\u00fdrazn\u011b opom\u00edjeny. Chyb\u00ed zde dostatek vhodn\u00fdch prostor pro kon\u00e1n\u00ed akc\u00ed, co\u017e v\u00fdrazn\u011b omezuje nab\u00eddku kulturn\u00edho programu. Praha 6 nav\u00edc postr\u00e1d\u00e1 kulturn\u00ed centrum, kter\u00e9 by umo\u017enilo po\u0159\u00e1d\u00e1n\u00ed v\u011bt\u0161\u00edch kulturn\u00edch akc\u00ed. Z&nbsp;toho d\u016fvodu podporujeme vznik nov\u00e9ho kulturn\u00edho centra v&nbsp;r\u00e1mci \u010dtvrt\u00e9ho kvadrantu V\u00edt\u011bzn\u00e9ho n\u00e1m\u011bst\u00ed. Samotn\u00e9 kulturn\u00ed centrum v\u0161ak nedok\u00e1\u017ee zcela odstranit rozd\u00edl mezi centr\u00e1ln\u00edmi a&nbsp;okrajov\u00fdmi \u010d\u00e1stmi m\u011bstsk\u00e9 \u010d\u00e1sti. Proto je t\u0159eba vyzdvihnout v\u0161echny komunitn\u00ed \u010di&nbsp;sousedsk\u00e9 akce, kter\u00e9 m\u00edstn\u00ed obyvatel\u00e9 organizuj\u00ed vlastn\u00edmi silami. Na radnici dlouhodob\u011b prosazujeme podporu t\u011bchto aktivit, stejn\u011b jako spolupr\u00e1ci s&nbsp;m\u00edstn\u00edmi spolky, farnostmi a&nbsp;komunitn\u00edmi centry, je\u017e dlouhodob\u011b p\u0159isp\u00edvaj\u00ed k&nbsp;zaji\u0161t\u011bn\u00ed kulturn\u00edho d\u011bn\u00ed v&nbsp;m\u00e9n\u011b frekventovan\u00fdch lokalit\u00e1ch. P\u0159i\u010dinili jsme se i&nbsp;o&nbsp;nov\u00fd spole\u010densk\u00fd s\u00e1l v&nbsp;projektu Nov\u00fd \u010cerve\u0148\u00e1k, kter\u00fd roz\u0161\u00ed\u0159\u00ed mo\u017enosti pro kulturn\u00ed a&nbsp;komunitn\u00ed akce.\u201c<\/em> \ud83d\udc49 odpov\u00edd\u00e1 <a href=\"https:\/\/www.linkedin.com\/in\/filip-orel-69872a17\/\">Filip Orel<\/a>, n\u00e1\u0161 zastupitel a&nbsp;p\u0159edseda kulturn\u00ed komise.<br><br>A co dal\u0161\u00edho jste v&nbsp;\u0159\u00edjnov\u00e9 \u0160estce mohli naj\u00edt?<br>\ud83d\udca1 Start dal\u0161\u00edho ro\u010dn\u00edku participativn\u00edho rozpo\u010dtu N\u00e1pad pro \u0160estku<br>\ud83c\udfad Investice do z\u00e1zem\u00ed v&nbsp;Dejvick\u00e9m divadle, klubu Ka\u0161tan a&nbsp;Divadle Spejbla a&nbsp;Hurv\u00ednka<br>\ud83c\udf33 Stromy k&nbsp;adopci \u2013 zapojte se do podzimn\u00ed v\u00fdsadby<br>\ud83d\udd0c Pokra\u010duj\u00edc\u00ed elektrifikace linky 131<br>\ud83c\udfa4 Rozhovor s&nbsp;\u010destn\u00fdm ob\u010danem Bed\u0159ichem Moldanem \u2013 o&nbsp;vztahu k&nbsp;Praze 6 i&nbsp;\u017eivotn\u00edmu prost\u0159ed\u00ed<br><br><strong>\ud83d\udcd6 Cel\u00e9 \u010d\u00edslo najdete online zde:<\/strong><br><a href=\"https:\/\/www.sestka.cz\/10-2025\" target=\"_blank\" rel=\"noopener\" title=\"\">\ud83d\udd17 https:\/\/www.sestka.cz\/10-2025<br><\/a><br>\ud83d\uddde Nov\u00e9 vyd\u00e1n\u00ed o\u010dek\u00e1vejte na odb\u011brn\u00fdch m\u00edstech u\u017e za\u010d\u00e1tkem listopadu.<\/p>\n\n\n\n<div style=\"height:20px\" aria-hidden=\"true\" class=\"wp-block-spacer\"><\/div>\n","protected":false},"excerpt":{"rendered":"<p>Listopadov\u00e9 vyd\u00e1n\u00ed radni\u010dn\u00edch novin \u0160estka je u\u017e v&nbsp;posledn\u00ed f\u00e1zi p\u0159\u00edprav, ale je\u0161t\u011b se vr\u00e1t\u00edme k&nbsp;tomu \u0159\u00edjnov\u00e9mu, jeho\u017e hlavn\u00edm t\u00e9matem byla kultura v&nbsp;Praze 6. V&nbsp;tradi\u010dn\u00ed rubrice politick\u00e9 diskuse padla ot\u00e1zka: Je v&nbsp;Praze 6 dostatek kulturn\u00edch p\u0159\u00edle\u017eitost\u00ed? \ud83c\udfad \u201ePraha 6 nab\u00edz\u00ed \u0161irokou \u0161k\u00e1lu kulturn\u00edch p\u0159\u00edle\u017eitost\u00ed, av\u0161ak v\u011bt\u0161ina z&nbsp;nich je koncentrov\u00e1na sp\u00ed\u0161e v&nbsp;centr\u00e1ln\u00edch \u010d\u00e1stech, zejm\u00e9na v&nbsp;Dejvic\u00edch a&nbsp;Buben\u010di. Okrajov\u00e9 [&hellip;]<\/p>\n","protected":false},"author":9,"featured_media":1441,"comment_status":"open","ping_status":"open","sticky":false,"template":"","format":"standard","meta":{"_acf_changed":false,"inline_featured_image":false,"footnotes":""},"categories":[4],"tags":[],"class_list":["post-1440","post","type-post","status-publish","format-standard","has-post-thumbnail","hentry","category-news"],"acf":[],"aioseo_notices":[],"distributor_meta":false,"distributor_terms":false,"distributor_media":false,"distributor_original_site_name":"Praha6Sob\u011b","distributor_original_site_url":"https:\/\/prahasobe.cz\/praha6sobe","push-errors":false,"_links":{"self":[{"href":"https:\/\/prahasobe.cz\/praha6sobe\/wp-json\/wp\/v2\/posts\/1440","targetHints":{"allow":["GET"]}}],"collection":[{"href":"https:\/\/prahasobe.cz\/praha6sobe\/wp-json\/wp\/v2\/posts"}],"about":[{"href":"https:\/\/prahasobe.cz\/praha6sobe\/wp-json\/wp\/v2\/types\/post"}],"author":[{"embeddable":true,"href":"https:\/\/prahasobe.cz\/praha6sobe\/wp-json\/wp\/v2\/users\/9"}],"replies":[{"embeddable":true,"href":"https:\/\/prahasobe.cz\/praha6sobe\/wp-json\/wp\/v2\/comments?post=1440"}],"version-history":[{"count":2,"href":"https:\/\/prahasobe.cz\/praha6sobe\/wp-json\/wp\/v2\/posts\/1440\/revisions"}],"predecessor-version":[{"id":1443,"href":"https:\/\/prahasobe.cz\/praha6sobe\/wp-json\/wp\/v2\/posts\/1440\/revisions\/1443"}],"wp:featuredmedia":[{"embeddable":true,"href":"https:\/\/prahasobe.cz\/praha6sobe\/wp-json\/wp\/v2\/media\/1441"}],"wp:attachment":[{"href":"https:\/\/prahasobe.cz\/praha6sobe\/wp-json\/wp\/v2\/media?parent=1440"}],"wp:term":[{"taxonomy":"category","embeddable":true,"href":"https:\/\/prahasobe.cz\/praha6sobe\/wp-json\/wp\/v2\/categories?post=1440"},{"taxonomy":"post_tag","embeddable":true,"href":"https:\/\/prahasobe.cz\/praha6sobe\/wp-json\/wp\/v2\/tags?post=1440"}],"curies":[{"name":"wp","href":"https:\/\/api.w.org\/{rel}","templated":true}]}}