{"id":1426,"date":"2025-11-23T11:32:00","date_gmt":"2025-11-23T11:32:00","guid":{"rendered":"https:\/\/prahasobe.cz\/praha6sobe\/?p=1426"},"modified":"2025-12-13T11:46:10","modified_gmt":"2025-12-13T11:46:10","slug":"silnejsi-podpora-ohrozenych-rodin","status":"publish","type":"post","link":"https:\/\/prahasobe.cz\/praha6sobe\/2025\/11\/23\/silnejsi-podpora-ohrozenych-rodin\/","title":{"rendered":"Siln\u011bj\u0161\u00ed podpora ohro\u017een\u00fdch rodin"},"content":{"rendered":"\n<p>\u201e<em>Nejste v&nbsp;tom sami!\u201c<\/em> to bylo hlavn\u00ed poselstv\u00ed prvn\u00edho veletrhu slu\u017eeb pro podporu ohro\u017een\u00fdch d\u011bt\u00ed a&nbsp;rodin, kter\u00fd uspo\u0159\u00e1dala Praha 6 spole\u010dn\u011b s&nbsp;<strong>neziskovou organizac\u00ed <a href=\"https:\/\/www.linkedin.com\/company\/society-for-all\/\">Society for All, z.s.<\/a><\/strong>. Na akci byly z\u00e1rove\u0148 p\u0159edstaveny lokalizovan\u00e9 materi\u00e1ly p\u0159ipraven\u00e9 speci\u00e1ln\u011b pro na\u0161i m\u011bstskou \u010d\u00e1st.<br><br>Veletrh je sou\u010d\u00e1st\u00ed nov\u00e9ho projektu, kter\u00fd na Praze 6 od za\u010d\u00e1tku roku propojuje \u0161kolstv\u00ed, soci\u00e1ln\u00ed slu\u017eby, zdravotnictv\u00ed a&nbsp;dal\u0161\u00ed instituce. C\u00edlem je v\u010dasn\u00e1 identifikace ohro\u017een\u00fdch d\u011bt\u00ed a&nbsp;efektivn\u00ed podpora jejich rodin.<\/p>\n\n\n\n<p><br><em>\u201eNa\u0161\u00ed prioritou je zajistit, aby rodiny a&nbsp;d\u011bti v&nbsp;Praze 6, kter\u00e9 se ocitly v&nbsp;n\u00e1ro\u010dn\u00e9 \u017eivotn\u00ed situaci, dostaly v\u010dasnou a&nbsp;efektivn\u00ed pomoc. Veletrh slu\u017eeb je jedine\u010dnou platformou, kter\u00e1 pod jednou st\u0159echou propojuje v\u0161echny d\u016fle\u017eit\u00e9 akt\u00e9ry \u2013 od soci\u00e1ln\u00edch a&nbsp;zdravotnick\u00fdch slu\u017eeb po&nbsp;\u0161kolstv\u00ed a&nbsp;neziskov\u00fd sektor. V\u011b\u0159\u00edm, \u017ee tato akce pos\u00edl\u00ed mezioborovou spolupr\u00e1ci, a&nbsp;hlavn\u011b uk\u00e1\u017ee rodi\u010d\u016fm a&nbsp;ve\u0159ejnosti, \u017ee v&nbsp;na\u0161\u00ed m\u011bstsk\u00e9 \u010d\u00e1sti existuje siln\u00e1 s\u00ed\u0165 podpory, na kterou se mohou kdykoliv obr\u00e1tit,\u201c<\/em> dod\u00e1v\u00e1 na\u0161e <a href=\"https:\/\/www.linkedin.com\/in\/mariana-%C4%8Dapkov%C3%A1\/\">Mariana \u010capkov\u00e1<\/a> &#8211; m\u00edstostarostka Prahy 6.<br><br>Sou\u010d\u00e1st\u00ed programu bylo i&nbsp;p\u0159edstaven\u00ed <strong>Karty KID<\/strong> \u2013 n\u00e1stroje pro v\u010dasn\u00e9 rozpozn\u00e1n\u00ed ohro\u017een\u00ed d\u00edt\u011bte, kter\u00fd vznikl ve spolupr\u00e1ci \u010dty\u0159 ministerstev a&nbsp;\u010cesk\u00e9 odborn\u00e9 spole\u010dnosti pro inkluzivn\u00ed vzd\u011bl\u00e1v\u00e1n\u00ed. Zkratka KID vych\u00e1z\u00ed ze slov kooperace, identifikace, d\u016fv\u011bra. Karta nab\u00edz\u00ed jasn\u00fd a&nbsp;p\u0159ehledn\u00fd postup pro odborn\u00edky, rodi\u010de i&nbsp;d\u011bti v&nbsp;krizov\u00fdch situac\u00edch.<br><br>Odborn\u00e1 \u010d\u00e1st veletrhu nab\u00eddla prostor pro sd\u00edlen\u00ed zku\u0161enost\u00ed mezi z\u00e1stupci instituc\u00ed jako OSPOD, kur\u00e1torsk\u00e1 slu\u017eba, pedagogicko-psychologick\u00e9 poradny, centra du\u0161evn\u00edho zdrav\u00ed, Diakonie, \u0161koln\u00ed preventist\u00e9 a&nbsp;dal\u0161\u00ed odborn\u00edci.<br><br>Hlavn\u00edm p\u0159edpokladem dob\u0159e funguj\u00edc\u00ed mezioborov\u00e9 spolupr\u00e1ce je vz\u00e1jemn\u00e9 p\u0159edstaven\u00ed a&nbsp;propojen\u00ed odborn\u00edk\u016f z&nbsp;m\u00edstn\u00ed s\u00edt\u011b, a&nbsp;to jak z&nbsp;oblasti \u0161kolstv\u00ed, tak z&nbsp;oblasti soci\u00e1ln\u00ed a&nbsp;dal\u0161\u00edch segment\u016f. A&nbsp;pr\u00e1v\u011b o&nbsp;takovou spolupr\u00e1ci usilujeme na Praze 6 c\u00edlen\u011b, proto\u017ee pokud se lid\u00e9 z&nbsp;r\u016fzn\u00fdch oblast\u00ed skute\u010dn\u011b propoj\u00ed, vznik\u00e1 siln\u00e1 a&nbsp;funk\u010dn\u00ed s\u00ed\u0165 podpory.<\/p>\n\n\n\n<div style=\"height:20px\" aria-hidden=\"true\" class=\"wp-block-spacer\"><\/div>\n\n\n\n<figure class=\"wp-block-gallery has-nested-images columns-default is-cropped wp-block-gallery-1 is-layout-flex wp-block-gallery-is-layout-flex\">\n<figure class=\"wp-block-image size-large\"><img loading=\"lazy\" decoding=\"async\" width=\"2048\" height=\"1365\" data-id=\"1436\" src=\"http:\/\/prahasobe.cz\/praha6sobe\/wp-content\/uploads\/sites\/5\/2025\/12\/1762000877294.jpeg\" alt=\"Mariana \u010capkov\u00e1 na veletrhu slu\u017eeb pro podporu ohro\u017een\u00fdch rodin v Praze 6\" class=\"wp-image-1436\" srcset=\"https:\/\/prahasobe.cz\/praha6sobe\/wp-content\/uploads\/sites\/5\/2025\/12\/1762000877294.jpeg 2048w, https:\/\/prahasobe.cz\/praha6sobe\/wp-content\/uploads\/sites\/5\/2025\/12\/1762000877294-300x200.jpeg 300w, https:\/\/prahasobe.cz\/praha6sobe\/wp-content\/uploads\/sites\/5\/2025\/12\/1762000877294-1024x683.jpeg 1024w, https:\/\/prahasobe.cz\/praha6sobe\/wp-content\/uploads\/sites\/5\/2025\/12\/1762000877294-768x512.jpeg 768w, https:\/\/prahasobe.cz\/praha6sobe\/wp-content\/uploads\/sites\/5\/2025\/12\/1762000877294-1536x1024.jpeg 1536w\" sizes=\"auto, (max-width: 2048px) 100vw, 2048px\" \/><figcaption>Odborn\u00edci ze \u0161kolstv\u00ed a&nbsp;soci\u00e1ln\u00edch slu\u017eeb na veletrhu Praha 6<\/figcaption><\/figure>\n\n\n\n<figure class=\"wp-block-image size-large is-style-default\"><img loading=\"lazy\" decoding=\"async\" width=\"2048\" height=\"1365\" data-id=\"1430\" src=\"http:\/\/prahasobe.cz\/praha6sobe\/wp-content\/uploads\/sites\/5\/2025\/12\/1762000875977.jpeg\" alt=\"P\u0159edstaven\u00ed Karty KID \u2013 n\u00e1stroj v\u010dasn\u00e9 identifikace ohro\u017een\u00ed d\u00edt\u011bte\" class=\"wp-image-1430\" srcset=\"https:\/\/prahasobe.cz\/praha6sobe\/wp-content\/uploads\/sites\/5\/2025\/12\/1762000875977.jpeg 2048w, https:\/\/prahasobe.cz\/praha6sobe\/wp-content\/uploads\/sites\/5\/2025\/12\/1762000875977-300x200.jpeg 300w, https:\/\/prahasobe.cz\/praha6sobe\/wp-content\/uploads\/sites\/5\/2025\/12\/1762000875977-1024x683.jpeg 1024w, https:\/\/prahasobe.cz\/praha6sobe\/wp-content\/uploads\/sites\/5\/2025\/12\/1762000875977-768x512.jpeg 768w, https:\/\/prahasobe.cz\/praha6sobe\/wp-content\/uploads\/sites\/5\/2025\/12\/1762000875977-1536x1024.jpeg 1536w\" sizes=\"auto, (max-width: 2048px) 100vw, 2048px\" \/><figcaption>P\u0159edstaven\u00ed Karty KID \u2013 n\u00e1stroj v\u010dasn\u00e9 identifikace ohro\u017een\u00ed d\u00edt\u011bte<\/figcaption><\/figure>\n\n\n\n<figure class=\"wp-block-image size-large\"><img loading=\"lazy\" decoding=\"async\" width=\"2048\" height=\"1365\" data-id=\"1435\" src=\"http:\/\/prahasobe.cz\/praha6sobe\/wp-content\/uploads\/sites\/5\/2025\/12\/1762000876994.jpeg\" alt=\"Mariana \u010capkov\u00e1 na veletrhu slu\u017eeb pro podporu ohro\u017een\u00fdch rodin v Praze 6\" class=\"wp-image-1435\" srcset=\"https:\/\/prahasobe.cz\/praha6sobe\/wp-content\/uploads\/sites\/5\/2025\/12\/1762000876994.jpeg 2048w, https:\/\/prahasobe.cz\/praha6sobe\/wp-content\/uploads\/sites\/5\/2025\/12\/1762000876994-300x200.jpeg 300w, https:\/\/prahasobe.cz\/praha6sobe\/wp-content\/uploads\/sites\/5\/2025\/12\/1762000876994-1024x683.jpeg 1024w, https:\/\/prahasobe.cz\/praha6sobe\/wp-content\/uploads\/sites\/5\/2025\/12\/1762000876994-768x512.jpeg 768w, https:\/\/prahasobe.cz\/praha6sobe\/wp-content\/uploads\/sites\/5\/2025\/12\/1762000876994-1536x1024.jpeg 1536w\" sizes=\"auto, (max-width: 2048px) 100vw, 2048px\" \/><figcaption>Mariana \u010capkov\u00e1 na veletrhu slu\u017eeb pro podporu ohro\u017een\u00fdch rodin v&nbsp;Praze 6<\/figcaption><\/figure>\n\n\n\n<figure class=\"wp-block-image size-large\"><img loading=\"lazy\" decoding=\"async\" width=\"2048\" height=\"1365\" data-id=\"1427\" src=\"http:\/\/prahasobe.cz\/praha6sobe\/wp-content\/uploads\/sites\/5\/2025\/12\/1762000875621.jpeg\" alt=\"Veletrh slu\u017eeb pro podporu ohro\u017een\u00fdch rodin Praha 6\" class=\"wp-image-1427\" srcset=\"https:\/\/prahasobe.cz\/praha6sobe\/wp-content\/uploads\/sites\/5\/2025\/12\/1762000875621.jpeg 2048w, https:\/\/prahasobe.cz\/praha6sobe\/wp-content\/uploads\/sites\/5\/2025\/12\/1762000875621-300x200.jpeg 300w, https:\/\/prahasobe.cz\/praha6sobe\/wp-content\/uploads\/sites\/5\/2025\/12\/1762000875621-1024x683.jpeg 1024w, https:\/\/prahasobe.cz\/praha6sobe\/wp-content\/uploads\/sites\/5\/2025\/12\/1762000875621-768x512.jpeg 768w, https:\/\/prahasobe.cz\/praha6sobe\/wp-content\/uploads\/sites\/5\/2025\/12\/1762000875621-1536x1024.jpeg 1536w\" sizes=\"auto, (max-width: 2048px) 100vw, 2048px\" \/><figcaption>Veletrh slu\u017eeb pro podporu ohro\u017een\u00fdch rodin Praha 6<\/figcaption><\/figure>\n\n\n\n<figure class=\"wp-block-image size-large\"><img loading=\"lazy\" decoding=\"async\" width=\"2048\" height=\"1365\" data-id=\"1432\" src=\"http:\/\/prahasobe.cz\/praha6sobe\/wp-content\/uploads\/sites\/5\/2025\/12\/1762000877066.jpeg\" alt=\"Odborn\u00edci ze \u0161kolstv\u00ed a soci\u00e1ln\u00edch slu\u017eeb na veletrhu Praha 6\" class=\"wp-image-1432\" srcset=\"https:\/\/prahasobe.cz\/praha6sobe\/wp-content\/uploads\/sites\/5\/2025\/12\/1762000877066.jpeg 2048w, https:\/\/prahasobe.cz\/praha6sobe\/wp-content\/uploads\/sites\/5\/2025\/12\/1762000877066-300x200.jpeg 300w, https:\/\/prahasobe.cz\/praha6sobe\/wp-content\/uploads\/sites\/5\/2025\/12\/1762000877066-1024x683.jpeg 1024w, https:\/\/prahasobe.cz\/praha6sobe\/wp-content\/uploads\/sites\/5\/2025\/12\/1762000877066-768x512.jpeg 768w, https:\/\/prahasobe.cz\/praha6sobe\/wp-content\/uploads\/sites\/5\/2025\/12\/1762000877066-1536x1024.jpeg 1536w\" sizes=\"auto, (max-width: 2048px) 100vw, 2048px\" \/><figcaption>Odborn\u00edci ze \u0161kolstv\u00ed a&nbsp;soci\u00e1ln\u00edch slu\u017eeb na veletrhu Praha 6<\/figcaption><\/figure>\n\n\n\n<figure class=\"wp-block-image size-large\"><img loading=\"lazy\" decoding=\"async\" width=\"2048\" height=\"1365\" data-id=\"1428\" src=\"http:\/\/prahasobe.cz\/praha6sobe\/wp-content\/uploads\/sites\/5\/2025\/12\/1762000875708.jpeg\" alt=\"Veletrh slu\u017eeb pro podporu ohro\u017een\u00fdch rodin Praha 6\" class=\"wp-image-1428\" srcset=\"https:\/\/prahasobe.cz\/praha6sobe\/wp-content\/uploads\/sites\/5\/2025\/12\/1762000875708.jpeg 2048w, https:\/\/prahasobe.cz\/praha6sobe\/wp-content\/uploads\/sites\/5\/2025\/12\/1762000875708-300x200.jpeg 300w, https:\/\/prahasobe.cz\/praha6sobe\/wp-content\/uploads\/sites\/5\/2025\/12\/1762000875708-1024x683.jpeg 1024w, https:\/\/prahasobe.cz\/praha6sobe\/wp-content\/uploads\/sites\/5\/2025\/12\/1762000875708-768x512.jpeg 768w, https:\/\/prahasobe.cz\/praha6sobe\/wp-content\/uploads\/sites\/5\/2025\/12\/1762000875708-1536x1024.jpeg 1536w\" sizes=\"auto, (max-width: 2048px) 100vw, 2048px\" \/><figcaption>Veletrh slu\u017eeb pro podporu ohro\u017een\u00fdch rodin Praha 6<\/figcaption><\/figure>\n\n\n\n<figure class=\"wp-block-image size-large\"><img loading=\"lazy\" decoding=\"async\" width=\"2048\" height=\"1365\" data-id=\"1431\" src=\"http:\/\/prahasobe.cz\/praha6sobe\/wp-content\/uploads\/sites\/5\/2025\/12\/1762000877053.jpeg\" alt=\"P\u0159edstaven\u00ed Karty KID \u2013 n\u00e1stroj v\u010dasn\u00e9 identifikace ohro\u017een\u00ed d\u00edt\u011bte\" class=\"wp-image-1431\" srcset=\"https:\/\/prahasobe.cz\/praha6sobe\/wp-content\/uploads\/sites\/5\/2025\/12\/1762000877053.jpeg 2048w, https:\/\/prahasobe.cz\/praha6sobe\/wp-content\/uploads\/sites\/5\/2025\/12\/1762000877053-300x200.jpeg 300w, https:\/\/prahasobe.cz\/praha6sobe\/wp-content\/uploads\/sites\/5\/2025\/12\/1762000877053-1024x683.jpeg 1024w, https:\/\/prahasobe.cz\/praha6sobe\/wp-content\/uploads\/sites\/5\/2025\/12\/1762000877053-768x512.jpeg 768w, https:\/\/prahasobe.cz\/praha6sobe\/wp-content\/uploads\/sites\/5\/2025\/12\/1762000877053-1536x1024.jpeg 1536w\" sizes=\"auto, (max-width: 2048px) 100vw, 2048px\" \/><figcaption>P\u0159edstaven\u00ed Karty KID \u2013 n\u00e1stroj v\u010dasn\u00e9 identifikace ohro\u017een\u00ed d\u00edt\u011bte<\/figcaption><\/figure>\n\n\n\n<figure class=\"wp-block-image size-large\"><img loading=\"lazy\" decoding=\"async\" width=\"2048\" height=\"1365\" data-id=\"1429\" src=\"http:\/\/prahasobe.cz\/praha6sobe\/wp-content\/uploads\/sites\/5\/2025\/12\/1762000875936.jpeg\" alt=\"Mariana \u010capkov\u00e1 na veletrhu slu\u017eeb pro podporu ohro\u017een\u00fdch rodin v Praze 6\" class=\"wp-image-1429\" srcset=\"https:\/\/prahasobe.cz\/praha6sobe\/wp-content\/uploads\/sites\/5\/2025\/12\/1762000875936.jpeg 2048w, https:\/\/prahasobe.cz\/praha6sobe\/wp-content\/uploads\/sites\/5\/2025\/12\/1762000875936-300x200.jpeg 300w, https:\/\/prahasobe.cz\/praha6sobe\/wp-content\/uploads\/sites\/5\/2025\/12\/1762000875936-1024x683.jpeg 1024w, https:\/\/prahasobe.cz\/praha6sobe\/wp-content\/uploads\/sites\/5\/2025\/12\/1762000875936-768x512.jpeg 768w, https:\/\/prahasobe.cz\/praha6sobe\/wp-content\/uploads\/sites\/5\/2025\/12\/1762000875936-1536x1024.jpeg 1536w\" sizes=\"auto, (max-width: 2048px) 100vw, 2048px\" \/><figcaption>Veletrh slu\u017eeb pro podporu ohro\u017een\u00fdch rodin Praha 6<\/figcaption><\/figure>\n\n\n\n<figure class=\"wp-block-image size-large\"><img loading=\"lazy\" decoding=\"async\" width=\"2048\" height=\"1365\" data-id=\"1433\" src=\"http:\/\/prahasobe.cz\/praha6sobe\/wp-content\/uploads\/sites\/5\/2025\/12\/1762000877150.jpeg\" alt=\"Odborn\u00edci ze \u0161kolstv\u00ed a soci\u00e1ln\u00edch slu\u017eeb na veletrhu Praha 6\" class=\"wp-image-1433\" srcset=\"https:\/\/prahasobe.cz\/praha6sobe\/wp-content\/uploads\/sites\/5\/2025\/12\/1762000877150.jpeg 2048w, https:\/\/prahasobe.cz\/praha6sobe\/wp-content\/uploads\/sites\/5\/2025\/12\/1762000877150-300x200.jpeg 300w, https:\/\/prahasobe.cz\/praha6sobe\/wp-content\/uploads\/sites\/5\/2025\/12\/1762000877150-1024x683.jpeg 1024w, https:\/\/prahasobe.cz\/praha6sobe\/wp-content\/uploads\/sites\/5\/2025\/12\/1762000877150-768x512.jpeg 768w, https:\/\/prahasobe.cz\/praha6sobe\/wp-content\/uploads\/sites\/5\/2025\/12\/1762000877150-1536x1024.jpeg 1536w\" sizes=\"auto, (max-width: 2048px) 100vw, 2048px\" \/><figcaption>Odborn\u00edci ze \u0161kolstv\u00ed a&nbsp;soci\u00e1ln\u00edch slu\u017eeb na veletrhu Praha 6<\/figcaption><\/figure>\n<\/figure>\n","protected":false},"excerpt":{"rendered":"<p>\u201eNejste v&nbsp;tom sami!\u201c to bylo hlavn\u00ed poselstv\u00ed prvn\u00edho veletrhu slu\u017eeb pro podporu ohro\u017een\u00fdch d\u011bt\u00ed a&nbsp;rodin, kter\u00fd uspo\u0159\u00e1dala Praha 6 spole\u010dn\u011b s&nbsp;neziskovou organizac\u00ed Society for All, z.s.. Na akci byly z\u00e1rove\u0148 p\u0159edstaveny lokalizovan\u00e9 materi\u00e1ly p\u0159ipraven\u00e9 speci\u00e1ln\u011b pro na\u0161i m\u011bstskou \u010d\u00e1st. Veletrh je sou\u010d\u00e1st\u00ed nov\u00e9ho projektu, kter\u00fd na Praze 6 od za\u010d\u00e1tku roku propojuje \u0161kolstv\u00ed, soci\u00e1ln\u00ed slu\u017eby, [&hellip;]<\/p>\n","protected":false},"author":9,"featured_media":1437,"comment_status":"open","ping_status":"open","sticky":false,"template":"","format":"standard","meta":{"_acf_changed":false,"inline_featured_image":false,"footnotes":""},"categories":[4],"tags":[],"class_list":["post-1426","post","type-post","status-publish","format-standard","has-post-thumbnail","hentry","category-news"],"acf":[],"aioseo_notices":[],"distributor_meta":false,"distributor_terms":false,"distributor_media":false,"distributor_original_site_name":"Praha6Sob\u011b","distributor_original_site_url":"https:\/\/prahasobe.cz\/praha6sobe","push-errors":false,"_links":{"self":[{"href":"https:\/\/prahasobe.cz\/praha6sobe\/wp-json\/wp\/v2\/posts\/1426","targetHints":{"allow":["GET"]}}],"collection":[{"href":"https:\/\/prahasobe.cz\/praha6sobe\/wp-json\/wp\/v2\/posts"}],"about":[{"href":"https:\/\/prahasobe.cz\/praha6sobe\/wp-json\/wp\/v2\/types\/post"}],"author":[{"embeddable":true,"href":"https:\/\/prahasobe.cz\/praha6sobe\/wp-json\/wp\/v2\/users\/9"}],"replies":[{"embeddable":true,"href":"https:\/\/prahasobe.cz\/praha6sobe\/wp-json\/wp\/v2\/comments?post=1426"}],"version-history":[{"count":1,"href":"https:\/\/prahasobe.cz\/praha6sobe\/wp-json\/wp\/v2\/posts\/1426\/revisions"}],"predecessor-version":[{"id":1438,"href":"https:\/\/prahasobe.cz\/praha6sobe\/wp-json\/wp\/v2\/posts\/1426\/revisions\/1438"}],"wp:featuredmedia":[{"embeddable":true,"href":"https:\/\/prahasobe.cz\/praha6sobe\/wp-json\/wp\/v2\/media\/1437"}],"wp:attachment":[{"href":"https:\/\/prahasobe.cz\/praha6sobe\/wp-json\/wp\/v2\/media?parent=1426"}],"wp:term":[{"taxonomy":"category","embeddable":true,"href":"https:\/\/prahasobe.cz\/praha6sobe\/wp-json\/wp\/v2\/categories?post=1426"},{"taxonomy":"post_tag","embeddable":true,"href":"https:\/\/prahasobe.cz\/praha6sobe\/wp-json\/wp\/v2\/tags?post=1426"}],"curies":[{"name":"wp","href":"https:\/\/api.w.org\/{rel}","templated":true}]}}