{"id":1414,"date":"2025-11-28T11:31:00","date_gmt":"2025-11-28T11:31:00","guid":{"rendered":"https:\/\/prahasobe.cz\/praha6sobe\/?p=1414"},"modified":"2025-12-13T11:47:37","modified_gmt":"2025-12-13T11:47:37","slug":"trat-na-letiste-se-posouva","status":"publish","type":"post","link":"https:\/\/prahasobe.cz\/praha6sobe\/2025\/11\/28\/trat-na-letiste-se-posouva\/","title":{"rendered":"Tra\u0165  na leti\u0161t\u011b se posouv\u00e1"},"content":{"rendered":"\n<p>Dal\u0161\u00ed \u010d\u00e1st trati si jde pro stavebn\u00ed povolen\u00ed.<br><br>Doprava na z\u00e1pad\u011b Prahy m\u00e1 p\u0159ed sebou dal\u0161\u00ed d\u016fle\u017eit\u00fd krok. Stavebn\u00ed \u00fa\u0159ad spustil \u0159\u00edzen\u00ed k&nbsp;\u00faseku nov\u00e9 \u017eelezni\u010dn\u00ed trati mezi Ruzyn\u00ed a&nbsp;Leti\u0161t\u011bm V\u00e1clava Havla. Jde o&nbsp;kl\u00ed\u010dovou \u010d\u00e1st budouc\u00edho \u017eelezni\u010dn\u00edho spojen\u00ed na leti\u0161t\u011b.<br><br>Tento \u00fasek je jedn\u00edm ze \u010dty\u0159, kter\u00e9 chce <a href=\"https:\/\/www.linkedin.com\/company\/sprava-zeleznic\/\">Spr\u00e1va \u017eeleznic, st\u00e1tn\u00ed organizace<\/a> realizovat formou prvn\u00edho \u017eelezni\u010dn\u00edho PPP projektu v&nbsp;\u010cesku. Vybran\u00e9 konsorcium tra\u0165 zaplat\u00ed, postav\u00ed a&nbsp;n\u00e1sledn\u011b se o&nbsp;ni bude 25 let starat. O&nbsp;projekt se uch\u00e1zej\u00ed t\u0159i mezin\u00e1rodn\u00ed t\u00fdmy, mezi nimi i&nbsp;\u010desk\u00e9 firmy. Hodnota cel\u00e9 zak\u00e1zky m\u016f\u017ee dos\u00e1hnout a\u017e 109 miliard korun.<br><br><strong>Co nov\u00fd \u00fasek p\u0159inese?<\/strong><br><br>\ud83d\ude86 dvoukolejnou elektrizovanou tra\u0165 mezi Ruzyn\u00ed a&nbsp;leti\u0161t\u011bm<br>\ud83d\ude89 novou stanici Praha-Ruzyn\u011b a&nbsp;mimo\u00farov\u0148ov\u00e9 rozpleten\u00ed sm\u011bru Kladno \/ leti\u0161t\u011b<br>\ud83d\ude8f termin\u00e1l Dlouh\u00e1 M\u00edle \u2013 nov\u00e9 p\u0159estupn\u00ed m\u00edsto pro \u017eeleznici, autobusy i&nbsp;pl\u00e1novanou tramvaj z&nbsp;D\u011bdiny<br>\ud83c\udd7f\ufe0f kapacitn\u00ed P+R parkovi\u0161t\u011b a&nbsp;220metrov\u00e1 n\u00e1stupi\u0161t\u011b<br>\ud83d\udee3\ufe0f veden\u00ed trati pod\u00e9l D7 s&nbsp;napojen\u00edm do are\u00e1lu leti\u0161t\u011b<br><br>Termin\u00e1l Dlouh\u00e1 M\u00edle se m\u00e1 st\u00e1t jedn\u00edm z&nbsp;hlavn\u00edch dopravn\u00edch uzl\u016f na z\u00e1padn\u00edm okraji Prahy. Usnadn\u00ed cestov\u00e1n\u00ed lidem z&nbsp;regionu i&nbsp;obyvatel\u016fm Prahy 6.<\/p>\n\n\n\n<div style=\"height:20px\" aria-hidden=\"true\" class=\"wp-block-spacer\"><\/div>\n\n\n\n<figure class=\"wp-block-gallery has-nested-images columns-default is-cropped wp-block-gallery-1 is-layout-flex wp-block-gallery-is-layout-flex\">\n<figure class=\"wp-block-image size-large\"><img loading=\"lazy\" decoding=\"async\" width=\"1920\" height=\"1280\" data-id=\"1415\" src=\"http:\/\/prahasobe.cz\/praha6sobe\/wp-content\/uploads\/sites\/5\/2025\/12\/DM_4-2.jpg\" alt=\"\u017deleznice na leti\u0161t\u011b Praha \u2013 vizualizace nov\u00e9 trati Ruzyn\u011b\u2013Leti\u0161t\u011b\" class=\"wp-image-1415\" srcset=\"https:\/\/prahasobe.cz\/praha6sobe\/wp-content\/uploads\/sites\/5\/2025\/12\/DM_4-2.jpg 1920w, https:\/\/prahasobe.cz\/praha6sobe\/wp-content\/uploads\/sites\/5\/2025\/12\/DM_4-2-300x200.jpg 300w, https:\/\/prahasobe.cz\/praha6sobe\/wp-content\/uploads\/sites\/5\/2025\/12\/DM_4-2-1024x683.jpg 1024w, https:\/\/prahasobe.cz\/praha6sobe\/wp-content\/uploads\/sites\/5\/2025\/12\/DM_4-2-768x512.jpg 768w, https:\/\/prahasobe.cz\/praha6sobe\/wp-content\/uploads\/sites\/5\/2025\/12\/DM_4-2-1536x1024.jpg 1536w\" sizes=\"auto, (max-width: 1920px) 100vw, 1920px\" \/><figcaption>\u017deleznice na leti\u0161t\u011b Praha \u2013 vizualizace nov\u00e9 trati Ruzyn\u011b\u2013Leti\u0161t\u011b<\/figcaption><\/figure>\n\n\n\n<figure class=\"wp-block-image size-large\"><img loading=\"lazy\" decoding=\"async\" width=\"1024\" height=\"649\" data-id=\"1416\" src=\"http:\/\/prahasobe.cz\/praha6sobe\/wp-content\/uploads\/sites\/5\/2025\/12\/DM_5-2.jpg\" alt=\"\u017deleznice na leti\u0161t\u011b Praha \u2013 vizualizace nov\u00e9 trati Ruzyn\u011b\u2013Leti\u0161t\u011b\" class=\"wp-image-1416\" srcset=\"https:\/\/prahasobe.cz\/praha6sobe\/wp-content\/uploads\/sites\/5\/2025\/12\/DM_5-2.jpg 1024w, https:\/\/prahasobe.cz\/praha6sobe\/wp-content\/uploads\/sites\/5\/2025\/12\/DM_5-2-300x190.jpg 300w, https:\/\/prahasobe.cz\/praha6sobe\/wp-content\/uploads\/sites\/5\/2025\/12\/DM_5-2-768x487.jpg 768w\" sizes=\"auto, (max-width: 1024px) 100vw, 1024px\" \/><figcaption>\u017deleznice na leti\u0161t\u011b Praha \u2013 vizualizace nov\u00e9 trati Ruzyn\u011b\u2013Leti\u0161t\u011b<\/figcaption><\/figure>\n\n\n\n<figure class=\"wp-block-image size-large\"><img loading=\"lazy\" decoding=\"async\" width=\"1024\" height=\"682\" data-id=\"1417\" src=\"http:\/\/prahasobe.cz\/praha6sobe\/wp-content\/uploads\/sites\/5\/2025\/12\/DM_7-2.jpg\" alt=\"\u017deleznice na leti\u0161t\u011b Praha \u2013 vizualizace nov\u00e9 trati Ruzyn\u011b\u2013Leti\u0161t\u011b\" class=\"wp-image-1417\" srcset=\"https:\/\/prahasobe.cz\/praha6sobe\/wp-content\/uploads\/sites\/5\/2025\/12\/DM_7-2.jpg 1024w, https:\/\/prahasobe.cz\/praha6sobe\/wp-content\/uploads\/sites\/5\/2025\/12\/DM_7-2-300x200.jpg 300w, https:\/\/prahasobe.cz\/praha6sobe\/wp-content\/uploads\/sites\/5\/2025\/12\/DM_7-2-768x512.jpg 768w\" sizes=\"auto, (max-width: 1024px) 100vw, 1024px\" \/><figcaption>\u017deleznice na leti\u0161t\u011b Praha \u2013 vizualizace nov\u00e9 trati Ruzyn\u011b\u2013Leti\u0161t\u011b<\/figcaption><\/figure>\n\n\n\n<figure class=\"wp-block-image size-large\"><img loading=\"lazy\" decoding=\"async\" width=\"1024\" height=\"575\" data-id=\"1418\" src=\"http:\/\/prahasobe.cz\/praha6sobe\/wp-content\/uploads\/sites\/5\/2025\/12\/mile_1-2.jpg\" alt=\"\u017deleznice na leti\u0161t\u011b Praha \u2013 vizualizace nov\u00e9 trati Ruzyn\u011b\u2013Leti\u0161t\u011b\" class=\"wp-image-1418\" srcset=\"https:\/\/prahasobe.cz\/praha6sobe\/wp-content\/uploads\/sites\/5\/2025\/12\/mile_1-2.jpg 1024w, https:\/\/prahasobe.cz\/praha6sobe\/wp-content\/uploads\/sites\/5\/2025\/12\/mile_1-2-300x168.jpg 300w, https:\/\/prahasobe.cz\/praha6sobe\/wp-content\/uploads\/sites\/5\/2025\/12\/mile_1-2-768x431.jpg 768w\" sizes=\"auto, (max-width: 1024px) 100vw, 1024px\" \/><figcaption>\u017deleznice na leti\u0161t\u011b Praha \u2013 vizualizace nov\u00e9 trati Ruzyn\u011b\u2013Leti\u0161t\u011b<\/figcaption><\/figure>\n\n\n\n<figure class=\"wp-block-image size-large\"><img loading=\"lazy\" decoding=\"async\" width=\"1000\" height=\"566\" data-id=\"1419\" src=\"http:\/\/prahasobe.cz\/praha6sobe\/wp-content\/uploads\/sites\/5\/2025\/12\/mile_2-2.jpg\" alt=\"\u017deleznice na leti\u0161t\u011b Praha \u2013 vizualizace nov\u00e9 trati Ruzyn\u011b\u2013Leti\u0161t\u011b\" class=\"wp-image-1419\" srcset=\"https:\/\/prahasobe.cz\/praha6sobe\/wp-content\/uploads\/sites\/5\/2025\/12\/mile_2-2.jpg 1000w, https:\/\/prahasobe.cz\/praha6sobe\/wp-content\/uploads\/sites\/5\/2025\/12\/mile_2-2-300x170.jpg 300w, https:\/\/prahasobe.cz\/praha6sobe\/wp-content\/uploads\/sites\/5\/2025\/12\/mile_2-2-768x435.jpg 768w\" sizes=\"auto, (max-width: 1000px) 100vw, 1000px\" \/><figcaption>\u017deleznice na leti\u0161t\u011b Praha \u2013 vizualizace nov\u00e9 trati Ruzyn\u011b\u2013Leti\u0161t\u011b<\/figcaption><\/figure>\n\n\n\n<figure class=\"wp-block-image size-large\"><img loading=\"lazy\" decoding=\"async\" width=\"1920\" height=\"1218\" data-id=\"1420\" src=\"http:\/\/prahasobe.cz\/praha6sobe\/wp-content\/uploads\/sites\/5\/2025\/12\/DM_1-2.jpg\" alt=\"\u017deleznice na leti\u0161t\u011b Praha \u2013 vizualizace nov\u00e9 trati Ruzyn\u011b\u2013Leti\u0161t\u011b\" class=\"wp-image-1420\" srcset=\"https:\/\/prahasobe.cz\/praha6sobe\/wp-content\/uploads\/sites\/5\/2025\/12\/DM_1-2.jpg 1920w, https:\/\/prahasobe.cz\/praha6sobe\/wp-content\/uploads\/sites\/5\/2025\/12\/DM_1-2-300x190.jpg 300w, https:\/\/prahasobe.cz\/praha6sobe\/wp-content\/uploads\/sites\/5\/2025\/12\/DM_1-2-1024x650.jpg 1024w, https:\/\/prahasobe.cz\/praha6sobe\/wp-content\/uploads\/sites\/5\/2025\/12\/DM_1-2-768x487.jpg 768w, https:\/\/prahasobe.cz\/praha6sobe\/wp-content\/uploads\/sites\/5\/2025\/12\/DM_1-2-1536x974.jpg 1536w\" sizes=\"auto, (max-width: 1920px) 100vw, 1920px\" \/><figcaption>\u017deleznice na leti\u0161t\u011b Praha \u2013 vizualizace nov\u00e9 trati Ruzyn\u011b\u2013Leti\u0161t\u011b<\/figcaption><\/figure>\n\n\n\n<figure class=\"wp-block-image size-large\"><img loading=\"lazy\" decoding=\"async\" width=\"1920\" height=\"1440\" data-id=\"1421\" src=\"http:\/\/prahasobe.cz\/praha6sobe\/wp-content\/uploads\/sites\/5\/2025\/12\/DM_2-2.jpg\" alt=\"\u017deleznice na leti\u0161t\u011b Praha \u2013 vizualizace nov\u00e9 trati Ruzyn\u011b\u2013Leti\u0161t\u011b\" class=\"wp-image-1421\" srcset=\"https:\/\/prahasobe.cz\/praha6sobe\/wp-content\/uploads\/sites\/5\/2025\/12\/DM_2-2.jpg 1920w, https:\/\/prahasobe.cz\/praha6sobe\/wp-content\/uploads\/sites\/5\/2025\/12\/DM_2-2-300x225.jpg 300w, https:\/\/prahasobe.cz\/praha6sobe\/wp-content\/uploads\/sites\/5\/2025\/12\/DM_2-2-1024x768.jpg 1024w, https:\/\/prahasobe.cz\/praha6sobe\/wp-content\/uploads\/sites\/5\/2025\/12\/DM_2-2-768x576.jpg 768w, https:\/\/prahasobe.cz\/praha6sobe\/wp-content\/uploads\/sites\/5\/2025\/12\/DM_2-2-1536x1152.jpg 1536w\" sizes=\"auto, (max-width: 1920px) 100vw, 1920px\" \/><figcaption>\u017deleznice na leti\u0161t\u011b Praha \u2013 vizualizace nov\u00e9 trati Ruzyn\u011b\u2013Leti\u0161t\u011b<\/figcaption><\/figure>\n\n\n\n<figure class=\"wp-block-image size-large\"><img loading=\"lazy\" decoding=\"async\" width=\"1920\" height=\"1440\" data-id=\"1422\" src=\"http:\/\/prahasobe.cz\/praha6sobe\/wp-content\/uploads\/sites\/5\/2025\/12\/DM_3-2.jpg\" alt=\"\u017deleznice na leti\u0161t\u011b Praha \u2013 vizualizace nov\u00e9 trati Ruzyn\u011b\u2013Leti\u0161t\u011b\" class=\"wp-image-1422\" srcset=\"https:\/\/prahasobe.cz\/praha6sobe\/wp-content\/uploads\/sites\/5\/2025\/12\/DM_3-2.jpg 1920w, https:\/\/prahasobe.cz\/praha6sobe\/wp-content\/uploads\/sites\/5\/2025\/12\/DM_3-2-300x225.jpg 300w, https:\/\/prahasobe.cz\/praha6sobe\/wp-content\/uploads\/sites\/5\/2025\/12\/DM_3-2-1024x768.jpg 1024w, https:\/\/prahasobe.cz\/praha6sobe\/wp-content\/uploads\/sites\/5\/2025\/12\/DM_3-2-768x576.jpg 768w, https:\/\/prahasobe.cz\/praha6sobe\/wp-content\/uploads\/sites\/5\/2025\/12\/DM_3-2-1536x1152.jpg 1536w\" sizes=\"auto, (max-width: 1920px) 100vw, 1920px\" \/><figcaption>\u017deleznice na leti\u0161t\u011b Praha \u2013 vizualizace nov\u00e9 trati Ruzyn\u011b\u2013Leti\u0161t\u011b<\/figcaption><\/figure>\n<\/figure>\n","protected":false},"excerpt":{"rendered":"<p>Dal\u0161\u00ed \u010d\u00e1st trati si jde pro stavebn\u00ed povolen\u00ed. Doprava na z\u00e1pad\u011b Prahy m\u00e1 p\u0159ed sebou dal\u0161\u00ed d\u016fle\u017eit\u00fd krok. Stavebn\u00ed \u00fa\u0159ad spustil \u0159\u00edzen\u00ed k&nbsp;\u00faseku nov\u00e9 \u017eelezni\u010dn\u00ed trati mezi Ruzyn\u00ed a&nbsp;Leti\u0161t\u011bm V\u00e1clava Havla. Jde o&nbsp;kl\u00ed\u010dovou \u010d\u00e1st budouc\u00edho \u017eelezni\u010dn\u00edho spojen\u00ed na leti\u0161t\u011b. Tento \u00fasek je jedn\u00edm ze \u010dty\u0159, kter\u00e9 chce Spr\u00e1va \u017eeleznic, st\u00e1tn\u00ed organizace realizovat formou prvn\u00edho \u017eelezni\u010dn\u00edho [&hellip;]<\/p>\n","protected":false},"author":9,"featured_media":1423,"comment_status":"open","ping_status":"open","sticky":false,"template":"","format":"standard","meta":{"_acf_changed":false,"inline_featured_image":false,"footnotes":""},"categories":[4],"tags":[],"class_list":["post-1414","post","type-post","status-publish","format-standard","has-post-thumbnail","hentry","category-news"],"acf":[],"aioseo_notices":[],"distributor_meta":false,"distributor_terms":false,"distributor_media":false,"distributor_original_site_name":"Praha6Sob\u011b","distributor_original_site_url":"https:\/\/prahasobe.cz\/praha6sobe","push-errors":false,"_links":{"self":[{"href":"https:\/\/prahasobe.cz\/praha6sobe\/wp-json\/wp\/v2\/posts\/1414","targetHints":{"allow":["GET"]}}],"collection":[{"href":"https:\/\/prahasobe.cz\/praha6sobe\/wp-json\/wp\/v2\/posts"}],"about":[{"href":"https:\/\/prahasobe.cz\/praha6sobe\/wp-json\/wp\/v2\/types\/post"}],"author":[{"embeddable":true,"href":"https:\/\/prahasobe.cz\/praha6sobe\/wp-json\/wp\/v2\/users\/9"}],"replies":[{"embeddable":true,"href":"https:\/\/prahasobe.cz\/praha6sobe\/wp-json\/wp\/v2\/comments?post=1414"}],"version-history":[{"count":2,"href":"https:\/\/prahasobe.cz\/praha6sobe\/wp-json\/wp\/v2\/posts\/1414\/revisions"}],"predecessor-version":[{"id":1425,"href":"https:\/\/prahasobe.cz\/praha6sobe\/wp-json\/wp\/v2\/posts\/1414\/revisions\/1425"}],"wp:featuredmedia":[{"embeddable":true,"href":"https:\/\/prahasobe.cz\/praha6sobe\/wp-json\/wp\/v2\/media\/1423"}],"wp:attachment":[{"href":"https:\/\/prahasobe.cz\/praha6sobe\/wp-json\/wp\/v2\/media?parent=1414"}],"wp:term":[{"taxonomy":"category","embeddable":true,"href":"https:\/\/prahasobe.cz\/praha6sobe\/wp-json\/wp\/v2\/categories?post=1414"},{"taxonomy":"post_tag","embeddable":true,"href":"https:\/\/prahasobe.cz\/praha6sobe\/wp-json\/wp\/v2\/tags?post=1414"}],"curies":[{"name":"wp","href":"https:\/\/api.w.org\/{rel}","templated":true}]}}