{"id":1406,"date":"2025-12-11T10:47:00","date_gmt":"2025-12-11T10:47:00","guid":{"rendered":"https:\/\/prahasobe.cz\/praha6sobe\/?p=1406"},"modified":"2025-12-13T11:08:56","modified_gmt":"2025-12-13T11:08:56","slug":"brusleni-letos-nejen-na-vypichu","status":"publish","type":"post","link":"https:\/\/prahasobe.cz\/praha6sobe\/2025\/12\/11\/brusleni-letos-nejen-na-vypichu\/","title":{"rendered":"Bruslen\u00ed letos nejen na Vypichu"},"content":{"rendered":"\n<p>Zima na \u0160estce bude je\u0161t\u011b lep\u0161\u00ed. K&nbsp;obl\u00edben\u00e9mu kluzi\u0161ti na Vypichu, kter\u00e9 je op\u011bt zdarma pro v\u0161echny, letos p\u0159ibude tak\u00e9 nov\u00e1 ledov\u00e1 plocha na O\u0159echovce. Vrac\u00ed se tak do \u010dtvrti tradici bruslen\u00ed po&nbsp;v\u00edce ne\u017e deseti letech.<br><br><strong>\ud83e\uddca O\u0159echovka \u2013 nov\u00e1 mobiln\u00ed ledov\u00e1 plocha<\/strong><br>5.&nbsp;prosince se otev\u0159elo dal\u0161\u00ed m\u00edsto na bruslen\u00ed. Mobiln\u00ed plocha vznikla na tenisov\u00fdch kurtech naproti b\u00fdval\u00e9mu kinu a&nbsp;nab\u00eddla modern\u00ed podm\u00ednky pro ve\u0159ejnost.<br>\u2022 technologie udr\u017e\u00ed led i&nbsp;p\u0159i&nbsp;teplot\u00e1ch okolo 12&nbsp;\u00b0C<br>\u2022 osv\u011btlen\u00ed je tlumen\u00e9, aby neru\u0161ilo sousedy<br>\u2022 z\u00e1zem\u00ed i&nbsp;p\u016fj\u010dovna budou v&nbsp;budov\u011b Besedy O\u0159echovka<\/p>\n\n\n\n<p><br>V\u00edce info najdete na \ud83d\udc49 <a href=\"https:\/\/www.jdemebruslit.cz\/vypiskluzist\/kluzisteorechovka\" target=\"_blank\" rel=\"noopener\" title=\"\">jdemebruslit.cz\/vypiskluzist\/kluzisteorechovka<\/a><br><br><strong>\ud83e\uddca Kluzi\u0161t\u011b na Kula\u0165\u00e1ku<\/strong><br>\u2022 \u0161koly &amp; \u0161kolky: rezervace ve v\u0161edn\u00ed dny 9\u201313&nbsp;h<br>\u2022 ve\u0159ejnost: 13\u201319.30&nbsp;h<br>\u2022 v\u00edkendy: 9\u201321&nbsp;h<\/p>\n\n\n\n<p><br>Podrobnosti: \ud83d\udc49 <a href=\"http:\/\/kluzistekulatak.cz\/\" target=\"_blank\" rel=\"noopener\" title=\"\">kluzistekulatak.cz<\/a><br><br>\u26f8\ufe0f Zabruslit si m\u016f\u017eete tak\u00e9 na <strong>zimn\u00edm stadionu Hv\u011bzda<\/strong>: \ud83d\udc49 <a href=\"https:\/\/verejne-brusleni.info\/praha\/hvezda\/\" target=\"_blank\" rel=\"noopener\" title=\"\">verejne-brusleni.info\/praha\/hvezda\/<\/a><\/p>\n\n\n\n<p><br><br>T\u011b\u0161\u00edme se na v\u00e1s! \ud83d\udc9b<\/p>\n\n\n\n<div style=\"height:21px\" aria-hidden=\"true\" class=\"wp-block-spacer\"><\/div>\n\n\n\n<figure class=\"wp-block-image size-large\"><img loading=\"lazy\" decoding=\"async\" width=\"819\" height=\"1024\" src=\"http:\/\/prahasobe.cz\/praha6sobe\/wp-content\/uploads\/sites\/5\/2025\/12\/1765198431909-819x1024.jpeg\" alt=\" Bruslen\u00ed letos nejen na Vypichu!\" class=\"wp-image-1407\" srcset=\"https:\/\/prahasobe.cz\/praha6sobe\/wp-content\/uploads\/sites\/5\/2025\/12\/1765198431909-819x1024.jpeg 819w, https:\/\/prahasobe.cz\/praha6sobe\/wp-content\/uploads\/sites\/5\/2025\/12\/1765198431909-240x300.jpeg 240w, https:\/\/prahasobe.cz\/praha6sobe\/wp-content\/uploads\/sites\/5\/2025\/12\/1765198431909-768x960.jpeg 768w, https:\/\/prahasobe.cz\/praha6sobe\/wp-content\/uploads\/sites\/5\/2025\/12\/1765198431909.jpeg 1080w\" sizes=\"auto, (max-width: 819px) 100vw, 819px\" \/><figcaption> Bruslen\u00ed letos nejen na Vypichu!\n<\/figcaption><\/figure>\n","protected":false},"excerpt":{"rendered":"<p>Zima na \u0160estce bude je\u0161t\u011b lep\u0161\u00ed. K&nbsp;obl\u00edben\u00e9mu kluzi\u0161ti na Vypichu, kter\u00e9 je op\u011bt zdarma pro v\u0161echny, letos p\u0159ibude tak\u00e9 nov\u00e1 ledov\u00e1 plocha na O\u0159echovce. Vrac\u00ed se tak do \u010dtvrti tradici bruslen\u00ed po&nbsp;v\u00edce ne\u017e deseti letech. \ud83e\uddca O\u0159echovka \u2013 nov\u00e1 mobiln\u00ed ledov\u00e1 plocha5.&nbsp;prosince se otev\u0159elo dal\u0161\u00ed m\u00edsto na bruslen\u00ed. Mobiln\u00ed plocha vznikla na tenisov\u00fdch kurtech naproti [&hellip;]<\/p>\n","protected":false},"author":9,"featured_media":1412,"comment_status":"open","ping_status":"open","sticky":false,"template":"","format":"standard","meta":{"_acf_changed":false,"inline_featured_image":false,"footnotes":""},"categories":[4],"tags":[],"class_list":["post-1406","post","type-post","status-publish","format-standard","has-post-thumbnail","hentry","category-news"],"acf":[],"aioseo_notices":[],"distributor_meta":false,"distributor_terms":false,"distributor_media":false,"distributor_original_site_name":"Praha6Sob\u011b","distributor_original_site_url":"https:\/\/prahasobe.cz\/praha6sobe","push-errors":false,"_links":{"self":[{"href":"https:\/\/prahasobe.cz\/praha6sobe\/wp-json\/wp\/v2\/posts\/1406","targetHints":{"allow":["GET"]}}],"collection":[{"href":"https:\/\/prahasobe.cz\/praha6sobe\/wp-json\/wp\/v2\/posts"}],"about":[{"href":"https:\/\/prahasobe.cz\/praha6sobe\/wp-json\/wp\/v2\/types\/post"}],"author":[{"embeddable":true,"href":"https:\/\/prahasobe.cz\/praha6sobe\/wp-json\/wp\/v2\/users\/9"}],"replies":[{"embeddable":true,"href":"https:\/\/prahasobe.cz\/praha6sobe\/wp-json\/wp\/v2\/comments?post=1406"}],"version-history":[{"count":2,"href":"https:\/\/prahasobe.cz\/praha6sobe\/wp-json\/wp\/v2\/posts\/1406\/revisions"}],"predecessor-version":[{"id":1410,"href":"https:\/\/prahasobe.cz\/praha6sobe\/wp-json\/wp\/v2\/posts\/1406\/revisions\/1410"}],"wp:featuredmedia":[{"embeddable":true,"href":"https:\/\/prahasobe.cz\/praha6sobe\/wp-json\/wp\/v2\/media\/1412"}],"wp:attachment":[{"href":"https:\/\/prahasobe.cz\/praha6sobe\/wp-json\/wp\/v2\/media?parent=1406"}],"wp:term":[{"taxonomy":"category","embeddable":true,"href":"https:\/\/prahasobe.cz\/praha6sobe\/wp-json\/wp\/v2\/categories?post=1406"},{"taxonomy":"post_tag","embeddable":true,"href":"https:\/\/prahasobe.cz\/praha6sobe\/wp-json\/wp\/v2\/tags?post=1406"}],"curies":[{"name":"wp","href":"https:\/\/api.w.org\/{rel}","templated":true}]}}