{"id":1397,"date":"2025-11-12T10:40:00","date_gmt":"2025-11-12T10:40:00","guid":{"rendered":"https:\/\/prahasobe.cz\/praha6sobe\/?p=1397"},"modified":"2025-12-08T10:49:08","modified_gmt":"2025-12-08T10:49:08","slug":"doprava-mestske-vize-a-budoucnost-mobility-v-praze-s-adamem-scheinherrem","status":"publish","type":"post","link":"https:\/\/prahasobe.cz\/praha6sobe\/2025\/11\/12\/doprava-mestske-vize-a-budoucnost-mobility-v-praze-s-adamem-scheinherrem\/","title":{"rendered":"Doprava, m\u011bstsk\u00e9 vize a&nbsp;budoucnost mobility v&nbsp;Praze s&nbsp;Adamem Scheinherrem"},"content":{"rendered":"\n<p>V nov\u00e9m d\u00edlu na\u0161eho podcastu je hostem\u00a0<a href=\"https:\/\/www.instagram.com\/adamscheinherr\/\">@adamscheinherr<\/a>, zku\u0161en\u00fd politik a&nbsp;technik, kter\u00fd jako b\u00fdval\u00fd n\u00e1m\u011bstek prim\u00e1tora pro dopravu v\u00fdrazn\u011b ovlivnil podobu hlavn\u00edho m\u011bsta. \u010cek\u00e1 v\u00e1s otev\u0159en\u00fd rozhovor o&nbsp;re\u00e1ln\u00fdch probl\u00e9mech i&nbsp;velk\u00fdch viz\u00edch, kter\u00e9 ur\u010duj\u00ed, jak se Praha h\u00fdbe a&nbsp;kam se m\u016f\u017ee posunout.\u00a0<\/p>\n\n\n\n<div style=\"height:20px\" aria-hidden=\"true\" class=\"wp-block-spacer\"><\/div>\n\n\n\n<p><strong>Na co se m\u016f\u017eete t\u011b\u0161it:<\/strong><br>\ud83d\ude87 V\u00fdstavba metra D a&nbsp;my\u0161lenka metra O&nbsp;jako okru\u017en\u00ed linky propojuj\u00edc\u00ed m\u011bstsk\u00e9 \u010d\u00e1sti<br>\ud83d\udea6 Rekonstrukce Barandovsk\u00e9ho mostu a&nbsp;p\u0159\u00edprava obnovy Strahovsk\u00e9ho tunelu<br>\ud83d\ude8b Tramvajov\u00e1 revoluce v&nbsp;Praze 6 \u2013 D\u011bdina, Strahov, Suchdol a&nbsp;nov\u00e9 trat\u011b v&nbsp;p\u0159\u00edprav\u011b<br>\ud83d\udea0 Lanovka Podbaba \u2013 Bohnice jako nevyu\u017eit\u00e1 \u0161ance propojen\u00ed Prahy 6 a&nbsp;8<br>\ud83d\ude98 Rozd\u00edl mezi m\u011bstsk\u00fdm a&nbsp;vn\u011bj\u0161\u00edm okruhem a&nbsp;jak ovlivn\u00ed Prahu 6<br>\ud83d\ude9b Z\u00e1kaz vjezdu kamion\u016f a&nbsp;pro\u010d se zat\u00edm neprosazuje naplno<br>\ud83c\udd7f\ufe0f Parkov\u00e1n\u00ed na \u0161estce a&nbsp;velk\u00e9 P+R termin\u00e1ly<br>\ud83c\udf33 Revitalizace to\u010dny na B\u0159evnov\u011b a&nbsp;vize zelen\u00e9 Malovanky<\/p>\n\n\n\n<div style=\"height:20px\" aria-hidden=\"true\" class=\"wp-block-spacer\"><\/div>\n\n\n\n<p>\ud83c\udfa7 <strong>Poslechni si cel\u00fd rozhovor<\/strong> a&nbsp;zjisti, co se v&nbsp;pra\u017esk\u00e9 doprav\u011b opravdu d\u011bje, co ji brzd\u00ed a&nbsp;kde jsou p\u0159\u00edle\u017eitosti, kter\u00e9 mohou zm\u011bnit ka\u017edodenn\u00ed \u017eivot na Praze 6.<\/p>\n\n\n\n<div style=\"height:10px\" aria-hidden=\"true\" class=\"wp-block-spacer\"><\/div>\n\n\n\n<p>Podcast je dostupn\u00fd na na\u0161em <strong><a href=\"https:\/\/www.youtube.com\/@praha6sobe\" target=\"_blank\" rel=\"noopener\" title=\"YouTube. \">YouTube. <\/a><\/strong><\/p>\n\n\n\n<div style=\"height:31px\" aria-hidden=\"true\" class=\"wp-block-spacer\"><\/div>\n\n\n\n<figure class=\"wp-block-embed is-type-video is-provider-youtube wp-block-embed-youtube wp-embed-aspect-16-9 wp-has-aspect-ratio\"><div class=\"wp-block-embed__wrapper\">\n<iframe loading=\"lazy\" title=\"Adam Scheinherr | Barandovsk\u00fd most mu nev\u011b\u0159ili. Te\u010f mu tlesk\u00e1 i opozice!\" width=\"640\" height=\"360\" src=\"https:\/\/www.youtube.com\/embed\/FqaTyMFFbEI?feature=oembed\" frameborder=\"0\" allow=\"accelerometer; autoplay; clipboard-write; encrypted-media; gyroscope; picture-in-picture; web-share\" referrerpolicy=\"strict-origin-when-cross-origin\" allowfullscreen><\/iframe>\n<\/div><\/figure>\n\n\n\n<p><\/p>\n\n\n\n<p>\ud83e\udd1d\ud83d\udc4d\u00a0<a href=\"https:\/\/www.instagram.com\/prahasobe\/\">@prahasobe<\/a>\u00a0|\u00a0<a href=\"https:\/\/www.instagram.com\/prahasest\/\">@prahasest<\/a><\/p>\n","protected":false},"excerpt":{"rendered":"<p>V nov\u00e9m d\u00edlu na\u0161eho podcastu je hostem\u00a0@adamscheinherr, zku\u0161en\u00fd politik a&nbsp;technik, kter\u00fd jako b\u00fdval\u00fd n\u00e1m\u011bstek prim\u00e1tora pro dopravu v\u00fdrazn\u011b ovlivnil podobu hlavn\u00edho m\u011bsta. \u010cek\u00e1 v\u00e1s otev\u0159en\u00fd rozhovor o&nbsp;re\u00e1ln\u00fdch probl\u00e9mech i&nbsp;velk\u00fdch viz\u00edch, kter\u00e9 ur\u010duj\u00ed, jak se Praha h\u00fdbe a&nbsp;kam se m\u016f\u017ee posunout.\u00a0 Na co se m\u016f\u017eete t\u011b\u0161it:\ud83d\ude87 V\u00fdstavba metra D a&nbsp;my\u0161lenka metra O&nbsp;jako okru\u017en\u00ed linky propojuj\u00edc\u00ed m\u011bstsk\u00e9 [&hellip;]<\/p>\n","protected":false},"author":9,"featured_media":1400,"comment_status":"open","ping_status":"open","sticky":false,"template":"","format":"standard","meta":{"_acf_changed":false,"inline_featured_image":false,"footnotes":""},"categories":[4],"tags":[],"class_list":["post-1397","post","type-post","status-publish","format-standard","has-post-thumbnail","hentry","category-news"],"acf":[],"aioseo_notices":[],"distributor_meta":false,"distributor_terms":false,"distributor_media":false,"distributor_original_site_name":"Praha6Sob\u011b","distributor_original_site_url":"https:\/\/prahasobe.cz\/praha6sobe","push-errors":false,"_links":{"self":[{"href":"https:\/\/prahasobe.cz\/praha6sobe\/wp-json\/wp\/v2\/posts\/1397","targetHints":{"allow":["GET"]}}],"collection":[{"href":"https:\/\/prahasobe.cz\/praha6sobe\/wp-json\/wp\/v2\/posts"}],"about":[{"href":"https:\/\/prahasobe.cz\/praha6sobe\/wp-json\/wp\/v2\/types\/post"}],"author":[{"embeddable":true,"href":"https:\/\/prahasobe.cz\/praha6sobe\/wp-json\/wp\/v2\/users\/9"}],"replies":[{"embeddable":true,"href":"https:\/\/prahasobe.cz\/praha6sobe\/wp-json\/wp\/v2\/comments?post=1397"}],"version-history":[{"count":6,"href":"https:\/\/prahasobe.cz\/praha6sobe\/wp-json\/wp\/v2\/posts\/1397\/revisions"}],"predecessor-version":[{"id":1404,"href":"https:\/\/prahasobe.cz\/praha6sobe\/wp-json\/wp\/v2\/posts\/1397\/revisions\/1404"}],"wp:featuredmedia":[{"embeddable":true,"href":"https:\/\/prahasobe.cz\/praha6sobe\/wp-json\/wp\/v2\/media\/1400"}],"wp:attachment":[{"href":"https:\/\/prahasobe.cz\/praha6sobe\/wp-json\/wp\/v2\/media?parent=1397"}],"wp:term":[{"taxonomy":"category","embeddable":true,"href":"https:\/\/prahasobe.cz\/praha6sobe\/wp-json\/wp\/v2\/categories?post=1397"},{"taxonomy":"post_tag","embeddable":true,"href":"https:\/\/prahasobe.cz\/praha6sobe\/wp-json\/wp\/v2\/tags?post=1397"}],"curies":[{"name":"wp","href":"https:\/\/api.w.org\/{rel}","templated":true}]}}