{"id":1371,"date":"2025-12-01T09:38:00","date_gmt":"2025-12-01T09:38:00","guid":{"rendered":"https:\/\/prahasobe.cz\/praha6sobe\/?p=1371"},"modified":"2025-12-08T09:39:47","modified_gmt":"2025-12-08T09:39:47","slug":"vanoce-prahy-6-jsou-tady","status":"publish","type":"post","link":"https:\/\/prahasobe.cz\/praha6sobe\/2025\/12\/01\/vanoce-prahy-6-jsou-tady\/","title":{"rendered":"V\u00e1noce Prahy 6 jsou tady"},"content":{"rendered":"\n<p>\ud83c\udf84 V\u00e1noce Prahy 6 jsou tady a&nbsp;my v\u00e1s srde\u010dn\u011b zveme!<br><br>Adventn\u00ed \u010das si m\u016f\u017eete u\u017e\u00edt s&nbsp;kr\u00e1snou hudbou, spole\u010dn\u00fdmi setk\u00e1n\u00edmi a&nbsp;p\u0159\u00edjemnou atmosf\u00e9rou na m\u00edstech, kter\u00e1 m\u00e1me na \u0160estce r\u00e1di.<br><br>V P\u00edseck\u00e9 br\u00e1n\u011b i&nbsp;v&nbsp;kostele C\u010cSH v\u00e1s \u010dekaj\u00ed koncerty, zp\u011bv, kapely i&nbsp;tradi\u010dn\u00ed \u010cesk\u00e1 m\u0161e v\u00e1no\u010dn\u00ed.<br><br>A co je nejlep\u0161\u00ed? Na v\u0161echny akce je vstup zdarma.<br><br>P\u0159ij\u010fte si ud\u011blat radost a&nbsp;u\u017e\u00edt si advent spolu s&nbsp;n\u00e1mi. \ud83d\udc9b<\/p>\n\n\n\n<div style=\"height:30px\" aria-hidden=\"true\" class=\"wp-block-spacer\"><\/div>\n\n\n\n<figure class=\"wp-block-image size-large\"><img loading=\"lazy\" decoding=\"async\" width=\"819\" height=\"1024\" src=\"http:\/\/prahasobe.cz\/praha6sobe\/wp-content\/uploads\/sites\/5\/2025\/12\/P6S-SOME-Velke-foto-s-napisem-1080-\u00d7-1350-px-8-819x1024.png\" alt=\"V\u00e1noce Praha 6 \u2013 adventn\u00ed koncerty a program\" class=\"wp-image-1372\" srcset=\"https:\/\/prahasobe.cz\/praha6sobe\/wp-content\/uploads\/sites\/5\/2025\/12\/P6S-SOME-Velke-foto-s-napisem-1080-\u00d7-1350-px-8-819x1024.png 819w, https:\/\/prahasobe.cz\/praha6sobe\/wp-content\/uploads\/sites\/5\/2025\/12\/P6S-SOME-Velke-foto-s-napisem-1080-\u00d7-1350-px-8-240x300.png 240w, https:\/\/prahasobe.cz\/praha6sobe\/wp-content\/uploads\/sites\/5\/2025\/12\/P6S-SOME-Velke-foto-s-napisem-1080-\u00d7-1350-px-8-768x960.png 768w, https:\/\/prahasobe.cz\/praha6sobe\/wp-content\/uploads\/sites\/5\/2025\/12\/P6S-SOME-Velke-foto-s-napisem-1080-\u00d7-1350-px-8.png 1080w\" sizes=\"auto, (max-width: 819px) 100vw, 819px\" \/><figcaption>V\u00e1noce Praha 6 \u2013 adventn\u00ed koncerty a&nbsp;program<\/figcaption><\/figure>\n","protected":false},"excerpt":{"rendered":"<p>\ud83c\udf84 V\u00e1noce Prahy 6 jsou tady a&nbsp;my v\u00e1s srde\u010dn\u011b zveme! Adventn\u00ed \u010das si m\u016f\u017eete u\u017e\u00edt s&nbsp;kr\u00e1snou hudbou, spole\u010dn\u00fdmi setk\u00e1n\u00edmi a&nbsp;p\u0159\u00edjemnou atmosf\u00e9rou na m\u00edstech, kter\u00e1 m\u00e1me na \u0160estce r\u00e1di. V&nbsp;P\u00edseck\u00e9 br\u00e1n\u011b i&nbsp;v&nbsp;kostele C\u010cSH v\u00e1s \u010dekaj\u00ed koncerty, zp\u011bv, kapely i&nbsp;tradi\u010dn\u00ed \u010cesk\u00e1 m\u0161e v\u00e1no\u010dn\u00ed. A&nbsp;co je nejlep\u0161\u00ed? Na v\u0161echny akce je vstup zdarma. P\u0159ij\u010fte si ud\u011blat [&hellip;]<\/p>\n","protected":false},"author":9,"featured_media":1373,"comment_status":"open","ping_status":"open","sticky":false,"template":"","format":"standard","meta":{"_acf_changed":false,"inline_featured_image":false,"footnotes":""},"categories":[4],"tags":[],"class_list":["post-1371","post","type-post","status-publish","format-standard","has-post-thumbnail","hentry","category-news"],"acf":[],"aioseo_notices":[],"distributor_meta":false,"distributor_terms":false,"distributor_media":false,"distributor_original_site_name":"Praha6Sob\u011b","distributor_original_site_url":"https:\/\/prahasobe.cz\/praha6sobe","push-errors":false,"_links":{"self":[{"href":"https:\/\/prahasobe.cz\/praha6sobe\/wp-json\/wp\/v2\/posts\/1371","targetHints":{"allow":["GET"]}}],"collection":[{"href":"https:\/\/prahasobe.cz\/praha6sobe\/wp-json\/wp\/v2\/posts"}],"about":[{"href":"https:\/\/prahasobe.cz\/praha6sobe\/wp-json\/wp\/v2\/types\/post"}],"author":[{"embeddable":true,"href":"https:\/\/prahasobe.cz\/praha6sobe\/wp-json\/wp\/v2\/users\/9"}],"replies":[{"embeddable":true,"href":"https:\/\/prahasobe.cz\/praha6sobe\/wp-json\/wp\/v2\/comments?post=1371"}],"version-history":[{"count":1,"href":"https:\/\/prahasobe.cz\/praha6sobe\/wp-json\/wp\/v2\/posts\/1371\/revisions"}],"predecessor-version":[{"id":1374,"href":"https:\/\/prahasobe.cz\/praha6sobe\/wp-json\/wp\/v2\/posts\/1371\/revisions\/1374"}],"wp:featuredmedia":[{"embeddable":true,"href":"https:\/\/prahasobe.cz\/praha6sobe\/wp-json\/wp\/v2\/media\/1373"}],"wp:attachment":[{"href":"https:\/\/prahasobe.cz\/praha6sobe\/wp-json\/wp\/v2\/media?parent=1371"}],"wp:term":[{"taxonomy":"category","embeddable":true,"href":"https:\/\/prahasobe.cz\/praha6sobe\/wp-json\/wp\/v2\/categories?post=1371"},{"taxonomy":"post_tag","embeddable":true,"href":"https:\/\/prahasobe.cz\/praha6sobe\/wp-json\/wp\/v2\/tags?post=1371"}],"curies":[{"name":"wp","href":"https:\/\/api.w.org\/{rel}","templated":true}]}}