{"id":1368,"date":"2025-12-06T09:29:00","date_gmt":"2025-12-06T09:29:00","guid":{"rendered":"https:\/\/prahasobe.cz\/praha6sobe\/?p=1368"},"modified":"2025-12-08T09:29:44","modified_gmt":"2025-12-08T09:29:44","slug":"zveme-vas-na-zivy-hudebni-betlem-prahy-6","status":"publish","type":"post","link":"https:\/\/prahasobe.cz\/praha6sobe\/2025\/12\/06\/zveme-vas-na-zivy-hudebni-betlem-prahy-6\/","title":{"rendered":"Zveme v\u00e1s na \u017div\u00fd hudebn\u00ed betl\u00e9m Prahy 6"},"content":{"rendered":"\n<p>\u2728 P\u0159ij\u010fte si u\u017e\u00edt jeden z&nbsp;nejhez\u010d\u00edch adventn\u00edch ve\u010der\u016f na \u0160estce. \u010cek\u00e1 v\u00e1s dojemn\u00e9 p\u00e1smo v\u00e1no\u010dn\u00edch zp\u011bv\u016f, kr\u00e1sn\u00e1 atmosf\u00e9ra a&nbsp;vystoupen\u00ed d\u011bt\u00ed, kter\u00e9 do p\u0159\u00edprav vlo\u017eily cel\u00e9 sv\u00e9 srdce.<br><br>\ud83d\udcc5 17.&nbsp;prosince \ud83d\udd62 17:30<br>\ud83d\udccd S\u00e1l Z\u0160 B\u00edl\u00e1, B\u00edl\u00e1 1784\/1<br><br>Zazp\u00edvaj\u00ed a&nbsp;vystoup\u00ed d\u011bti z&nbsp;M\u0160 B\u00edl\u00e1, Z\u0160 Marj\u00e1nka, ZU\u0160 Pet\u0159iny, ZU\u0160 Harmonie a&nbsp;ZU\u0160 Jana Hanu\u0161e a&nbsp;spole\u010dn\u011b vytvo\u0159\u00ed \u017eiv\u00fd betl\u00e9m pln\u00fd hudby, sv\u011btel a&nbsp;v\u00e1no\u010dn\u00ed n\u00e1lady.<br><br>\ud83d\udc9b Vstup je zdarma.<br><br>P\u0159ij\u010fte se na chv\u00edli zastavit, zazp\u00edvat si koledy a&nbsp;naladit se na klidn\u00fd z\u00e1v\u011br roku. T\u011b\u0161\u00edme se na v\u00e1s!<\/p>\n\n\n\n<div style=\"height:30px\" aria-hidden=\"true\" class=\"wp-block-spacer\"><\/div>\n\n\n\n<figure class=\"wp-block-image size-full\"><img loading=\"lazy\" decoding=\"async\" width=\"705\" height=\"591\" src=\"http:\/\/prahasobe.cz\/praha6sobe\/wp-content\/uploads\/sites\/5\/2025\/12\/P6S-web-nahled-novinka-plus-4.png\" alt=\"\u017div\u00fd hudebn\u00ed betl\u00e9m Praha 6 \u2013 d\u011btsk\u00e9 v\u00e1no\u010dn\u00ed vystoupen\u00ed\" class=\"wp-image-1369\" srcset=\"https:\/\/prahasobe.cz\/praha6sobe\/wp-content\/uploads\/sites\/5\/2025\/12\/P6S-web-nahled-novinka-plus-4.png 705w, https:\/\/prahasobe.cz\/praha6sobe\/wp-content\/uploads\/sites\/5\/2025\/12\/P6S-web-nahled-novinka-plus-4-300x251.png 300w\" sizes=\"auto, (max-width: 705px) 100vw, 705px\" \/><figcaption>\u017div\u00fd hudebn\u00ed betl\u00e9m Praha 6 \u2013 d\u011btsk\u00e9 v\u00e1no\u010dn\u00ed vystoupen\u00ed<\/figcaption><\/figure>\n","protected":false},"excerpt":{"rendered":"<p>\u2728 P\u0159ij\u010fte si u\u017e\u00edt jeden z&nbsp;nejhez\u010d\u00edch adventn\u00edch ve\u010der\u016f na \u0160estce. \u010cek\u00e1 v\u00e1s dojemn\u00e9 p\u00e1smo v\u00e1no\u010dn\u00edch zp\u011bv\u016f, kr\u00e1sn\u00e1 atmosf\u00e9ra a&nbsp;vystoupen\u00ed d\u011bt\u00ed, kter\u00e9 do p\u0159\u00edprav vlo\u017eily cel\u00e9 sv\u00e9 srdce. \ud83d\udcc5 17.&nbsp;prosince \ud83d\udd62 17:30\ud83d\udccd S\u00e1l Z\u0160 B\u00edl\u00e1, B\u00edl\u00e1 1784\/1 Zazp\u00edvaj\u00ed a&nbsp;vystoup\u00ed d\u011bti z&nbsp;M\u0160 B\u00edl\u00e1, Z\u0160 Marj\u00e1nka, ZU\u0160 Pet\u0159iny, ZU\u0160 Harmonie a&nbsp;ZU\u0160 Jana Hanu\u0161e a&nbsp;spole\u010dn\u011b vytvo\u0159\u00ed \u017eiv\u00fd betl\u00e9m pln\u00fd [&hellip;]<\/p>\n","protected":false},"author":9,"featured_media":1369,"comment_status":"open","ping_status":"open","sticky":false,"template":"","format":"standard","meta":{"_acf_changed":false,"inline_featured_image":false,"footnotes":""},"categories":[4],"tags":[],"class_list":["post-1368","post","type-post","status-publish","format-standard","has-post-thumbnail","hentry","category-news"],"acf":[],"aioseo_notices":[],"distributor_meta":false,"distributor_terms":false,"distributor_media":false,"distributor_original_site_name":"Praha6Sob\u011b","distributor_original_site_url":"https:\/\/prahasobe.cz\/praha6sobe","push-errors":false,"_links":{"self":[{"href":"https:\/\/prahasobe.cz\/praha6sobe\/wp-json\/wp\/v2\/posts\/1368","targetHints":{"allow":["GET"]}}],"collection":[{"href":"https:\/\/prahasobe.cz\/praha6sobe\/wp-json\/wp\/v2\/posts"}],"about":[{"href":"https:\/\/prahasobe.cz\/praha6sobe\/wp-json\/wp\/v2\/types\/post"}],"author":[{"embeddable":true,"href":"https:\/\/prahasobe.cz\/praha6sobe\/wp-json\/wp\/v2\/users\/9"}],"replies":[{"embeddable":true,"href":"https:\/\/prahasobe.cz\/praha6sobe\/wp-json\/wp\/v2\/comments?post=1368"}],"version-history":[{"count":1,"href":"https:\/\/prahasobe.cz\/praha6sobe\/wp-json\/wp\/v2\/posts\/1368\/revisions"}],"predecessor-version":[{"id":1370,"href":"https:\/\/prahasobe.cz\/praha6sobe\/wp-json\/wp\/v2\/posts\/1368\/revisions\/1370"}],"wp:featuredmedia":[{"embeddable":true,"href":"https:\/\/prahasobe.cz\/praha6sobe\/wp-json\/wp\/v2\/media\/1369"}],"wp:attachment":[{"href":"https:\/\/prahasobe.cz\/praha6sobe\/wp-json\/wp\/v2\/media?parent=1368"}],"wp:term":[{"taxonomy":"category","embeddable":true,"href":"https:\/\/prahasobe.cz\/praha6sobe\/wp-json\/wp\/v2\/categories?post=1368"},{"taxonomy":"post_tag","embeddable":true,"href":"https:\/\/prahasobe.cz\/praha6sobe\/wp-json\/wp\/v2\/tags?post=1368"}],"curies":[{"name":"wp","href":"https:\/\/api.w.org\/{rel}","templated":true}]}}