{"id":1365,"date":"2025-12-04T08:59:00","date_gmt":"2025-12-04T08:59:00","guid":{"rendered":"https:\/\/prahasobe.cz\/praha6sobe\/?p=1365"},"modified":"2025-12-08T09:10:39","modified_gmt":"2025-12-08T09:10:39","slug":"brusleni-na-kluzisti-vypich-je-zpatky","status":"publish","type":"post","link":"https:\/\/prahasobe.cz\/praha6sobe\/2025\/12\/04\/brusleni-na-kluzisti-vypich-je-zpatky\/","title":{"rendered":"Bruslen\u00ed na Kluzi\u0161ti Vypich je zp\u00e1tky!"},"content":{"rendered":"\n<p><br>Od 1.&nbsp;prosince a\u017e do konce \u00fanora si m\u016f\u017eete u\u017e\u00edvat zimu na led\u011b ka\u017ed\u00fd den od 9 do 21 hodin p\u0159\u00edmo v&nbsp;are\u00e1lu<strong> (ne)KONE\u010cN\u00c1 Vypich \/ DDM Praha 6.<br><\/strong><br>A\u0165 u\u017e jste \u00fapln\u00ed za\u010d\u00e1te\u010dn\u00edci, jdete s&nbsp;d\u011btmi, nebo jste zku\u0161en\u00ed brusla\u0159i, kluzi\u0161t\u011b je otev\u0159en\u00e9 v\u0161em. K&nbsp;dispozici bude p\u016fj\u010dovna brusl\u00ed, ka\u010denek i&nbsp;hrazdi\u010dek, helmy, \u00faschovn\u00e9 boxy, ob\u010derstven\u00ed a&nbsp;tak\u00e9 doprovodn\u00fd zimn\u00ed program.<br><br>Vstup je zdarma.<br><br>Sta\u010d\u00ed nazout brusle a&nbsp;p\u0159ij\u00edt si u\u017e\u00edt zimn\u00ed atmosf\u00e9ru.<br><br>V\u00edce informac\u00ed najdete na \ud83d\udc49 <a href=\"http:\/\/kluzistevypich.cz\/\" target=\"_blank\" rel=\"noopener\" title=\"\">kluzistevypich.cz<\/a><br><br>T\u011b\u0161\u00edme se na v\u00e1s na led\u011b! \u26f8\ufe0f<br><br>\ud83e\udd1d <a href=\"https:\/\/www.linkedin.com\/company\/praha-sob%C4%9B\/\">PRAHA SOB\u011a<\/a> | <a href=\"https:\/\/www.linkedin.com\/company\/praha-6\/\">\u00da\u0159ad m\u011bstsk\u00e9 \u010d\u00e1sti Praha 6<\/a> | <a href=\"https:\/\/www.linkedin.com\/in\/mariana-%C4%8Dapkov%C3%A1\/\">Mariana \u010capkov\u00e1<\/a><\/p>\n\n\n\n<div style=\"height:30px\" aria-hidden=\"true\" class=\"wp-block-spacer\"><\/div>\n\n\n\n<figure class=\"wp-block-image size-full\"><img loading=\"lazy\" decoding=\"async\" width=\"705\" height=\"591\" src=\"http:\/\/prahasobe.cz\/praha6sobe\/wp-content\/uploads\/sites\/5\/2025\/12\/P6S-web-nahled-novinka-plus-3.png\" alt=\" Bruslen\u00ed na Kluzi\u0161ti Vypich je zp\u00e1tky!\" class=\"wp-image-1366\" srcset=\"https:\/\/prahasobe.cz\/praha6sobe\/wp-content\/uploads\/sites\/5\/2025\/12\/P6S-web-nahled-novinka-plus-3.png 705w, https:\/\/prahasobe.cz\/praha6sobe\/wp-content\/uploads\/sites\/5\/2025\/12\/P6S-web-nahled-novinka-plus-3-300x251.png 300w\" sizes=\"auto, (max-width: 705px) 100vw, 705px\" \/><figcaption> Bruslen\u00ed na Kluzi\u0161ti Vypich je zp\u00e1tky!<\/figcaption><\/figure>\n","protected":false},"excerpt":{"rendered":"<p>Od 1.&nbsp;prosince a\u017e do konce \u00fanora si m\u016f\u017eete u\u017e\u00edvat zimu na led\u011b ka\u017ed\u00fd den od 9 do 21 hodin p\u0159\u00edmo v&nbsp;are\u00e1lu (ne)KONE\u010cN\u00c1 Vypich \/ DDM Praha 6.A\u0165 u\u017e jste \u00fapln\u00ed za\u010d\u00e1te\u010dn\u00edci, jdete s&nbsp;d\u011btmi, nebo jste zku\u0161en\u00ed brusla\u0159i, kluzi\u0161t\u011b je otev\u0159en\u00e9 v\u0161em. K&nbsp;dispozici bude p\u016fj\u010dovna brusl\u00ed, ka\u010denek i&nbsp;hrazdi\u010dek, helmy, \u00faschovn\u00e9 boxy, ob\u010derstven\u00ed a&nbsp;tak\u00e9 doprovodn\u00fd zimn\u00ed program. [&hellip;]<\/p>\n","protected":false},"author":9,"featured_media":1366,"comment_status":"open","ping_status":"open","sticky":false,"template":"","format":"standard","meta":{"_acf_changed":false,"inline_featured_image":false,"footnotes":""},"categories":[4],"tags":[],"class_list":["post-1365","post","type-post","status-publish","format-standard","has-post-thumbnail","hentry","category-news"],"acf":[],"aioseo_notices":[],"distributor_meta":false,"distributor_terms":false,"distributor_media":false,"distributor_original_site_name":"Praha6Sob\u011b","distributor_original_site_url":"https:\/\/prahasobe.cz\/praha6sobe","push-errors":false,"_links":{"self":[{"href":"https:\/\/prahasobe.cz\/praha6sobe\/wp-json\/wp\/v2\/posts\/1365","targetHints":{"allow":["GET"]}}],"collection":[{"href":"https:\/\/prahasobe.cz\/praha6sobe\/wp-json\/wp\/v2\/posts"}],"about":[{"href":"https:\/\/prahasobe.cz\/praha6sobe\/wp-json\/wp\/v2\/types\/post"}],"author":[{"embeddable":true,"href":"https:\/\/prahasobe.cz\/praha6sobe\/wp-json\/wp\/v2\/users\/9"}],"replies":[{"embeddable":true,"href":"https:\/\/prahasobe.cz\/praha6sobe\/wp-json\/wp\/v2\/comments?post=1365"}],"version-history":[{"count":1,"href":"https:\/\/prahasobe.cz\/praha6sobe\/wp-json\/wp\/v2\/posts\/1365\/revisions"}],"predecessor-version":[{"id":1367,"href":"https:\/\/prahasobe.cz\/praha6sobe\/wp-json\/wp\/v2\/posts\/1365\/revisions\/1367"}],"wp:featuredmedia":[{"embeddable":true,"href":"https:\/\/prahasobe.cz\/praha6sobe\/wp-json\/wp\/v2\/media\/1366"}],"wp:attachment":[{"href":"https:\/\/prahasobe.cz\/praha6sobe\/wp-json\/wp\/v2\/media?parent=1365"}],"wp:term":[{"taxonomy":"category","embeddable":true,"href":"https:\/\/prahasobe.cz\/praha6sobe\/wp-json\/wp\/v2\/categories?post=1365"},{"taxonomy":"post_tag","embeddable":true,"href":"https:\/\/prahasobe.cz\/praha6sobe\/wp-json\/wp\/v2\/tags?post=1365"}],"curies":[{"name":"wp","href":"https:\/\/api.w.org\/{rel}","templated":true}]}}