{"id":1351,"date":"2025-12-08T08:48:33","date_gmt":"2025-12-08T08:48:33","guid":{"rendered":"https:\/\/prahasobe.cz\/praha6sobe\/?p=1351"},"modified":"2025-12-08T08:48:34","modified_gmt":"2025-12-08T08:48:34","slug":"advent-v-pisecke-brane-je-v-plnem-proudu","status":"publish","type":"post","link":"https:\/\/prahasobe.cz\/praha6sobe\/2025\/12\/08\/advent-v-pisecke-brane-je-v-plnem-proudu\/","title":{"rendered":"Advent v&nbsp;P\u00edseck\u00e9 br\u00e1n\u011b je v&nbsp;pln\u00e9m proudu"},"content":{"rendered":"\n<p><br>\u2728 A\u017e do 23.&nbsp;12.&nbsp;si m\u016f\u017eete u\u017e\u00edt kr\u00e1sn\u00fd v\u00e1no\u010dn\u00ed program \u2013 koncerty, d\u00edlny, poh\u00e1dky, Mikul\u00e1\u0161skou, koledy i&nbsp;tradi\u010dn\u00ed Betl\u00e9msk\u00e9 sv\u011btlo.<br><br>Vstup je zdarma a&nbsp;kav\u00e1rna m\u00e1 otev\u0159eno denn\u011b od 12 do 19&nbsp;h.<br><br>Zastavte se pro adventn\u00ed atmosf\u00e9ru do P\u00edseck\u00e9 br\u00e1ny. \ud83c\udf84<\/p>\n\n\n\n<div style=\"height:43px\" aria-hidden=\"true\" class=\"wp-block-spacer\"><\/div>\n\n\n\n<figure class=\"wp-block-image size-large\"><img loading=\"lazy\" decoding=\"async\" width=\"819\" height=\"1024\" src=\"http:\/\/prahasobe.cz\/praha6sobe\/wp-content\/uploads\/sites\/5\/2025\/12\/P6S-SOME-Velke-foto-s-napisem-1080-\u00d7-1350-px-7-1-819x1024.png\" alt=\" Advent v P\u00edseck\u00e9 br\u00e1n\u011b je v pln\u00e9m proudu\" class=\"wp-image-1353\" srcset=\"https:\/\/prahasobe.cz\/praha6sobe\/wp-content\/uploads\/sites\/5\/2025\/12\/P6S-SOME-Velke-foto-s-napisem-1080-\u00d7-1350-px-7-1-819x1024.png 819w, https:\/\/prahasobe.cz\/praha6sobe\/wp-content\/uploads\/sites\/5\/2025\/12\/P6S-SOME-Velke-foto-s-napisem-1080-\u00d7-1350-px-7-1-240x300.png 240w, https:\/\/prahasobe.cz\/praha6sobe\/wp-content\/uploads\/sites\/5\/2025\/12\/P6S-SOME-Velke-foto-s-napisem-1080-\u00d7-1350-px-7-1-768x960.png 768w, https:\/\/prahasobe.cz\/praha6sobe\/wp-content\/uploads\/sites\/5\/2025\/12\/P6S-SOME-Velke-foto-s-napisem-1080-\u00d7-1350-px-7-1.png 1080w\" sizes=\"auto, (max-width: 819px) 100vw, 819px\" \/><figcaption> Advent v&nbsp;P\u00edseck\u00e9 br\u00e1n\u011b je v&nbsp;pln\u00e9m proudu\n<\/figcaption><\/figure>\n","protected":false},"excerpt":{"rendered":"<p>\u2728 A\u017e do 23.&nbsp;12.&nbsp;si m\u016f\u017eete u\u017e\u00edt kr\u00e1sn\u00fd v\u00e1no\u010dn\u00ed program \u2013 koncerty, d\u00edlny, poh\u00e1dky, Mikul\u00e1\u0161skou, koledy i&nbsp;tradi\u010dn\u00ed Betl\u00e9msk\u00e9 sv\u011btlo. Vstup je zdarma a&nbsp;kav\u00e1rna m\u00e1 otev\u0159eno denn\u011b od 12 do 19&nbsp;h. Zastavte se pro adventn\u00ed atmosf\u00e9ru do P\u00edseck\u00e9 br\u00e1ny. \ud83c\udf84<\/p>\n","protected":false},"author":9,"featured_media":1359,"comment_status":"open","ping_status":"open","sticky":false,"template":"","format":"standard","meta":{"_acf_changed":false,"inline_featured_image":false,"footnotes":""},"categories":[4],"tags":[],"class_list":["post-1351","post","type-post","status-publish","format-standard","has-post-thumbnail","hentry","category-news"],"acf":[],"aioseo_notices":[],"distributor_meta":false,"distributor_terms":false,"distributor_media":false,"distributor_original_site_name":"Praha6Sob\u011b","distributor_original_site_url":"https:\/\/prahasobe.cz\/praha6sobe","push-errors":false,"_links":{"self":[{"href":"https:\/\/prahasobe.cz\/praha6sobe\/wp-json\/wp\/v2\/posts\/1351","targetHints":{"allow":["GET"]}}],"collection":[{"href":"https:\/\/prahasobe.cz\/praha6sobe\/wp-json\/wp\/v2\/posts"}],"about":[{"href":"https:\/\/prahasobe.cz\/praha6sobe\/wp-json\/wp\/v2\/types\/post"}],"author":[{"embeddable":true,"href":"https:\/\/prahasobe.cz\/praha6sobe\/wp-json\/wp\/v2\/users\/9"}],"replies":[{"embeddable":true,"href":"https:\/\/prahasobe.cz\/praha6sobe\/wp-json\/wp\/v2\/comments?post=1351"}],"version-history":[{"count":5,"href":"https:\/\/prahasobe.cz\/praha6sobe\/wp-json\/wp\/v2\/posts\/1351\/revisions"}],"predecessor-version":[{"id":1358,"href":"https:\/\/prahasobe.cz\/praha6sobe\/wp-json\/wp\/v2\/posts\/1351\/revisions\/1358"}],"wp:featuredmedia":[{"embeddable":true,"href":"https:\/\/prahasobe.cz\/praha6sobe\/wp-json\/wp\/v2\/media\/1359"}],"wp:attachment":[{"href":"https:\/\/prahasobe.cz\/praha6sobe\/wp-json\/wp\/v2\/media?parent=1351"}],"wp:term":[{"taxonomy":"category","embeddable":true,"href":"https:\/\/prahasobe.cz\/praha6sobe\/wp-json\/wp\/v2\/categories?post=1351"},{"taxonomy":"post_tag","embeddable":true,"href":"https:\/\/prahasobe.cz\/praha6sobe\/wp-json\/wp\/v2\/tags?post=1351"}],"curies":[{"name":"wp","href":"https:\/\/api.w.org\/{rel}","templated":true}]}}