{"id":1345,"date":"2025-12-08T07:52:52","date_gmt":"2025-12-08T07:52:52","guid":{"rendered":"https:\/\/prahasobe.cz\/praha6sobe\/?p=1345"},"modified":"2025-12-08T07:55:01","modified_gmt":"2025-12-08T07:55:01","slug":"prosincova-sestka-je-venku-co-v-ni-najdete-tentokrat-%f0%9f%93%ac","status":"publish","type":"post","link":"https:\/\/prahasobe.cz\/praha6sobe\/2025\/12\/08\/prosincova-sestka-je-venku-co-v-ni-najdete-tentokrat-%f0%9f%93%ac\/","title":{"rendered":"Prosincov\u00e1 \u0160estka je venku! Co v&nbsp;n\u00ed najdete tentokr\u00e1t? \ud83d\udcec"},"content":{"rendered":"\n<p>V politick\u00e9 diskusi se tentokr\u00e1t redakce pt\u00e1 na ot\u00e1zku, kter\u00e1 ovlivn\u00ed podobu Prahy 6 na mnoho let dop\u0159edu:<br><br>Chyb\u00ed v\u00e1m n\u011bco ve Strategick\u00e9m pl\u00e1nu Prahy 6?<br><br>Za Prahu 6 sob\u011b odpov\u00edd\u00e1 m\u00edstostarostka <a href=\"https:\/\/cs.wikipedia.org\/wiki\/Mariana_%C4%8Capkov%C3%A1\" target=\"_blank\" rel=\"noopener\" title=\"Mariana \u010capkov\u00e1\">Mariana \u010capkov\u00e1<\/a>, kter\u00e1 zd\u016fraz\u0148uje, \u017ee pl\u00e1n m\u016f\u017ee fungovat jen tehdy, kdy\u017e se opravdu prom\u00edtne do ka\u017edodenn\u00edho \u017eivota lid\u00ed.<br><br><img loading=\"lazy\" decoding=\"async\" height=\"16\" width=\"16\" src=\"https:\/\/static.xx.fbcdn.net\/images\/emoji.php\/v9\/tfc\/1\/16\/1f7e2.png\" alt=\"\ud83d\udfe2\"> \u201eStrategick\u00fd pl\u00e1n Prahy 6 je prvn\u00ed dokument, kter\u00fd popisuje rozvoj na\u0161\u00ed m\u011bstsk\u00e9 \u010d\u00e1sti a\u017e do roku 2040. Je to d\u016fle\u017eit\u00fd r\u00e1mec pro \u0161koly, soci\u00e1ln\u00ed slu\u017eby, ve\u0159ejn\u00fd prostor, dopravu, klima i&nbsp;fungov\u00e1n\u00ed \u00fa\u0159adu. Proto m\u00e1 smysl pt\u00e1t se, jestli je v&nbsp;n\u011bm je\u0161t\u011b prostor n\u011bco doplnit. Za m\u011b je kl\u00ed\u010dov\u00e9, aby se pl\u00e1n nezastavil na pap\u00ed\u0159e. Pot\u0159ebujeme siln\u011bj\u0161\u00ed tempo p\u0159i&nbsp;realizaci v\u011bc\u00ed, kter\u00e9 lid\u00e9 vn\u00edmaj\u00ed ka\u017ed\u00fd den. Typicky jde o&nbsp;ve\u0159ejn\u00fd prostor \u2013 bezpe\u010dn\u00e9 ulice, upraven\u00e1 n\u00e1m\u011bst\u00ed, p\u0159ehledn\u00e9 zast\u00e1vky, v\u00edc zelen\u011b a&nbsp;krat\u0161\u00ed cestu k&nbsp;z\u00e1kladn\u00edm slu\u017eb\u00e1m. Dal\u0161\u00ed oblast\u00ed je \u0161kolstv\u00ed. Praha 6 roste a&nbsp;my stav\u00edme nov\u00e9 \u0161koly i&nbsp;\u0161kolky, ale stejn\u011b d\u016fle\u017eit\u00e9 je udr\u017eet kvalitn\u00ed pedagogy a&nbsp;odborn\u00fd person\u00e1l. Bez nich n\u00e1m ani nejlep\u0161\u00ed investice nepom\u016f\u017eou. A&nbsp;t\u0159et\u00ed t\u00e9ma je p\u00e9\u010de o&nbsp;seniory a&nbsp;rodiny. V\u00edme o&nbsp;pot\u0159eb\u011b v\u011bt\u0161\u00ed kapacity soci\u00e1ln\u00edch a&nbsp;zdravotn\u00edch slu\u017eeb a&nbsp;chceme dot\u00e1hnout projekty, kter\u00e9 tu popt\u00e1vku \u0159e\u0161\u00ed. Tak\u017ee mi nechyb\u00ed nov\u00e1 kapitola,\u201c odpov\u00edd\u00e1 na\u0161e m\u00edstostarostka <a href=\"https:\/\/marianacapkova.cz\/\" title=\"Mariana \u010capkov\u00e1\">Mariana \u010capkov\u00e1<\/a>.<br><br>Co dal\u0161\u00edho v&nbsp;prosincov\u00e9 \u0160estce najdete?<br><img loading=\"lazy\" decoding=\"async\" height=\"16\" width=\"16\" src=\"https:\/\/static.xx.fbcdn.net\/images\/emoji.php\/v9\/ta0\/1\/16\/1f4d8.png\" alt=\"\ud83d\udcd8\"> Strategick\u00fd pl\u00e1n Prahy 6<\/p>\n\n\n\n<p>Jak m\u00e1 vypadat na\u0161e m\u011bstsk\u00e1 \u010d\u00e1st v&nbsp;roce 2040 a&nbsp;jak to ovlivn\u00ed ka\u017edodenn\u00ed \u017eivot.<\/p>\n\n\n\n<p><img loading=\"lazy\" decoding=\"async\" height=\"16\" width=\"16\" alt=\"\ud83c\udfeb\" src=\"https:\/\/static.xx.fbcdn.net\/images\/emoji.php\/v9\/t28\/1\/16\/1f3eb.png\"> \u0160koly a&nbsp;\u0161kolky<\/p>\n\n\n\n<p>V\u00fdstavba nov\u00fdch kapacit i&nbsp;d\u016fraz na to, jak udr\u017eet kvalitn\u00ed u\u010ditele a&nbsp;odborn\u00fd person\u00e1l.<\/p>\n\n\n\n<p><img loading=\"lazy\" decoding=\"async\" height=\"16\" width=\"16\" alt=\"\ud83d\ude87\" src=\"https:\/\/static.xx.fbcdn.net\/images\/emoji.php\/v9\/t4d\/1\/16\/1f687.png\"> Doprava a&nbsp;ve\u0159ejn\u00fd prostor<\/p>\n\n\n\n<p>Bezpe\u010dn\u00e9 ulice, p\u0159ehledn\u00e9 zast\u00e1vky, \u00fapravy n\u00e1m\u011bst\u00ed a&nbsp;dal\u0161\u00ed investice do mobility.<\/p>\n\n\n\n<p><img loading=\"lazy\" decoding=\"async\" height=\"16\" width=\"16\" alt=\"\ud83c\udf3f\" src=\"https:\/\/static.xx.fbcdn.net\/images\/emoji.php\/v9\/t1e\/1\/16\/1f33f.png\"> \u017divotn\u00ed prost\u0159ed\u00ed<\/p>\n\n\n\n<p>P\u00e9\u010de o&nbsp;zele\u0148, klimatick\u00e1 opat\u0159en\u00ed a&nbsp;projekty, kter\u00e9 se p\u0159ipravuj\u00ed na p\u0159\u00ed\u0161t\u00ed rok.<\/p>\n\n\n\n<p><img loading=\"lazy\" decoding=\"async\" height=\"16\" width=\"16\" alt=\"\ud83c\udfa4\" src=\"https:\/\/static.xx.fbcdn.net\/images\/emoji.php\/v9\/t7e\/1\/16\/1f3a4.png\"> Rozhovor m\u011bs\u00edce: Richard Genzer<\/p>\n\n\n\n<p>O tanci, humoru, d\u011btech i&nbsp;vztahu k&nbsp;Praze 6.<\/p>\n\n\n\n<p><img loading=\"lazy\" decoding=\"async\" height=\"16\" width=\"16\" alt=\"\ud83c\udf84\" src=\"https:\/\/static.xx.fbcdn.net\/images\/emoji.php\/v9\/t7\/1\/16\/1f384.png\"> V\u00e1noce na \u0160estce<\/p>\n\n\n\n<p>Adventn\u00ed koncerty, kulturn\u00ed program, sousedsk\u00e9 akce a&nbsp;tipy na prosinec.<\/p>\n\n\n\n<p><img loading=\"lazy\" decoding=\"async\" height=\"16\" width=\"16\" alt=\"\u26f8\ufe0f\" src=\"https:\/\/static.xx.fbcdn.net\/images\/emoji.php\/v9\/tff\/1\/16\/26f8.png\"> Zimn\u00ed bruslen\u00ed<\/p>\n\n\n\n<p>P\u0159ehled m\u00edst, kde si m\u016f\u017eete u\u017e\u00edt led p\u0159\u00edmo na Praze 6.<\/p>\n\n\n\n<p><img loading=\"lazy\" decoding=\"async\" height=\"16\" width=\"16\" alt=\"\ud83c\udfa8\" src=\"https:\/\/static.xx.fbcdn.net\/images\/emoji.php\/v9\/t82\/1\/16\/1f3a8.png\"> Kultura, voln\u00fd \u010das, spolky<\/p>\n\n\n\n<p>Prosincov\u00e9 v\u00fdstavy, divadla, koncerty a&nbsp;dal\u0161\u00ed ud\u00e1losti.<br><br><img loading=\"lazy\" decoding=\"async\" height=\"16\" width=\"16\" src=\"https:\/\/static.xx.fbcdn.net\/images\/emoji.php\/v9\/t9e\/1\/16\/1f4d6.png\" alt=\"\ud83d\udcd6\"> Cel\u00e9 \u010d\u00edslo najdete:<\/p>\n\n\n\n<p><a href=\"https:\/\/www.sestka.cz\/12-2025\" target=\"_blank\" rel=\"noopener\" title=\"\">https:\/\/www.sestka.cz\/12-2025<\/a><\/p>\n\n\n\n<p>K dispozici je tak\u00e9 na odb\u011brn\u00fdch m\u00edstech po&nbsp;cel\u00e9 m\u011bstsk\u00e9 \u010d\u00e1sti.<br><br><img loading=\"lazy\" decoding=\"async\" height=\"16\" width=\"16\" src=\"https:\/\/static.xx.fbcdn.net\/images\/emoji.php\/v9\/t64\/1\/16\/1f91d.png\" alt=\"\ud83e\udd1d\"> <a href=\"https:\/\/www.facebook.com\/PRAHASOBE.CZ?__cft__[0]=AZViQebMJUwKAoZpZK5qTriSRsHRjIDEtLDeDREdh8r6CVbhlnG8BSUDKnfR2f9G6FS4amyyb3oESAmPMblcc0pIyvQVIMmWmwSOnLwC7FW2_VbAPjFM5cC_mbIHTOLbRzTgPFQcqWV2FZC5edwYQR4qB9U0V_4S_RxataRJmPXB5rUvOnBNr2LHaOML62YX3qA&amp;__tn__=-]K-R\">PRAHA SOB\u011a<\/a> | <a href=\"https:\/\/www.facebook.com\/Praha6?__cft__[0]=AZViQebMJUwKAoZpZK5qTriSRsHRjIDEtLDeDREdh8r6CVbhlnG8BSUDKnfR2f9G6FS4amyyb3oESAmPMblcc0pIyvQVIMmWmwSOnLwC7FW2_VbAPjFM5cC_mbIHTOLbRzTgPFQcqWV2FZC5edwYQR4qB9U0V_4S_RxataRJmPXB5rUvOnBNr2LHaOML62YX3qA&amp;__tn__=-]K-R\">Praha 6<\/a> | <a href=\"https:\/\/www.facebook.com\/capkovamariana?__cft__[0]=AZViQebMJUwKAoZpZK5qTriSRsHRjIDEtLDeDREdh8r6CVbhlnG8BSUDKnfR2f9G6FS4amyyb3oESAmPMblcc0pIyvQVIMmWmwSOnLwC7FW2_VbAPjFM5cC_mbIHTOLbRzTgPFQcqWV2FZC5edwYQR4qB9U0V_4S_RxataRJmPXB5rUvOnBNr2LHaOML62YX3qA&amp;__tn__=-]K-R\">Mariana \u010capkov\u00e1 &#8211; m\u00edstostarostka Prahy 6<\/a><\/p>\n\n\n\n<p><\/p>\n\n\n\n<figure class=\"wp-block-image size-full\"><img loading=\"lazy\" decoding=\"async\" width=\"705\" height=\"591\" src=\"http:\/\/prahasobe.cz\/praha6sobe\/wp-content\/uploads\/sites\/5\/2025\/12\/P6S-web-nahled-novinka-plus.png\" alt=\"Strategick\u00fd pl\u00e1n Prahy 6\" class=\"wp-image-1346\" srcset=\"https:\/\/prahasobe.cz\/praha6sobe\/wp-content\/uploads\/sites\/5\/2025\/12\/P6S-web-nahled-novinka-plus.png 705w, https:\/\/prahasobe.cz\/praha6sobe\/wp-content\/uploads\/sites\/5\/2025\/12\/P6S-web-nahled-novinka-plus-300x251.png 300w\" sizes=\"auto, (max-width: 705px) 100vw, 705px\" \/><figcaption>Strategick\u00fd pl\u00e1n Prahy 6<\/figcaption><\/figure>\n","protected":false},"excerpt":{"rendered":"<p>V politick\u00e9 diskusi se tentokr\u00e1t redakce pt\u00e1 na ot\u00e1zku, kter\u00e1 ovlivn\u00ed podobu Prahy 6 na mnoho let dop\u0159edu: Chyb\u00ed v\u00e1m n\u011bco ve Strategick\u00e9m pl\u00e1nu Prahy 6? Za Prahu 6 sob\u011b odpov\u00edd\u00e1 m\u00edstostarostka Mariana \u010capkov\u00e1, kter\u00e1 zd\u016fraz\u0148uje, \u017ee pl\u00e1n m\u016f\u017ee fungovat jen tehdy, kdy\u017e se opravdu prom\u00edtne do ka\u017edodenn\u00edho \u017eivota lid\u00ed. \u201eStrategick\u00fd pl\u00e1n Prahy 6 je [&hellip;]<\/p>\n","protected":false},"author":9,"featured_media":1346,"comment_status":"open","ping_status":"open","sticky":false,"template":"","format":"standard","meta":{"_acf_changed":false,"inline_featured_image":false,"footnotes":""},"categories":[4],"tags":[],"class_list":["post-1345","post","type-post","status-publish","format-standard","has-post-thumbnail","hentry","category-news"],"acf":[],"aioseo_notices":[],"distributor_meta":false,"distributor_terms":false,"distributor_media":false,"distributor_original_site_name":"Praha6Sob\u011b","distributor_original_site_url":"https:\/\/prahasobe.cz\/praha6sobe","push-errors":false,"_links":{"self":[{"href":"https:\/\/prahasobe.cz\/praha6sobe\/wp-json\/wp\/v2\/posts\/1345","targetHints":{"allow":["GET"]}}],"collection":[{"href":"https:\/\/prahasobe.cz\/praha6sobe\/wp-json\/wp\/v2\/posts"}],"about":[{"href":"https:\/\/prahasobe.cz\/praha6sobe\/wp-json\/wp\/v2\/types\/post"}],"author":[{"embeddable":true,"href":"https:\/\/prahasobe.cz\/praha6sobe\/wp-json\/wp\/v2\/users\/9"}],"replies":[{"embeddable":true,"href":"https:\/\/prahasobe.cz\/praha6sobe\/wp-json\/wp\/v2\/comments?post=1345"}],"version-history":[{"count":3,"href":"https:\/\/prahasobe.cz\/praha6sobe\/wp-json\/wp\/v2\/posts\/1345\/revisions"}],"predecessor-version":[{"id":1350,"href":"https:\/\/prahasobe.cz\/praha6sobe\/wp-json\/wp\/v2\/posts\/1345\/revisions\/1350"}],"wp:featuredmedia":[{"embeddable":true,"href":"https:\/\/prahasobe.cz\/praha6sobe\/wp-json\/wp\/v2\/media\/1346"}],"wp:attachment":[{"href":"https:\/\/prahasobe.cz\/praha6sobe\/wp-json\/wp\/v2\/media?parent=1345"}],"wp:term":[{"taxonomy":"category","embeddable":true,"href":"https:\/\/prahasobe.cz\/praha6sobe\/wp-json\/wp\/v2\/categories?post=1345"},{"taxonomy":"post_tag","embeddable":true,"href":"https:\/\/prahasobe.cz\/praha6sobe\/wp-json\/wp\/v2\/tags?post=1345"}],"curies":[{"name":"wp","href":"https:\/\/api.w.org\/{rel}","templated":true}]}}