{"id":1228,"date":"2024-12-07T17:17:27","date_gmt":"2024-12-07T17:17:27","guid":{"rendered":"https:\/\/prahasobe.cz\/praha6sobe\/?p=1228"},"modified":"2025-01-19T21:51:23","modified_gmt":"2025-01-19T21:51:23","slug":"%f0%9f%8c%b3-na-skalce-v-bubenci-se-rysuje-nova-budoucnost-%f0%9f%8e%9a","status":"publish","type":"post","link":"https:\/\/prahasobe.cz\/praha6sobe\/2024\/12\/07\/%f0%9f%8c%b3-na-skalce-v-bubenci-se-rysuje-nova-budoucnost-%f0%9f%8e%9a\/","title":{"rendered":"Na Skalce v&nbsp;Buben\u010di se r\u00fdsuje nov\u00e1 budoucnost \ud83c\udf33"},"content":{"rendered":"\n<p>Zanikl\u00fd h\u0159bitov Na Skalce v&nbsp;Buben\u010di, m\u00edsto s&nbsp;neoby\u010dejnou atmosf\u00e9rou a&nbsp;histori\u00ed, se do\u010dk\u00e1 nov\u00e9 podoby. D\u00edky \u00fasil\u00ed\u00a0<a href=\"https:\/\/www.facebook.com\/prazskehrbitovy?__tn__=-]K*F\">H\u0159bitovy a&nbsp;poh\u0159ebn\u00ed slu\u017eby hl. m. Prahy<\/a>\u00a0a spolupr\u00e1ci s&nbsp;m\u00edstn\u00edmi obyvateli vznikl pl\u00e1n, kter\u00fd propojuje respekt k&nbsp;minulosti s&nbsp;modern\u00edmi pot\u0159ebami.<\/p>\n\n\n\n<div style=\"height:10px\" aria-hidden=\"true\" class=\"wp-block-spacer\"><\/div>\n\n\n\n<figure class=\"wp-block-image size-large\"><img loading=\"lazy\" decoding=\"async\" width=\"1024\" height=\"768\" src=\"https:\/\/prahasobe.cz\/praha6sobe\/wp-content\/uploads\/sites\/5\/2025\/01\/469484843_993403472814718_1399860636738113200_n-1-1024x768.jpg\" alt=\"\" class=\"wp-image-1230\" srcset=\"https:\/\/prahasobe.cz\/praha6sobe\/wp-content\/uploads\/sites\/5\/2025\/01\/469484843_993403472814718_1399860636738113200_n-1-1024x768.jpg 1024w, https:\/\/prahasobe.cz\/praha6sobe\/wp-content\/uploads\/sites\/5\/2025\/01\/469484843_993403472814718_1399860636738113200_n-1-300x225.jpg 300w, https:\/\/prahasobe.cz\/praha6sobe\/wp-content\/uploads\/sites\/5\/2025\/01\/469484843_993403472814718_1399860636738113200_n-1-768x576.jpg 768w, https:\/\/prahasobe.cz\/praha6sobe\/wp-content\/uploads\/sites\/5\/2025\/01\/469484843_993403472814718_1399860636738113200_n-1.jpg 1280w\" sizes=\"auto, (max-width: 1024px) 100vw, 1024px\" \/><\/figure>\n\n\n\n<div style=\"height:10px\" aria-hidden=\"true\" class=\"wp-block-spacer\"><\/div>\n\n\n\n<p>Podle <a href=\"https:\/\/www.facebook.com\/bartak.stepan\" target=\"_blank\" rel=\"noopener\" title=\"\u0160t\u011bp\u00e1n Bart\u00e1k\">\u0160t\u011bp\u00e1n Bart\u00e1k<\/a>, pov\u011b\u0159ence pro ve\u0159ejn\u00fd prostor za Praha 6 sob\u011b:<br>&#8220;Hned na za\u010d\u00e1tku jsme v\u011bd\u011bli, \u017ee tohle m\u00edsto nem\u016f\u017ee z\u016fstat opom\u00edjen\u00e9. U\u017e na za\u010d\u00e1tku roku 2023 jsme m\u00edsto prozkoumali, zapojili odborn\u00edky i&nbsp;ob\u010dany, a&nbsp;postupn\u011b jsme p\u0159ipravili memorandum, ve\u0159ejn\u00e9 prohl\u00eddky i&nbsp;participaci. V\u00fdsledkem je sout\u011b\u017e a&nbsp;konkr\u00e9tn\u00ed pl\u00e1n, kter\u00fd m\u00e1 jasnou vizi.&#8221;<\/p>\n\n\n\n<p>Velk\u00e9 d\u00edky pat\u0159\u00ed i&nbsp;na\u0161emu kolegovi\u00a0<a href=\"https:\/\/www.facebook.com\/pe.zeman?__tn__=-]K*F\">Petr Zeman<\/a>, kter\u00fd n\u00e1m s&nbsp;realizac\u00ed v\u00fdznamn\u011b pom\u00e1h\u00e1 a&nbsp;ji\u017e v&nbsp;minul\u00e9m obdob\u00ed zajistil d\u016fle\u017eit\u00fd majetkov\u00fd p\u0159evod, bez kter\u00e9ho by projekt nemohl vzniknout.<\/p>\n\n\n\n<div style=\"height:10px\" aria-hidden=\"true\" class=\"wp-block-spacer\"><\/div>\n\n\n\n<figure class=\"wp-block-image size-large\"><img loading=\"lazy\" decoding=\"async\" width=\"1024\" height=\"796\" src=\"https:\/\/prahasobe.cz\/praha6sobe\/wp-content\/uploads\/sites\/5\/2025\/01\/468786253_993403622814703_1519109983768429835_n-1024x796.jpg\" alt=\"\" class=\"wp-image-1232\" srcset=\"https:\/\/prahasobe.cz\/praha6sobe\/wp-content\/uploads\/sites\/5\/2025\/01\/468786253_993403622814703_1519109983768429835_n-1024x796.jpg 1024w, https:\/\/prahasobe.cz\/praha6sobe\/wp-content\/uploads\/sites\/5\/2025\/01\/468786253_993403622814703_1519109983768429835_n-300x233.jpg 300w, https:\/\/prahasobe.cz\/praha6sobe\/wp-content\/uploads\/sites\/5\/2025\/01\/468786253_993403622814703_1519109983768429835_n-768x597.jpg 768w, https:\/\/prahasobe.cz\/praha6sobe\/wp-content\/uploads\/sites\/5\/2025\/01\/468786253_993403622814703_1519109983768429835_n.jpg 1280w\" sizes=\"auto, (max-width: 1024px) 100vw, 1024px\" \/><\/figure>\n\n\n\n<div style=\"height:20px\" aria-hidden=\"true\" class=\"wp-block-spacer\"><\/div>\n\n\n\n<h2 class=\"wp-block-heading\">Co projekt p\u0159inese?<\/h2>\n\n\n\n<p><img loading=\"lazy\" decoding=\"async\" height=\"16\" width=\"16\" src=\"https:\/\/static.xx.fbcdn.net\/images\/emoji.php\/v9\/t33\/1\/16\/2705.png\" alt=\"\u2705\">\u00a0Nov\u00fd prostor k&nbsp;rozlou\u010den\u00ed a&nbsp;vzpom\u00edn\u00e1n\u00ed: n\u00e1vrh po\u010d\u00edt\u00e1 s&nbsp;pietn\u00edm a&nbsp;z\u00e1rove\u0148 otev\u0159en\u00fdm prostorem.<br><img loading=\"lazy\" decoding=\"async\" height=\"16\" width=\"16\" src=\"https:\/\/static.xx.fbcdn.net\/images\/emoji.php\/v9\/t33\/1\/16\/2705.png\" alt=\"\u2705\">\u00a0Obnova kl\u00ed\u010dov\u00fdch prvk\u016f: p\u016fvodn\u00ed zdi i&nbsp;cesty dostanou nov\u00fd \u017eivot.<br><img loading=\"lazy\" decoding=\"async\" height=\"16\" width=\"16\" src=\"https:\/\/static.xx.fbcdn.net\/images\/emoji.php\/v9\/t33\/1\/16\/2705.png\" alt=\"\u2705\">\u00a0Mo\u017enost kulturn\u00edho vyu\u017eit\u00ed: prostor bude navr\u017een tak, aby mohl slou\u017eit nejen pietn\u00edm, ale i&nbsp;komunitn\u00edm akc\u00edm.<\/p>\n\n\n\n<div style=\"height:20px\" aria-hidden=\"true\" class=\"wp-block-spacer\"><\/div>\n\n\n\n<h2 class=\"wp-block-heading\"><img loading=\"lazy\" decoding=\"async\" height=\"16\" width=\"16\" src=\"https:\/\/static.xx.fbcdn.net\/images\/emoji.php\/v9\/tb7\/1\/16\/23f3.png\" alt=\"\u23f3\">\u00a0Realizace za\u010d\u00edn\u00e1 brzy<\/h2>\n\n\n\n<p>U\u017e p\u0159\u00ed\u0161t\u00ed rok se za\u010dne s&nbsp;\u00fapravami vstupn\u00edch \u010d\u00e1st\u00ed a&nbsp;kultivac\u00ed prostoru. Celkov\u00e1 realizace je pl\u00e1nov\u00e1na na postupn\u00e9 etapy a\u017e do roku 2030.<\/p>\n\n\n\n<div style=\"height:10px\" aria-hidden=\"true\" class=\"wp-block-spacer\"><\/div>\n\n\n\n<p>Co si o&nbsp;projektu mysl\u00edte vy<img loading=\"lazy\" decoding=\"async\" height=\"16\" width=\"16\" src=\"https:\/\/static.xx.fbcdn.net\/images\/emoji.php\/v9\/t4c\/1\/16\/2753.png\" alt=\"\u2753\"><\/p>\n\n\n\n<div style=\"height:10px\" aria-hidden=\"true\" class=\"wp-block-spacer\"><\/div>\n\n\n\n<p><br>Jak byste si p\u0159edstavovali ide\u00e1ln\u00ed podobu tohoto m\u00edsta<img loading=\"lazy\" decoding=\"async\" height=\"16\" width=\"16\" src=\"https:\/\/static.xx.fbcdn.net\/images\/emoji.php\/v9\/t4c\/1\/16\/2753.png\" alt=\"\u2753\"><\/p>\n\n\n\n<div style=\"height:20px\" aria-hidden=\"true\" class=\"wp-block-spacer\"><\/div>\n\n\n\n<p><img loading=\"lazy\" decoding=\"async\" height=\"16\" width=\"16\" src=\"https:\/\/static.xx.fbcdn.net\/images\/emoji.php\/v9\/t5d\/1\/16\/1f4f7.png\" alt=\"\ud83d\udcf7\">\u00a0Vizualizace: <a href=\"https:\/\/brychtaarchitekti.cz\/\" target=\"_blank\" rel=\"noopener\" title=\"Roman Brychta architekti\">Roman Brychta architekti<\/a><\/p>\n\n\n\n<div style=\"height:20px\" aria-hidden=\"true\" class=\"wp-block-spacer\"><\/div>\n\n\n\n<p><img loading=\"lazy\" decoding=\"async\" height=\"16\" width=\"16\" src=\"https:\/\/static.xx.fbcdn.net\/images\/emoji.php\/v9\/t64\/1\/16\/1f91d.png\" alt=\"\ud83e\udd1d\"><img loading=\"lazy\" decoding=\"async\" height=\"16\" width=\"16\" src=\"https:\/\/static.xx.fbcdn.net\/images\/emoji.php\/v9\/tfc\/1\/16\/1f44d.png\" alt=\"\ud83d\udc4d\">:\u00a0<a href=\"https:\/\/prahasobe.cz\/\" target=\"_blank\" rel=\"noopener\" title=\"PRAHA SOB\u011a\">PRAHA SOB\u011a<\/a>,\u00a0<a href=\"https:\/\/marianacapkova.cz\/\" target=\"_blank\" rel=\"noopener\" title=\"\">Mariana \u010capkov\u00e1 &#8211; m\u00edstostarostka Prahy 6<\/a><\/p>\n","protected":false},"excerpt":{"rendered":"<p>Zanikl\u00fd h\u0159bitov Na Skalce v&nbsp;Buben\u010di, m\u00edsto s&nbsp;neoby\u010dejnou atmosf\u00e9rou a&nbsp;histori\u00ed, se do\u010dk\u00e1 nov\u00e9 podoby. D\u00edky \u00fasil\u00ed\u00a0H\u0159bitovy a&nbsp;poh\u0159ebn\u00ed slu\u017eby hl. m. Prahy\u00a0a spolupr\u00e1ci s&nbsp;m\u00edstn\u00edmi obyvateli vznikl pl\u00e1n, kter\u00fd propojuje respekt k&nbsp;minulosti s&nbsp;modern\u00edmi pot\u0159ebami. Podle \u0160t\u011bp\u00e1n Bart\u00e1k, pov\u011b\u0159ence pro ve\u0159ejn\u00fd prostor za Praha 6 sob\u011b:&#8220;Hned na za\u010d\u00e1tku jsme v\u011bd\u011bli, \u017ee tohle m\u00edsto nem\u016f\u017ee z\u016fstat opom\u00edjen\u00e9. U\u017e na za\u010d\u00e1tku [&hellip;]<\/p>\n","protected":false},"author":9,"featured_media":1229,"comment_status":"open","ping_status":"open","sticky":false,"template":"","format":"standard","meta":{"_acf_changed":false,"inline_featured_image":false,"footnotes":""},"categories":[4],"tags":[],"class_list":["post-1228","post","type-post","status-publish","format-standard","has-post-thumbnail","hentry","category-news"],"acf":[],"aioseo_notices":[],"distributor_meta":false,"distributor_terms":false,"distributor_media":false,"distributor_original_site_name":"Praha6Sob\u011b","distributor_original_site_url":"https:\/\/prahasobe.cz\/praha6sobe","push-errors":false,"_links":{"self":[{"href":"https:\/\/prahasobe.cz\/praha6sobe\/wp-json\/wp\/v2\/posts\/1228","targetHints":{"allow":["GET"]}}],"collection":[{"href":"https:\/\/prahasobe.cz\/praha6sobe\/wp-json\/wp\/v2\/posts"}],"about":[{"href":"https:\/\/prahasobe.cz\/praha6sobe\/wp-json\/wp\/v2\/types\/post"}],"author":[{"embeddable":true,"href":"https:\/\/prahasobe.cz\/praha6sobe\/wp-json\/wp\/v2\/users\/9"}],"replies":[{"embeddable":true,"href":"https:\/\/prahasobe.cz\/praha6sobe\/wp-json\/wp\/v2\/comments?post=1228"}],"version-history":[{"count":7,"href":"https:\/\/prahasobe.cz\/praha6sobe\/wp-json\/wp\/v2\/posts\/1228\/revisions"}],"predecessor-version":[{"id":1239,"href":"https:\/\/prahasobe.cz\/praha6sobe\/wp-json\/wp\/v2\/posts\/1228\/revisions\/1239"}],"wp:featuredmedia":[{"embeddable":true,"href":"https:\/\/prahasobe.cz\/praha6sobe\/wp-json\/wp\/v2\/media\/1229"}],"wp:attachment":[{"href":"https:\/\/prahasobe.cz\/praha6sobe\/wp-json\/wp\/v2\/media?parent=1228"}],"wp:term":[{"taxonomy":"category","embeddable":true,"href":"https:\/\/prahasobe.cz\/praha6sobe\/wp-json\/wp\/v2\/categories?post=1228"},{"taxonomy":"post_tag","embeddable":true,"href":"https:\/\/prahasobe.cz\/praha6sobe\/wp-json\/wp\/v2\/tags?post=1228"}],"curies":[{"name":"wp","href":"https:\/\/api.w.org\/{rel}","templated":true}]}}