{"id":1179,"date":"2025-01-07T13:52:00","date_gmt":"2025-01-07T13:52:00","guid":{"rendered":"https:\/\/prahasobe.cz\/praha6sobe\/?p=1179"},"modified":"2025-01-19T14:04:24","modified_gmt":"2025-01-19T14:04:24","slug":"ohrozene-deti-vcas-podporime-praha-6-zavadi-novy-system-pomoci","status":"publish","type":"post","link":"https:\/\/prahasobe.cz\/praha6sobe\/2025\/01\/07\/ohrozene-deti-vcas-podporime-praha-6-zavadi-novy-system-pomoci\/","title":{"rendered":"Ohro\u017een\u00e9 d\u011bti v\u010das podpo\u0159\u00edme: Praha 6 zav\u00e1d\u00ed nov\u00fd syst\u00e9m pomoci"},"content":{"rendered":"\n<p>Podpora d\u011bt\u00ed, kter\u00e9 se ocitaj\u00ed v&nbsp;obt\u00ed\u017en\u00fdch situac\u00edch, pat\u0159\u00ed mezi na\u0161e kl\u00ed\u010dov\u00e9 priority. Dlouhodob\u011b usiluje o&nbsp;syst\u00e9mov\u00e9 \u0159e\u0161en\u00ed v\u010dasn\u00e9 identifikace ohro\u017een\u00fdch d\u011bt\u00ed a&nbsp;zaji\u0161t\u011bn\u00ed jejich podpory. D\u00edky iniciativ\u011b na\u0161\u00ed m\u00edstostarostky te\u010f Praha 6 p\u0159ich\u00e1z\u00ed s&nbsp;pr\u016flomov\u00fdm projektem, kter\u00fd propojuje \u0161kolstv\u00ed, soci\u00e1ln\u00ed slu\u017eby a&nbsp;zdravotnictv\u00ed, aby d\u011bti dostaly pot\u0159ebnou pomoc v\u010das.<\/p>\n\n\n\n<div style=\"height:10px\" aria-hidden=\"true\" class=\"wp-block-spacer\"><\/div>\n\n\n\n<p>V \u010cesk\u00e9 republice dlouhodob\u011b chyb\u00ed syst\u00e9m, kter\u00fd by dok\u00e1zal zachytit d\u011bti s&nbsp;po\u010d\u00ednaj\u00edc\u00edmi probl\u00e9my je\u0161t\u011b p\u0159edt\u00edm, ne\u017e se stanou v\u00e1\u017en\u00fdmi a&nbsp;slo\u017eit\u00fdmi. Praha 6 proto jako prvn\u00ed m\u011bstsk\u00e1 \u010d\u00e1st v&nbsp;Praze z\u0159\u00edd\u00ed pozici soci\u00e1ln\u00ed pracovnice, kter\u00e1 bude koordinovat mezioborovou spolupr\u00e1ci odborn\u00edk\u016f v&nbsp;t\u00e9to oblasti.<\/p>\n\n\n\n<div style=\"height:10px\" aria-hidden=\"true\" class=\"wp-block-spacer\"><\/div>\n\n\n\n<p>\u201eV \u010cR se st\u00e1le neda\u0159\u00ed odhalit d\u011bti s&nbsp;po\u010d\u00ednaj\u00edc\u00edmi probl\u00e9my. Syst\u00e9m si jich za\u010d\u00edn\u00e1 v\u0161\u00edmat a\u017e, kdy\u017e jsou jejich probl\u00e9my komplexn\u00ed, obt\u00ed\u017en\u011b a&nbsp;n\u00e1kladn\u011b \u0159e\u0161iteln\u00e9. Nest\u00e1tn\u00ed neziskov\u00e1 organizace SOFA v&nbsp;reakci na tento probl\u00e9m p\u0159ipravila projekt, kter\u00fd by m\u011bl pomoci tyto d\u011bti identifikovat mnohem d\u0159\u00edve, \u010d\u00edm\u017e se sn\u00ed\u017e\u00ed i&nbsp;n\u00e1kladnost a&nbsp;slo\u017eitost \u0159e\u0161en\u00ed jejich probl\u00e9m\u016f v&nbsp;pozd\u011bj\u0161\u00edm st\u00e1diu,\u201c dod\u00e1v\u00e1 na\u0161e m\u00edstostarostka <a href=\"https:\/\/marianacapkova.cz\/\" target=\"_blank\" rel=\"noopener\" title=\"Mariana \u010capkov\u00e1\">Mariana \u010capkov\u00e1<\/a>.<\/p>\n\n\n\n<figure class=\"wp-block-image size-large\"><img loading=\"lazy\" decoding=\"async\" width=\"1024\" height=\"576\" src=\"https:\/\/prahasobe.cz\/praha6sobe\/wp-content\/uploads\/sites\/5\/2025\/01\/ZMC_12_24_MEZIOBOR_SPOLUPRACE_PREZENTACE.pptx-1024x576.png\" alt=\"V \u010cesk\u00e9 republice dlouhodob\u011b chyb\u00ed syst\u00e9m, kter\u00fd by dok\u00e1zal zachytit d\u011bti s po\u010d\u00ednaj\u00edc\u00edmi probl\u00e9my je\u0161t\u011b p\u0159edt\u00edm, ne\u017e se stanou v\u00e1\u017en\u00fdmi a slo\u017eit\u00fdmi. Praha 6 proto jako prvn\u00ed m\u011bstsk\u00e1 \u010d\u00e1st v Praze z\u0159\u00edd\u00ed pozici soci\u00e1ln\u00ed pracovnice, kter\u00e1 bude koordinovat mezioborovou spolupr\u00e1ci odborn\u00edk\u016f v t\u00e9to oblasti.\" class=\"wp-image-1180\" srcset=\"https:\/\/prahasobe.cz\/praha6sobe\/wp-content\/uploads\/sites\/5\/2025\/01\/ZMC_12_24_MEZIOBOR_SPOLUPRACE_PREZENTACE.pptx-1024x576.png 1024w, https:\/\/prahasobe.cz\/praha6sobe\/wp-content\/uploads\/sites\/5\/2025\/01\/ZMC_12_24_MEZIOBOR_SPOLUPRACE_PREZENTACE.pptx-300x169.png 300w, https:\/\/prahasobe.cz\/praha6sobe\/wp-content\/uploads\/sites\/5\/2025\/01\/ZMC_12_24_MEZIOBOR_SPOLUPRACE_PREZENTACE.pptx-768x432.png 768w, https:\/\/prahasobe.cz\/praha6sobe\/wp-content\/uploads\/sites\/5\/2025\/01\/ZMC_12_24_MEZIOBOR_SPOLUPRACE_PREZENTACE.pptx-1536x864.png 1536w, https:\/\/prahasobe.cz\/praha6sobe\/wp-content\/uploads\/sites\/5\/2025\/01\/ZMC_12_24_MEZIOBOR_SPOLUPRACE_PREZENTACE.pptx.png 1920w\" sizes=\"auto, (max-width: 1024px) 100vw, 1024px\" \/><\/figure>\n\n\n\n<div style=\"height:10px\" aria-hidden=\"true\" class=\"wp-block-spacer\"><\/div>\n\n\n\n<h2 class=\"wp-block-heading\">Co bude n\u00e1pln\u00ed projektu?<\/h2>\n\n\n\n<div style=\"height:10px\" aria-hidden=\"true\" class=\"wp-block-spacer\"><\/div>\n\n\n\n<p><img loading=\"lazy\" decoding=\"async\" height=\"16\" width=\"16\" src=\"https:\/\/static.xx.fbcdn.net\/images\/emoji.php\/v9\/t8e\/1\/16\/2139.png\" alt=\"\u2139\ufe0f\"> Projekt vznik\u00e1 ve spolupr\u00e1ci s&nbsp;organizac\u00ed <a href=\"https:\/\/www.societyforall.cz\/\" target=\"_blank\" rel=\"noopener\" title=\"Society for All\">Society for All<\/a>, kter\u00e1 se zam\u011b\u0159uje na podporu d\u011bt\u00ed v&nbsp;ohro\u017een\u00ed. Hlavn\u00ed aktivity zahrnuj\u00ed:<\/p>\n\n\n\n<div style=\"height:10px\" aria-hidden=\"true\" class=\"wp-block-spacer\"><\/div>\n\n\n\n<p><img loading=\"lazy\" decoding=\"async\" height=\"16\" width=\"16\" src=\"https:\/\/static.xx.fbcdn.net\/images\/emoji.php\/v9\/t51\/1\/16\/2714.png\" alt=\"\u2714\ufe0f\"> Vznik mezioborov\u00e9 platformy \u2013 propoj\u00ed odborn\u00edky z&nbsp;oblasti \u0161kolstv\u00ed, soci\u00e1ln\u00edch slu\u017eeb, zdravotnictv\u00ed a&nbsp;dal\u0161\u00edch sektor\u016f. Platforma bude pravideln\u011b jednat o&nbsp;p\u0159\u00edpadech d\u011bt\u00ed, kter\u00e9 pot\u0159ebuj\u00ed pomoc, a&nbsp;hledat konkr\u00e9tn\u00ed \u0159e\u0161en\u00ed.<\/p>\n\n\n\n<div style=\"height:10px\" aria-hidden=\"true\" class=\"wp-block-spacer\"><\/div>\n\n\n\n<p><img loading=\"lazy\" decoding=\"async\" height=\"16\" width=\"16\" src=\"https:\/\/static.xx.fbcdn.net\/images\/emoji.php\/v9\/t51\/1\/16\/2714.png\" alt=\"\u2714\ufe0f\"> Koordinace a&nbsp;konzultace \u2013 nov\u011b vznikl\u00e1 pozice soci\u00e1ln\u00ed pracovnice bude fungovat jako konzultant pro \u0161koly a&nbsp;dal\u0161\u00ed instituce, kter\u00e9 pracuj\u00ed s&nbsp;ohro\u017een\u00fdmi d\u011btmi.<\/p>\n\n\n\n<div style=\"height:10px\" aria-hidden=\"true\" class=\"wp-block-spacer\"><\/div>\n\n\n\n<p><img loading=\"lazy\" decoding=\"async\" height=\"16\" width=\"16\" src=\"https:\/\/static.xx.fbcdn.net\/images\/emoji.php\/v9\/t51\/1\/16\/2714.png\" alt=\"\u2714\ufe0f\"> V\u010dasn\u00e1 identifikace \u2013 d\u00edky metodick\u00e9mu veden\u00ed organizace SOFA bude Praha 6 zav\u00e1d\u011bt n\u00e1stroj pro rychlej\u0161\u00ed identifikaci ohro\u017een\u00fdch d\u011bt\u00ed, tzv.&nbsp;Kartu KID, kter\u00e1 u\u017e byla \u00fasp\u011b\u0161n\u011b otestov\u00e1na v&nbsp;jin\u00fdch m\u011bstech.<\/p>\n\n\n\n<div style=\"height:10px\" aria-hidden=\"true\" class=\"wp-block-spacer\"><\/div>\n\n\n\n<p><img loading=\"lazy\" decoding=\"async\" height=\"16\" width=\"16\" src=\"https:\/\/static.xx.fbcdn.net\/images\/emoji.php\/v9\/t51\/1\/16\/2714.png\" alt=\"\u2714\ufe0f\"> Podpora odborn\u00edk\u016f \u2013 projekt nab\u00eddne vzd\u011bl\u00e1vac\u00ed aktivity a&nbsp;workshopy pro odborn\u00edky, kte\u0159\u00ed s&nbsp;d\u011btmi pracuj\u00ed.<\/p>\n\n\n\n<div style=\"height:10px\" aria-hidden=\"true\" class=\"wp-block-spacer\"><\/div>\n\n\n\n<h2 class=\"wp-block-heading\">Pro\u010d je to d\u016fle\u017eit\u00e9?<\/h2>\n\n\n\n<div style=\"height:10px\" aria-hidden=\"true\" class=\"wp-block-spacer\"><\/div>\n\n\n\n<p>Praha 6 reaguje na zhor\u0161uj\u00edc\u00ed se du\u0161evn\u00ed zdrav\u00ed d\u011bt\u00ed a&nbsp;pot\u0159ebu syst\u00e9mov\u00e9 spolupr\u00e1ce mezi \u0161kolami, soci\u00e1ln\u00edmi a&nbsp;zdravotn\u00edmi slu\u017ebami. C\u00edlem je zajistit, aby se d\u011bti dostaly k&nbsp;pot\u0159ebn\u00e9 podpo\u0159e co nejd\u0159\u00edve, co\u017e nejen pom\u016f\u017ee jim a&nbsp;jejich rodin\u00e1m, ale tak\u00e9 u\u0161et\u0159\u00ed syst\u00e9mov\u00e9 n\u00e1klady na \u0159e\u0161en\u00ed pozd\u011bj\u0161\u00edch probl\u00e9m\u016f.<\/p>\n\n\n\n<div style=\"height:10px\" aria-hidden=\"true\" class=\"wp-block-spacer\"><\/div>\n\n\n\n<h2 class=\"wp-block-heading\">Co projekt p\u0159inese?<\/h2>\n\n\n\n<div style=\"height:10px\" aria-hidden=\"true\" class=\"wp-block-spacer\"><\/div>\n\n\n\n<p><img loading=\"lazy\" decoding=\"async\" height=\"16\" width=\"16\" alt=\"\ud83e\udd1d\" src=\"https:\/\/static.xx.fbcdn.net\/images\/emoji.php\/v9\/t64\/1\/16\/1f91d.png\"> Efektivn\u00ed propojen\u00ed odborn\u00edk\u016f, kte\u0159\u00ed se v\u010das zam\u011b\u0159\u00ed na podporu d\u011bt\u00ed.<\/p>\n\n\n\n<p><img loading=\"lazy\" decoding=\"async\" height=\"16\" width=\"16\" alt=\"\u2139\ufe0f\" src=\"https:\/\/static.xx.fbcdn.net\/images\/emoji.php\/v9\/t8e\/1\/16\/2139.png\"> Zlep\u0161en\u00ed dostupnosti informac\u00ed a&nbsp;n\u00e1stroj\u016f pro rodi\u010de i&nbsp;\u0161koly.<\/p>\n\n\n\n<p><img loading=\"lazy\" decoding=\"async\" height=\"16\" width=\"16\" alt=\"\ud83e\uddd1\u200d\ud83c\udfeb\" src=\"https:\/\/static.xx.fbcdn.net\/images\/emoji.php\/v9\/t65\/1\/16\/1f9d1_200d_1f3eb.png\"> Nov\u00e9 mo\u017enosti vzd\u011bl\u00e1v\u00e1n\u00ed pro pracovn\u00edky \u0161kol a&nbsp;dal\u0161\u00edch instituc\u00ed.<\/p>\n\n\n\n<p>Praha 6 tak nejen zav\u00e1d\u00ed konkr\u00e9tn\u00ed pomoc, ale tak\u00e9 otev\u00edr\u00e1 cestu k&nbsp;dlouhodob\u00fdm zm\u011bn\u00e1m v&nbsp;oblasti p\u00e9\u010de o&nbsp;d\u011bti.<br><\/p>\n\n\n\n<div style=\"height:10px\" aria-hidden=\"true\" class=\"wp-block-spacer\"><\/div>\n\n\n\n<p><img loading=\"lazy\" decoding=\"async\" height=\"16\" width=\"16\" src=\"https:\/\/static.xx.fbcdn.net\/images\/emoji.php\/v9\/t6e\/1\/16\/1f4ac.png\" alt=\"\ud83d\udcac\"> M\u00e1te k&nbsp;projektu ot\u00e1zky nebo se chcete zapojit? Napi\u0161te n\u00e1m na e-mail <a href=\"mailto:praha6sobe@praha6.cz\" title=\"praha6sobe@praha6.cz\">praha6sobe@praha6.cz<\/a>.<\/p>\n\n\n\n<div style=\"height:10px\" aria-hidden=\"true\" class=\"wp-block-spacer\"><\/div>\n\n\n\n<p>Pom\u00e1h\u00e1me d\u011btem, kter\u00e9 to nejv\u00edce pot\u0159ebuj\u00ed. <img loading=\"lazy\" decoding=\"async\" height=\"16\" width=\"16\" src=\"https:\/\/static.xx.fbcdn.net\/images\/emoji.php\/v9\/t15\/1\/16\/1f49b.png\" alt=\"\ud83d\udc9b\"><\/p>\n\n\n\n<p><\/p>\n\n\n\n<div style=\"height:10px\" aria-hidden=\"true\" class=\"wp-block-spacer\"><\/div>\n\n\n\n<figure class=\"wp-block-gallery has-nested-images columns-default is-cropped wp-block-gallery-1 is-layout-flex wp-block-gallery-is-layout-flex\">\n<figure class=\"wp-block-image size-large\"><img loading=\"lazy\" decoding=\"async\" width=\"1024\" height=\"576\" data-id=\"1204\" src=\"https:\/\/prahasobe.cz\/praha6sobe\/wp-content\/uploads\/sites\/5\/2025\/01\/1-1024x576.png\" alt=\"\" class=\"wp-image-1204\" srcset=\"https:\/\/prahasobe.cz\/praha6sobe\/wp-content\/uploads\/sites\/5\/2025\/01\/1-1024x576.png 1024w, https:\/\/prahasobe.cz\/praha6sobe\/wp-content\/uploads\/sites\/5\/2025\/01\/1-300x169.png 300w, https:\/\/prahasobe.cz\/praha6sobe\/wp-content\/uploads\/sites\/5\/2025\/01\/1-768x432.png 768w, https:\/\/prahasobe.cz\/praha6sobe\/wp-content\/uploads\/sites\/5\/2025\/01\/1-1536x864.png 1536w, https:\/\/prahasobe.cz\/praha6sobe\/wp-content\/uploads\/sites\/5\/2025\/01\/1.png 1920w\" sizes=\"auto, (max-width: 1024px) 100vw, 1024px\" \/><\/figure>\n\n\n\n<figure class=\"wp-block-image size-large\"><img loading=\"lazy\" decoding=\"async\" width=\"1024\" height=\"576\" data-id=\"1206\" src=\"https:\/\/prahasobe.cz\/praha6sobe\/wp-content\/uploads\/sites\/5\/2025\/01\/2-1024x576.png\" alt=\"\" class=\"wp-image-1206\" srcset=\"https:\/\/prahasobe.cz\/praha6sobe\/wp-content\/uploads\/sites\/5\/2025\/01\/2-1024x576.png 1024w, https:\/\/prahasobe.cz\/praha6sobe\/wp-content\/uploads\/sites\/5\/2025\/01\/2-300x169.png 300w, https:\/\/prahasobe.cz\/praha6sobe\/wp-content\/uploads\/sites\/5\/2025\/01\/2-768x432.png 768w, https:\/\/prahasobe.cz\/praha6sobe\/wp-content\/uploads\/sites\/5\/2025\/01\/2-1536x864.png 1536w, https:\/\/prahasobe.cz\/praha6sobe\/wp-content\/uploads\/sites\/5\/2025\/01\/2.png 1920w\" sizes=\"auto, (max-width: 1024px) 100vw, 1024px\" \/><\/figure>\n\n\n\n<figure class=\"wp-block-image size-large\"><img loading=\"lazy\" decoding=\"async\" width=\"1024\" height=\"576\" data-id=\"1203\" src=\"https:\/\/prahasobe.cz\/praha6sobe\/wp-content\/uploads\/sites\/5\/2025\/01\/3-1024x576.png\" alt=\"\" class=\"wp-image-1203\" srcset=\"https:\/\/prahasobe.cz\/praha6sobe\/wp-content\/uploads\/sites\/5\/2025\/01\/3-1024x576.png 1024w, https:\/\/prahasobe.cz\/praha6sobe\/wp-content\/uploads\/sites\/5\/2025\/01\/3-300x169.png 300w, https:\/\/prahasobe.cz\/praha6sobe\/wp-content\/uploads\/sites\/5\/2025\/01\/3-768x432.png 768w, https:\/\/prahasobe.cz\/praha6sobe\/wp-content\/uploads\/sites\/5\/2025\/01\/3-1536x864.png 1536w, https:\/\/prahasobe.cz\/praha6sobe\/wp-content\/uploads\/sites\/5\/2025\/01\/3.png 1920w\" sizes=\"auto, (max-width: 1024px) 100vw, 1024px\" \/><\/figure>\n\n\n\n<figure class=\"wp-block-image size-large\"><img loading=\"lazy\" decoding=\"async\" width=\"1024\" height=\"576\" data-id=\"1205\" src=\"https:\/\/prahasobe.cz\/praha6sobe\/wp-content\/uploads\/sites\/5\/2025\/01\/4-1024x576.png\" alt=\"\" class=\"wp-image-1205\" srcset=\"https:\/\/prahasobe.cz\/praha6sobe\/wp-content\/uploads\/sites\/5\/2025\/01\/4-1024x576.png 1024w, https:\/\/prahasobe.cz\/praha6sobe\/wp-content\/uploads\/sites\/5\/2025\/01\/4-300x169.png 300w, https:\/\/prahasobe.cz\/praha6sobe\/wp-content\/uploads\/sites\/5\/2025\/01\/4-768x432.png 768w, https:\/\/prahasobe.cz\/praha6sobe\/wp-content\/uploads\/sites\/5\/2025\/01\/4-1536x864.png 1536w, https:\/\/prahasobe.cz\/praha6sobe\/wp-content\/uploads\/sites\/5\/2025\/01\/4.png 1920w\" sizes=\"auto, (max-width: 1024px) 100vw, 1024px\" \/><\/figure>\n\n\n\n<figure class=\"wp-block-image size-large\"><img loading=\"lazy\" decoding=\"async\" width=\"1024\" height=\"576\" data-id=\"1209\" src=\"https:\/\/prahasobe.cz\/praha6sobe\/wp-content\/uploads\/sites\/5\/2025\/01\/5-1024x576.png\" alt=\"\" class=\"wp-image-1209\" srcset=\"https:\/\/prahasobe.cz\/praha6sobe\/wp-content\/uploads\/sites\/5\/2025\/01\/5-1024x576.png 1024w, https:\/\/prahasobe.cz\/praha6sobe\/wp-content\/uploads\/sites\/5\/2025\/01\/5-300x169.png 300w, https:\/\/prahasobe.cz\/praha6sobe\/wp-content\/uploads\/sites\/5\/2025\/01\/5-768x432.png 768w, https:\/\/prahasobe.cz\/praha6sobe\/wp-content\/uploads\/sites\/5\/2025\/01\/5-1536x864.png 1536w, https:\/\/prahasobe.cz\/praha6sobe\/wp-content\/uploads\/sites\/5\/2025\/01\/5.png 1920w\" sizes=\"auto, (max-width: 1024px) 100vw, 1024px\" \/><\/figure>\n\n\n\n<figure class=\"wp-block-image size-large\"><img loading=\"lazy\" decoding=\"async\" width=\"1920\" height=\"1080\" data-id=\"1208\" src=\"https:\/\/prahasobe.cz\/praha6sobe\/wp-content\/uploads\/sites\/5\/2025\/01\/6-1024x576.png\" alt=\"\" class=\"wp-image-1208\" srcset=\"https:\/\/prahasobe.cz\/praha6sobe\/wp-content\/uploads\/sites\/5\/2025\/01\/6-1024x576.png 1024w, https:\/\/prahasobe.cz\/praha6sobe\/wp-content\/uploads\/sites\/5\/2025\/01\/6-300x169.png 300w, https:\/\/prahasobe.cz\/praha6sobe\/wp-content\/uploads\/sites\/5\/2025\/01\/6-768x432.png 768w, https:\/\/prahasobe.cz\/praha6sobe\/wp-content\/uploads\/sites\/5\/2025\/01\/6-1536x864.png 1536w, https:\/\/prahasobe.cz\/praha6sobe\/wp-content\/uploads\/sites\/5\/2025\/01\/6.png 1920w\" sizes=\"auto, (max-width: 1920px) 100vw, 1920px\" \/><\/figure>\n\n\n\n<figure class=\"wp-block-image size-large\"><img loading=\"lazy\" decoding=\"async\" width=\"1024\" height=\"576\" data-id=\"1207\" src=\"https:\/\/prahasobe.cz\/praha6sobe\/wp-content\/uploads\/sites\/5\/2025\/01\/7-1024x576.png\" alt=\"\" class=\"wp-image-1207\" srcset=\"https:\/\/prahasobe.cz\/praha6sobe\/wp-content\/uploads\/sites\/5\/2025\/01\/7-1024x576.png 1024w, https:\/\/prahasobe.cz\/praha6sobe\/wp-content\/uploads\/sites\/5\/2025\/01\/7-300x169.png 300w, https:\/\/prahasobe.cz\/praha6sobe\/wp-content\/uploads\/sites\/5\/2025\/01\/7-768x432.png 768w, https:\/\/prahasobe.cz\/praha6sobe\/wp-content\/uploads\/sites\/5\/2025\/01\/7-1536x864.png 1536w, https:\/\/prahasobe.cz\/praha6sobe\/wp-content\/uploads\/sites\/5\/2025\/01\/7.png 1920w\" sizes=\"auto, (max-width: 1024px) 100vw, 1024px\" \/><\/figure>\n<\/figure>\n","protected":false},"excerpt":{"rendered":"<p>Podpora d\u011bt\u00ed, kter\u00e9 se ocitaj\u00ed v&nbsp;obt\u00ed\u017en\u00fdch situac\u00edch, pat\u0159\u00ed mezi na\u0161e kl\u00ed\u010dov\u00e9 priority. Dlouhodob\u011b usiluje o&nbsp;syst\u00e9mov\u00e9 \u0159e\u0161en\u00ed v\u010dasn\u00e9 identifikace ohro\u017een\u00fdch d\u011bt\u00ed a&nbsp;zaji\u0161t\u011bn\u00ed jejich podpory. D\u00edky iniciativ\u011b na\u0161\u00ed m\u00edstostarostky te\u010f Praha 6 p\u0159ich\u00e1z\u00ed s&nbsp;pr\u016flomov\u00fdm projektem, kter\u00fd propojuje \u0161kolstv\u00ed, soci\u00e1ln\u00ed slu\u017eby a&nbsp;zdravotnictv\u00ed, aby d\u011bti dostaly pot\u0159ebnou pomoc v\u010das. V&nbsp;\u010cesk\u00e9 republice dlouhodob\u011b chyb\u00ed syst\u00e9m, kter\u00fd by dok\u00e1zal zachytit [&hellip;]<\/p>\n","protected":false},"author":9,"featured_media":1212,"comment_status":"open","ping_status":"open","sticky":false,"template":"","format":"standard","meta":{"_acf_changed":false,"inline_featured_image":false,"footnotes":""},"categories":[4],"tags":[],"class_list":["post-1179","post","type-post","status-publish","format-standard","has-post-thumbnail","hentry","category-news"],"acf":[],"aioseo_notices":[],"distributor_meta":false,"distributor_terms":false,"distributor_media":false,"distributor_original_site_name":"Praha6Sob\u011b","distributor_original_site_url":"https:\/\/prahasobe.cz\/praha6sobe","push-errors":false,"_links":{"self":[{"href":"https:\/\/prahasobe.cz\/praha6sobe\/wp-json\/wp\/v2\/posts\/1179","targetHints":{"allow":["GET"]}}],"collection":[{"href":"https:\/\/prahasobe.cz\/praha6sobe\/wp-json\/wp\/v2\/posts"}],"about":[{"href":"https:\/\/prahasobe.cz\/praha6sobe\/wp-json\/wp\/v2\/types\/post"}],"author":[{"embeddable":true,"href":"https:\/\/prahasobe.cz\/praha6sobe\/wp-json\/wp\/v2\/users\/9"}],"replies":[{"embeddable":true,"href":"https:\/\/prahasobe.cz\/praha6sobe\/wp-json\/wp\/v2\/comments?post=1179"}],"version-history":[{"count":8,"href":"https:\/\/prahasobe.cz\/praha6sobe\/wp-json\/wp\/v2\/posts\/1179\/revisions"}],"predecessor-version":[{"id":1221,"href":"https:\/\/prahasobe.cz\/praha6sobe\/wp-json\/wp\/v2\/posts\/1179\/revisions\/1221"}],"wp:featuredmedia":[{"embeddable":true,"href":"https:\/\/prahasobe.cz\/praha6sobe\/wp-json\/wp\/v2\/media\/1212"}],"wp:attachment":[{"href":"https:\/\/prahasobe.cz\/praha6sobe\/wp-json\/wp\/v2\/media?parent=1179"}],"wp:term":[{"taxonomy":"category","embeddable":true,"href":"https:\/\/prahasobe.cz\/praha6sobe\/wp-json\/wp\/v2\/categories?post=1179"},{"taxonomy":"post_tag","embeddable":true,"href":"https:\/\/prahasobe.cz\/praha6sobe\/wp-json\/wp\/v2\/tags?post=1179"}],"curies":[{"name":"wp","href":"https:\/\/api.w.org\/{rel}","templated":true}]}}