{"id":1048,"date":"2023-04-11T15:07:00","date_gmt":"2023-04-11T15:07:00","guid":{"rendered":"https:\/\/prahasobe.cz\/praha6sobe\/?p=1048"},"modified":"2024-01-14T15:10:45","modified_gmt":"2024-01-14T15:10:45","slug":"zaplavat-si-na-plovarne-dzban","status":"publish","type":"post","link":"https:\/\/prahasobe.cz\/praha6sobe\/2023\/04\/11\/zaplavat-si-na-plovarne-dzban\/","title":{"rendered":"Zaplavat si na plov\u00e1rn\u011b D\u017eb\u00e1n? U\u017e brzy!"},"content":{"rendered":"<div class=\"wp-block-image\">\n<figure class=\"aligncenter size-full is-resized\"><img loading=\"lazy\" decoding=\"async\" src=\"https:\/\/prahasobe.cz\/praha6sobe\/wp-content\/uploads\/sites\/5\/2024\/01\/340740165_180758347718044_4776937652096868806_n.jpg\" alt=\"\" class=\"wp-image-1049\" width=\"470\" height=\"394\" srcset=\"https:\/\/prahasobe.cz\/praha6sobe\/wp-content\/uploads\/sites\/5\/2024\/01\/340740165_180758347718044_4776937652096868806_n.jpg 940w, https:\/\/prahasobe.cz\/praha6sobe\/wp-content\/uploads\/sites\/5\/2024\/01\/340740165_180758347718044_4776937652096868806_n-300x251.jpg 300w, https:\/\/prahasobe.cz\/praha6sobe\/wp-content\/uploads\/sites\/5\/2024\/01\/340740165_180758347718044_4776937652096868806_n-768x644.jpg 768w\" sizes=\"auto, (max-width: 470px) 100vw, 470px\" \/><\/figure>\n<\/div>\n\n\n<p>M\u00e1me pro v\u00e1s skv\u011blou zpr\u00e1vu! M\u011bstsk\u00e1 \u010d\u00e1st\u00a0<a href=\"https:\/\/www.facebook.com\/praha6?__tn__=-]K*F\">Praha 6<\/a>\u00a0vypsala ve\u0159ejnou sout\u011b\u017e na provozov\u00e1n\u00ed odpo\u010dinkov\u00e9 plochy u&nbsp;vodn\u00ed n\u00e1dr\u017ee D\u017eb\u00e1n!\u00a0<img loading=\"lazy\" decoding=\"async\" height=\"16\" width=\"16\" src=\"https:\/\/static.xx.fbcdn.net\/images\/emoji.php\/v9\/t72\/1.5\/16\/1f3ca_200d_2642.png\" alt=\"\ud83c\udfca\u200d\u2642\ufe0f\"><\/p>\n\n\n\n<div style=\"height:10px\" aria-hidden=\"true\" class=\"wp-block-spacer\"><\/div>\n\n\n\n<p>Cel\u00e1 akce se sna\u017e\u00ed navr\u00e1tit D\u017eb\u00e1n zp\u00e1tky ve\u0159ejnosti a&nbsp;zp\u0159\u00edstupnit ho jako rekrea\u010dn\u00ed oblast, kde si m\u016f\u017eete u\u017e\u00edt slun\u00ed\u010dka a&nbsp;osv\u011b\u017een\u00ed v&nbsp;p\u0159\u00edjemn\u00e9m prost\u0159ed\u00ed. Na cel\u00e9 t\u00e9to skv\u011bl\u00e9 v\u011bci pracuje od za\u010d\u00e1tku na\u0161eho anga\u017em\u00e1 na radnici n\u00e1\u0161 \u0160t\u011bp\u00e1n Bart\u00e1k a&nbsp;neut\u011b\u0161en\u00e1 situace D\u017eb\u00e1nu byla jedn\u00edm z&nbsp;kl\u00ed\u010dov\u00fdch d\u016fvod\u016f, pro\u010d jsme v&nbsp;minul\u00e9m roce \u0161li do komun\u00e1ln\u00edch voleb.&nbsp;<img loading=\"lazy\" decoding=\"async\" height=\"16\" width=\"16\" alt=\"\ud83d\udcaa\" src=\"https:\/\/static.xx.fbcdn.net\/images\/emoji.php\/v9\/tc5\/1.5\/16\/1f4aa.png\"><\/p>\n\n\n\n<div style=\"height:10px\" aria-hidden=\"true\" class=\"wp-block-spacer\"><\/div>\n\n\n\n<p>Tak nev\u00e1hejte a&nbsp;p\u0159idejte se k&nbsp;n\u00e1m! Z\u00edskejte mo\u017enost podnik\u00e1n\u00ed na atraktivn\u00edm m\u00edst\u011b a&nbsp;p\u0159isp\u011bjte k&nbsp;rozvoji na\u0161\u00ed kr\u00e1sn\u00e9 m\u011bstsk\u00e9 \u010d\u00e1sti. P\u0159ihlaste se do sout\u011b\u017ee a&nbsp;bu\u010fte sou\u010d\u00e1st\u00ed D\u017eb\u00e1n Parku!&nbsp;<img loading=\"lazy\" decoding=\"async\" height=\"16\" width=\"16\" alt=\"\ud83c\udf33\" src=\"https:\/\/static.xx.fbcdn.net\/images\/emoji.php\/v9\/tc4\/1.5\/16\/1f333.png\"><\/p>\n\n\n\n<div style=\"height:10px\" aria-hidden=\"true\" class=\"wp-block-spacer\"><\/div>\n\n\n\n<p>Podrobn\u011bj\u0161\u00ed informace jak se p\u0159ihl\u00e1sit najdete zde&nbsp;<img loading=\"lazy\" decoding=\"async\" height=\"16\" width=\"16\" alt=\"\ud83d\udc47\" src=\"https:\/\/static.xx.fbcdn.net\/images\/emoji.php\/v9\/ta8\/1.5\/16\/1f447.png\"><br><img loading=\"lazy\" decoding=\"async\" height=\"16\" width=\"16\" alt=\"\u2139\ufe0f\" src=\"https:\/\/static.xx.fbcdn.net\/images\/emoji.php\/v9\/t15\/1.5\/16\/2139.png\"><a href=\"https:\/\/praha6.cz\/uredni-deska\/uredni_deska_239091610_64667.html?fbclid=IwAR020CAdPosGHBp0CyC3EkL7y-MQ6ObFR7nqrgEwVVgkuf4oLVChx66xlk8\" rel=\"noreferrer noopener\" target=\"_blank\">https:\/\/praha6.cz\/uredn&#8230;\/uredni_deska_239091610_64667.html<\/a><\/p>\n","protected":false},"excerpt":{"rendered":"<p>M\u00e1me pro v\u00e1s skv\u011blou zpr\u00e1vu! M\u011bstsk\u00e1 \u010d\u00e1st\u00a0Praha 6\u00a0vypsala ve\u0159ejnou sout\u011b\u017e na provozov\u00e1n\u00ed odpo\u010dinkov\u00e9 plochy u&nbsp;vodn\u00ed n\u00e1dr\u017ee D\u017eb\u00e1n!\u00a0 Cel\u00e1 akce se sna\u017e\u00ed navr\u00e1tit D\u017eb\u00e1n zp\u00e1tky ve\u0159ejnosti a&nbsp;zp\u0159\u00edstupnit ho jako rekrea\u010dn\u00ed oblast, kde si m\u016f\u017eete u\u017e\u00edt slun\u00ed\u010dka a&nbsp;osv\u011b\u017een\u00ed v&nbsp;p\u0159\u00edjemn\u00e9m prost\u0159ed\u00ed. Na cel\u00e9 t\u00e9to skv\u011bl\u00e9 v\u011bci pracuje od za\u010d\u00e1tku na\u0161eho anga\u017em\u00e1 na radnici n\u00e1\u0161 \u0160t\u011bp\u00e1n Bart\u00e1k a&nbsp;neut\u011b\u0161en\u00e1 situace [&hellip;]<\/p>\n","protected":false},"author":9,"featured_media":1049,"comment_status":"open","ping_status":"open","sticky":true,"template":"","format":"standard","meta":{"_acf_changed":false,"inline_featured_image":false,"footnotes":""},"categories":[4],"tags":[],"class_list":["post-1048","post","type-post","status-publish","format-standard","has-post-thumbnail","hentry","category-news"],"acf":[],"aioseo_notices":[],"distributor_meta":false,"distributor_terms":false,"distributor_media":false,"distributor_original_site_name":"Praha6Sob\u011b","distributor_original_site_url":"https:\/\/prahasobe.cz\/praha6sobe","push-errors":false,"_links":{"self":[{"href":"https:\/\/prahasobe.cz\/praha6sobe\/wp-json\/wp\/v2\/posts\/1048","targetHints":{"allow":["GET"]}}],"collection":[{"href":"https:\/\/prahasobe.cz\/praha6sobe\/wp-json\/wp\/v2\/posts"}],"about":[{"href":"https:\/\/prahasobe.cz\/praha6sobe\/wp-json\/wp\/v2\/types\/post"}],"author":[{"embeddable":true,"href":"https:\/\/prahasobe.cz\/praha6sobe\/wp-json\/wp\/v2\/users\/9"}],"replies":[{"embeddable":true,"href":"https:\/\/prahasobe.cz\/praha6sobe\/wp-json\/wp\/v2\/comments?post=1048"}],"version-history":[{"count":1,"href":"https:\/\/prahasobe.cz\/praha6sobe\/wp-json\/wp\/v2\/posts\/1048\/revisions"}],"predecessor-version":[{"id":1050,"href":"https:\/\/prahasobe.cz\/praha6sobe\/wp-json\/wp\/v2\/posts\/1048\/revisions\/1050"}],"wp:featuredmedia":[{"embeddable":true,"href":"https:\/\/prahasobe.cz\/praha6sobe\/wp-json\/wp\/v2\/media\/1049"}],"wp:attachment":[{"href":"https:\/\/prahasobe.cz\/praha6sobe\/wp-json\/wp\/v2\/media?parent=1048"}],"wp:term":[{"taxonomy":"category","embeddable":true,"href":"https:\/\/prahasobe.cz\/praha6sobe\/wp-json\/wp\/v2\/categories?post=1048"},{"taxonomy":"post_tag","embeddable":true,"href":"https:\/\/prahasobe.cz\/praha6sobe\/wp-json\/wp\/v2\/tags?post=1048"}],"curies":[{"name":"wp","href":"https:\/\/api.w.org\/{rel}","templated":true}]}}