{"id":1045,"date":"2023-11-16T14:24:00","date_gmt":"2023-11-16T14:24:00","guid":{"rendered":"https:\/\/prahasobe.cz\/praha6sobe\/?p=1045"},"modified":"2024-01-14T15:01:02","modified_gmt":"2024-01-14T15:01:02","slug":"kastan-projde-rekonstrukci","status":"publish","type":"post","link":"https:\/\/prahasobe.cz\/praha6sobe\/2023\/11\/16\/kastan-projde-rekonstrukci\/","title":{"rendered":"KA\u0160TAN PROJDE REKONSTRUKC\u00cd! \ud83c\udf30\ud83c\udfda\ufe0f"},"content":{"rendered":"<div class=\"wp-block-image\">\n<figure class=\"aligncenter size-full is-resized\"><img loading=\"lazy\" decoding=\"async\" src=\"http:\/\/prahasobe.cz\/praha6sobe\/wp-content\/uploads\/sites\/5\/2024\/01\/401831001_341725645113539_6634659555644963756_n.jpg\" alt=\"KA\u0160TAN PROJDE REKONSTRUKC\u00cd!\" class=\"wp-image-1046\" width=\"470\" height=\"394\" srcset=\"https:\/\/prahasobe.cz\/praha6sobe\/wp-content\/uploads\/sites\/5\/2024\/01\/401831001_341725645113539_6634659555644963756_n.jpg 940w, https:\/\/prahasobe.cz\/praha6sobe\/wp-content\/uploads\/sites\/5\/2024\/01\/401831001_341725645113539_6634659555644963756_n-300x251.jpg 300w, https:\/\/prahasobe.cz\/praha6sobe\/wp-content\/uploads\/sites\/5\/2024\/01\/401831001_341725645113539_6634659555644963756_n-768x644.jpg 768w\" sizes=\"auto, (max-width: 470px) 100vw, 470px\" \/><\/figure>\n<\/div>\n\n\n<p><img loading=\"lazy\" decoding=\"async\" height=\"16\" width=\"16\" src=\"https:\/\/static.xx.fbcdn.net\/images\/emoji.php\/v9\/t37\/1.5\/16\/1f3d7.png\" alt=\"\ud83c\udfd7\ufe0f\">\u00a0Rekonstrukce a&nbsp;dostavba Ka\u0161tanu prob\u011bhne na z\u00e1klad\u011b architektonick\u00e9 sout\u011b\u017ee! V&nbsp;tomto volebn\u00edm obdob\u00ed nov\u011b ustaven\u00e1 Komise-pracovn\u00ed skupina pro pam\u00e1tkovou p\u00e9\u010di Prahy 6, jej\u00edm\u017e prvn\u00edm p\u0159edsedou se stal n\u00e1\u0161 zastupitel\u00a0<a href=\"https:\/\/www.facebook.com\/lukas.pokorny.5832?__tn__=-]K*F\">Luk\u00e1\u0161 Pokorn\u00fd<\/a>, pr\u016fb\u011b\u017en\u011b projedn\u00e1vala postup pl\u00e1novan\u00e9 rekonstrukce a&nbsp;dostavby pam\u00e1tkov\u011b chr\u00e1n\u011bn\u00e9 barokn\u011b-klasicistn\u00ed budovy kulturn\u00edho centra Ka\u0161tan. Z\u00e1m\u011brem bylo prov\u00e9st rekonstrukci bez nutnosti sejmut\u00ed pam\u00e1tkov\u00e9 ochrany, pota\u017emo vyhl\u00e1sit architektonickou sout\u011b\u017e.\u00a0<img loading=\"lazy\" decoding=\"async\" height=\"16\" width=\"16\" src=\"https:\/\/static.xx.fbcdn.net\/images\/emoji.php\/v9\/tf1\/1.5\/16\/1f4d0.png\" alt=\"\ud83d\udcd0\"><\/p>\n\n\n\n<div style=\"height:10px\" aria-hidden=\"true\" class=\"wp-block-spacer\"><\/div>\n\n\n\n<p>Po zv\u00e1\u017een\u00ed n\u011bkolika mo\u017enost\u00ed pracovn\u00ed skupina navrhla postupovat ve dvou etap\u00e1ch:<br><img loading=\"lazy\" decoding=\"async\" height=\"16\" width=\"16\" alt=\"1\ufe0f\u20e3\" src=\"https:\/\/static.xx.fbcdn.net\/images\/emoji.php\/v9\/t93\/1.5\/16\/31_20e3.png\">&nbsp;I. etapa &#8211; rekonstrukce historick\u00e9 budovy KC Ka\u0161tan ve st\u00e1vaj\u00edc\u00edm objemu (v&nbsp;souladu se st\u00e1vaj\u00edc\u00edm \u00fazemn\u00edm pl\u00e1nem)<br><img loading=\"lazy\" decoding=\"async\" height=\"16\" width=\"16\" alt=\"2\ufe0f\u20e3\" src=\"https:\/\/static.xx.fbcdn.net\/images\/emoji.php\/v9\/tb2\/1.5\/16\/32_20e3.png\">&nbsp;II. etapa &#8211; prov\u011b\u0159en\u00ed mo\u017enosti p\u0159\u00edstavby severn\u00edho k\u0159\u00eddla se spole\u010densk\u00fdm s\u00e1lem, z\u00e1zem\u00edm a&nbsp;zku\u0161ebnami (po&nbsp;proveden\u00ed zm\u011bny \u00fazemn\u00edho pl\u00e1nu, kdy \u017e\u00e1dost byla pod\u00e1na ji\u017e v&nbsp;minul\u00e9m volebn\u00edm obdob\u00ed).<\/p>\n\n\n\n<div style=\"height:10px\" aria-hidden=\"true\" class=\"wp-block-spacer\"><\/div>\n\n\n\n<p><img loading=\"lazy\" decoding=\"async\" height=\"16\" width=\"16\" src=\"https:\/\/static.xx.fbcdn.net\/images\/emoji.php\/v9\/tbd\/1.5\/16\/1f91d.png\" alt=\"\ud83e\udd1d\">\u00a0Gr\u00e9mium starosty Prahy 6 doporu\u010dilo prov\u011b\u0159it projekt architektonickou studi\u00ed a&nbsp;rozhodlo o&nbsp;vyhl\u00e1\u0161en\u00ed \u201eetapizovan\u00e9\u201c architektonick\u00e9 sout\u011b\u017ee o&nbsp;n\u00e1vrh.\u00a0<img loading=\"lazy\" decoding=\"async\" height=\"16\" width=\"16\" src=\"https:\/\/static.xx.fbcdn.net\/images\/emoji.php\/v9\/t7b\/1.5\/16\/2728.png\" alt=\"\u2728\">\u00a0V p\u0159\u00edpad\u011b \u00fasp\u011b\u0161n\u00e9 zm\u011bny \u00fazemn\u00edho pl\u00e1nu se tak m\u016f\u017eeme t\u011b\u0161it nejen na opraven\u00fd historick\u00fd objekt Ka\u0161tanu, ale tak\u00e9 na jeho atraktivn\u00ed p\u0159\u00edstavbu, kter\u00e1 nepochybn\u011b obohat\u00ed architektonickou i&nbsp;kulturn\u00ed mapu Prahy 6.<\/p>\n","protected":false},"excerpt":{"rendered":"<p>\u00a0Rekonstrukce a&nbsp;dostavba Ka\u0161tanu prob\u011bhne na z\u00e1klad\u011b architektonick\u00e9 sout\u011b\u017ee! V&nbsp;tomto volebn\u00edm obdob\u00ed nov\u011b ustaven\u00e1 Komise-pracovn\u00ed skupina pro pam\u00e1tkovou p\u00e9\u010di Prahy 6, jej\u00edm\u017e prvn\u00edm p\u0159edsedou se stal n\u00e1\u0161 zastupitel\u00a0Luk\u00e1\u0161 Pokorn\u00fd, pr\u016fb\u011b\u017en\u011b projedn\u00e1vala postup pl\u00e1novan\u00e9 rekonstrukce a&nbsp;dostavby pam\u00e1tkov\u011b chr\u00e1n\u011bn\u00e9 barokn\u011b-klasicistn\u00ed budovy kulturn\u00edho centra Ka\u0161tan. Z\u00e1m\u011brem bylo prov\u00e9st rekonstrukci bez nutnosti sejmut\u00ed pam\u00e1tkov\u00e9 ochrany, pota\u017emo vyhl\u00e1sit architektonickou sout\u011b\u017e.\u00a0 Po&nbsp;[&hellip;]<\/p>\n","protected":false},"author":9,"featured_media":1046,"comment_status":"open","ping_status":"open","sticky":false,"template":"","format":"standard","meta":{"_acf_changed":false,"inline_featured_image":false,"footnotes":""},"categories":[4],"tags":[],"class_list":["post-1045","post","type-post","status-publish","format-standard","has-post-thumbnail","hentry","category-news"],"acf":[],"aioseo_notices":[],"distributor_meta":false,"distributor_terms":false,"distributor_media":false,"distributor_original_site_name":"Praha6Sob\u011b","distributor_original_site_url":"https:\/\/prahasobe.cz\/praha6sobe","push-errors":false,"_links":{"self":[{"href":"https:\/\/prahasobe.cz\/praha6sobe\/wp-json\/wp\/v2\/posts\/1045","targetHints":{"allow":["GET"]}}],"collection":[{"href":"https:\/\/prahasobe.cz\/praha6sobe\/wp-json\/wp\/v2\/posts"}],"about":[{"href":"https:\/\/prahasobe.cz\/praha6sobe\/wp-json\/wp\/v2\/types\/post"}],"author":[{"embeddable":true,"href":"https:\/\/prahasobe.cz\/praha6sobe\/wp-json\/wp\/v2\/users\/9"}],"replies":[{"embeddable":true,"href":"https:\/\/prahasobe.cz\/praha6sobe\/wp-json\/wp\/v2\/comments?post=1045"}],"version-history":[{"count":1,"href":"https:\/\/prahasobe.cz\/praha6sobe\/wp-json\/wp\/v2\/posts\/1045\/revisions"}],"predecessor-version":[{"id":1047,"href":"https:\/\/prahasobe.cz\/praha6sobe\/wp-json\/wp\/v2\/posts\/1045\/revisions\/1047"}],"wp:featuredmedia":[{"embeddable":true,"href":"https:\/\/prahasobe.cz\/praha6sobe\/wp-json\/wp\/v2\/media\/1046"}],"wp:attachment":[{"href":"https:\/\/prahasobe.cz\/praha6sobe\/wp-json\/wp\/v2\/media?parent=1045"}],"wp:term":[{"taxonomy":"category","embeddable":true,"href":"https:\/\/prahasobe.cz\/praha6sobe\/wp-json\/wp\/v2\/categories?post=1045"},{"taxonomy":"post_tag","embeddable":true,"href":"https:\/\/prahasobe.cz\/praha6sobe\/wp-json\/wp\/v2\/tags?post=1045"}],"curies":[{"name":"wp","href":"https:\/\/api.w.org\/{rel}","templated":true}]}}