{"id":792,"date":"2025-12-18T13:42:18","date_gmt":"2025-12-18T12:42:18","guid":{"rendered":"https:\/\/prahasobe.cz\/praha12sobe\/?p=792"},"modified":"2026-02-28T13:23:20","modified_gmt":"2026-02-28T12:23:20","slug":"792","status":"publish","type":"post","link":"https:\/\/prahasobe.cz\/praha12sobe\/2025\/12\/18\/792\/","title":{"rendered":"Nesouhlas\u00edme s&nbsp;projektem benzinky m\u00edsto zelen\u011b a&nbsp;protihlukov\u00e9ho valu"},"content":{"rendered":"\n<p><\/p>\n\n\n\n<p><strong>Mezi ulicemi Mladenovova, Vito\u0161sk\u00e1 a&nbsp;Gener\u00e1la \u0160i\u0161ky je protihlukov\u00fd val se&nbsp;zelen\u00ed, kter\u00fd clon\u00ed m\u00edstn\u00edm obyvatel\u016fm ji\u017e dost vyt\u00ed\u017eenou hlavn\u00ed silnic\u00ed. Nyn\u00ed vznik\u00e1 projekt firmy Damila leasing, kter\u00e1 chce val odt\u011b\u017eit a&nbsp;postavit m\u00edsto n\u011bj \u010derpac\u00ed stanici s&nbsp;my\u010dkou a&nbsp;kioskem. <\/strong><\/p>\n\n\n\n<div style=\"height:27px\" aria-hidden=\"true\" class=\"wp-block-spacer\"><\/div>\n\n\n\n<p>Na tomto mal\u00e9m prostoru v\u00fdstavbou v\u00fdrazn\u011b vzroste nejenom doprava kv\u016fli aut\u016fm zaj\u00ed\u017ed\u011bj\u00edc\u00edm p\u0159es Vito\u0161skou a&nbsp;Mladenovovu, ale&nbsp;tak\u00e9 sv\u011bteln\u00e9 zat\u00ed\u017een\u00ed, proto\u017ee benzinka bude neust\u00e1le osv\u011btlena. Tak\u00e9 vzroste hlukov\u00e1 z\u00e1t\u011b\u017e kv\u016fli odstran\u011bn\u00ed valu a&nbsp;hluku z&nbsp;dopravy a&nbsp;z&nbsp;my\u010dky. A&nbsp;v&nbsp;neposledn\u00ed \u0159ad\u011b bude kiosek otev\u0159en\u00fd 24\/7 a&nbsp;jeho n\u00e1v\u0161t\u011bvnost m\u00edstn\u00edm znep\u0159\u00edjemn\u00ed klid bydlen\u00ed.<\/p>\n\n\n\n<p>V \u010dervnu Rada m\u011bstsk\u00e9 \u010d\u00e1sti Prahy 12 (ODS + TOP09 + ANO) schv\u00e1lila smlouvu s&nbsp;Damila leasing o&nbsp;nahrazen\u00ed parkov\u00e1n\u00ed. Jednotky parkovac\u00edch m\u00edst v\u00fdm\u011bnou za nep\u0159\u00edm\u00fd, ale&nbsp;d\u016fle\u017eit\u00fd souhlas s&nbsp;v\u00fdstavbou n\u011b\u010deho, co v\u0161em okolo zhor\u0161\u00ed pohodu bydlen\u00ed a&nbsp;sn\u00ed\u017e\u00ed hodnotu nemovitost\u00ed. Soused\u00e9 n\u00e1sledn\u011b podali nesouhlasnou petici s&nbsp;projektem na radnici Prahy 12, petice byla rovn\u011b\u017e odesl\u00e1na na stavebn\u00ed odbor a&nbsp;odbor \u00fazemn\u00edho rozvoje Hlavn\u00edho m\u011bsta Prahy a&nbsp;IPR.<\/p>\n\n\n\n<p>Rada m\u011bstsk\u00e9 \u010d\u00e1sti Praha 12 petici dne 18.&nbsp;12.&nbsp;2025 projednala se&nbsp;stanoviskem, \u017ee o&nbsp;stavb\u011b \u010derpac\u00ed stanice rozhodne stavebn\u00ed \u00fa\u0159ad a&nbsp;ani slovem se&nbsp;nezm\u00ednila, \u017ee m\u00edstn\u00ed obyvatele podpo\u0159\u00ed a&nbsp;proti projektu se&nbsp;v&nbsp;budoucnu odvol\u00e1 jako \u00fa\u010dastn\u00edk stavebn\u00edho \u0159\u00edzen\u00ed. Damila leasing, kterou vlastn\u00ed p.&nbsp;Pinc, b\u00fdval\u00fd m\u00edstostarosta za ANO, je zn\u00e1m\u00fd sv\u00fdmi spekulativn\u00edmi n\u00e1kupy pozemk\u016f a&nbsp;v&nbsp;tomto p\u0159\u00edpad\u011b tomu nen\u00ed jinak. <\/p>\n\n\n\n<p><strong>Pro\u010d mu radnice vych\u00e1z\u00ed vst\u0159\u00edc? Nebo koalice jen up\u0159ednost\u0148uje soukrom\u00e9 z\u00e1jmy p\u0159ed ochranou vlastn\u00edch ob\u010dan\u016f?&nbsp;<\/strong><\/p>\n\n\n\n<div style=\"height:17px\" aria-hidden=\"true\" class=\"wp-block-spacer\"><\/div>\n\n\n\n<p>Petice byla projedn\u00e1na na Zastupitelstvu m\u011bstsk\u00e9 \u010d\u00e1sti dne 11.&nbsp;2.&nbsp;2026. D\u00edky hojn\u00e9 \u00fa\u010dasti m\u00edstn\u00edch obyvatel se&nbsp;po&nbsp;\u010dty\u0159ech hodin\u00e1ch diskuze se&nbsp;starostou a&nbsp;koalic\u00ed povedlo schv\u00e1lit usnesen\u00ed, kdy vznikne pracovn\u00ed skupina k&nbsp;projektu, veden\u00ed se&nbsp;pokus\u00ed pozemek odkoupit a&nbsp;v&nbsp;p\u0159\u00edpad\u011b ne\u00fasp\u011bchu vyu\u017eije v\u0161echny opravn\u00e9 prost\u0159edky ve&nbsp;stavebn\u00edm \u0159\u00edzen\u00ed.<\/p>\n\n\n\n<p>D\u011bkujeme za podporu petice i&nbsp;aktivn\u00ed \u00fa\u010dast. <\/p>\n\n\n\n<p><\/p>\n\n\n\n<div style=\"height:15px\" aria-hidden=\"true\" class=\"wp-block-spacer\"><\/div>\n\n\n\n<p><strong>Nesouhlas\u00edte s&nbsp;projektem? Petice je ke sta\u017een\u00ed n\u00ed\u017ee a&nbsp;m\u016f\u017eete ji podepsat i&nbsp;online zde <a href=\"https:\/\/portal.gov.cz\/e-petice\/1549-petice-proti-planovanemu-projektu-vystavby-cerpaci-stanice-na-pozemku-p-c-4400635-v-ku-modrany\">https:\/\/portal.gov.cz\/e-petice\/1549-petice-proti-planovanemu-projektu-vystavby-cerpaci-stanice-na-pozemku-p-c-4400635-v-ku-modrany<\/a><\/strong><\/p>\n\n\n\n<p>Kontakt pro&nbsp;p\u0159ed\u00e1n\u00ed petice a&nbsp;na dotazy: <a href=\"mailto:verona.ballay@gmail.com\">verona.ballay@gmail.com<\/a>, 605&nbsp;042&nbsp;875.<\/p>\n\n\n\n<div style=\"height:16px\" aria-hidden=\"true\" class=\"wp-block-spacer\"><\/div>\n\n\n\n<p>D\u011bkujeme! <\/p>\n\n\n\n<p>Verona Ballay<\/p>\n\n\n\n<p>zastupitelka Praha 12 sob\u011b<\/p>\n\n\n\n<div style=\"height:52px\" aria-hidden=\"true\" class=\"wp-block-spacer\"><\/div>\n\n\n\n<div data-wp-interactive=\"core\/file\" class=\"wp-block-file\"><object data-wp-bind--hidden=\"!state.hasPdfPreview\" hidden class=\"wp-block-file__embed\" data=\"https:\/\/prahasobe.cz\/praha12sobe\/wp-content\/uploads\/sites\/7\/2025\/12\/Petice-proti-planovanemu-projektu-vystavby-cerpaci-stanice-na-pozemku-4400-635.pdf\" type=\"application\/pdf\" style=\"width:100%;height:600px\" aria-label=\"Vlo\u017eit z Vlo\u017eit z Petice-proti-planovanemu-projektu-vystavby-cerpaci-stanice-na-pozemku-4400-635..\"><\/object><a id=\"wp-block-file--media-328e1711-be51-4663-ba77-799ca130eeb6\" href=\"https:\/\/prahasobe.cz\/praha12sobe\/wp-content\/uploads\/sites\/7\/2025\/12\/Petice-proti-planovanemu-projektu-vystavby-cerpaci-stanice-na-pozemku-4400-635.pdf\">Petice-proti-planovanemu-projektu-vystavby-cerpaci-stanice-na-pozemku-4400-635<\/a><a href=\"https:\/\/prahasobe.cz\/praha12sobe\/wp-content\/uploads\/sites\/7\/2025\/12\/Petice-proti-planovanemu-projektu-vystavby-cerpaci-stanice-na-pozemku-4400-635.pdf\" class=\"wp-block-file__button\" download aria-describedby=\"wp-block-file--media-328e1711-be51-4663-ba77-799ca130eeb6\">St\u00e1hnout<\/a><\/div>\n\n\n\n<figure class=\"wp-block-image size-full is-resized\"><img loading=\"lazy\" decoding=\"async\" src=\"https:\/\/prahasobe.cz\/praha12sobe\/wp-content\/uploads\/sites\/7\/2025\/12\/Image.jpg\" alt=\"\" class=\"wp-image-798\" width=\"838\" height=\"469\" \/><figcaption>ilustra\u010dn\u00ed n\u00e1vrh projektu, viz. www.praha12.cz<\/figcaption><\/figure>\n\n\n\n<figure class=\"wp-block-image size-full\"><img loading=\"lazy\" decoding=\"async\" width=\"493\" height=\"706\" src=\"https:\/\/prahasobe.cz\/praha12sobe\/wp-content\/uploads\/sites\/7\/2025\/12\/Snimek-obrazovky-2025-12-18-135954.png\" alt=\"\" class=\"wp-image-799\" srcset=\"https:\/\/prahasobe.cz\/praha12sobe\/wp-content\/uploads\/sites\/7\/2025\/12\/Snimek-obrazovky-2025-12-18-135954.png 493w, https:\/\/prahasobe.cz\/praha12sobe\/wp-content\/uploads\/sites\/7\/2025\/12\/Snimek-obrazovky-2025-12-18-135954-209x300.png 209w\" sizes=\"auto, (max-width: 493px) 100vw, 493px\" \/><\/figure>\n\n\n\n<p><\/p>\n\n\n\n<p><\/p>\n","protected":false},"excerpt":{"rendered":"<p>Mezi ulicemi Mladenovova, Vito\u0161sk\u00e1 a&nbsp;Gener\u00e1la \u0160i\u0161ky je protihlukov\u00fd val se&nbsp;zelen\u00ed, kter\u00fd clon\u00ed m\u00edstn\u00edm obyvatel\u016fm ji\u017e dost vyt\u00ed\u017eenou hlavn\u00ed silnic\u00ed. Nyn\u00ed vznik\u00e1 projekt firmy Damila leasing, kter\u00e1 chce val odt\u011b\u017eit a&nbsp;postavit m\u00edsto n\u011bj \u010derpac\u00ed stanici s&nbsp;my\u010dkou a&nbsp;kioskem. Na tomto mal\u00e9m prostoru v\u00fdstavbou v\u00fdrazn\u011b vzroste nejenom doprava kv\u016fli aut\u016fm zaj\u00ed\u017ed\u011bj\u00edc\u00edm p\u0159es Vito\u0161skou a&nbsp;Mladenovovu, ale&nbsp;tak\u00e9 sv\u011bteln\u00e9 zat\u00ed\u017een\u00ed, proto\u017ee [&hellip;]<\/p>\n","protected":false},"author":11,"featured_media":791,"comment_status":"closed","ping_status":"open","sticky":false,"template":"","format":"standard","meta":{"_acf_changed":false,"inline_featured_image":false,"footnotes":""},"categories":[2],"tags":[],"class_list":["post-792","post","type-post","status-publish","format-standard","has-post-thumbnail","hentry","category-news"],"acf":[],"aioseo_notices":[],"distributor_meta":false,"distributor_terms":false,"distributor_media":false,"distributor_original_site_name":"PRAHA 12 SOB\u011a","distributor_original_site_url":"https:\/\/prahasobe.cz\/praha12sobe","push-errors":false,"_links":{"self":[{"href":"https:\/\/prahasobe.cz\/praha12sobe\/wp-json\/wp\/v2\/posts\/792","targetHints":{"allow":["GET"]}}],"collection":[{"href":"https:\/\/prahasobe.cz\/praha12sobe\/wp-json\/wp\/v2\/posts"}],"about":[{"href":"https:\/\/prahasobe.cz\/praha12sobe\/wp-json\/wp\/v2\/types\/post"}],"author":[{"embeddable":true,"href":"https:\/\/prahasobe.cz\/praha12sobe\/wp-json\/wp\/v2\/users\/11"}],"replies":[{"embeddable":true,"href":"https:\/\/prahasobe.cz\/praha12sobe\/wp-json\/wp\/v2\/comments?post=792"}],"version-history":[{"count":24,"href":"https:\/\/prahasobe.cz\/praha12sobe\/wp-json\/wp\/v2\/posts\/792\/revisions"}],"predecessor-version":[{"id":832,"href":"https:\/\/prahasobe.cz\/praha12sobe\/wp-json\/wp\/v2\/posts\/792\/revisions\/832"}],"wp:featuredmedia":[{"embeddable":true,"href":"https:\/\/prahasobe.cz\/praha12sobe\/wp-json\/wp\/v2\/media\/791"}],"wp:attachment":[{"href":"https:\/\/prahasobe.cz\/praha12sobe\/wp-json\/wp\/v2\/media?parent=792"}],"wp:term":[{"taxonomy":"category","embeddable":true,"href":"https:\/\/prahasobe.cz\/praha12sobe\/wp-json\/wp\/v2\/categories?post=792"},{"taxonomy":"post_tag","embeddable":true,"href":"https:\/\/prahasobe.cz\/praha12sobe\/wp-json\/wp\/v2\/tags?post=792"}],"curies":[{"name":"wp","href":"https:\/\/api.w.org\/{rel}","templated":true}]}}