{"id":709,"date":"2023-05-22T21:09:19","date_gmt":"2023-05-22T21:09:19","guid":{"rendered":"https:\/\/prahasobe.cz\/praha12sobe\/?p=709"},"modified":"2023-05-22T21:12:49","modified_gmt":"2023-05-22T21:12:49","slug":"nebudme-lhostejni-ke-svemu-okoli","status":"publish","type":"post","link":"https:\/\/prahasobe.cz\/praha12sobe\/2023\/05\/22\/nebudme-lhostejni-ke-svemu-okoli\/","title":{"rendered":"Nebu\u010fme lhostejn\u00ed ke sv\u00e9mu okol\u00ed"},"content":{"rendered":"<div class=\"wp-block-image\">\n<figure class=\"alignright size-large\"><img loading=\"lazy\" decoding=\"async\" width=\"267\" height=\"1024\" src=\"http:\/\/prahasobe.cz\/praha12sobe\/wp-content\/uploads\/sites\/7\/2023\/05\/sloupek_nebudme_lhostejni-267x1024.png\" alt=\"Sloupek v Novin\u00e1ch Prahy 12\" class=\"wp-image-712\" srcset=\"https:\/\/prahasobe.cz\/praha12sobe\/wp-content\/uploads\/sites\/7\/2023\/05\/sloupek_nebudme_lhostejni-267x1024.png 267w, https:\/\/prahasobe.cz\/praha12sobe\/wp-content\/uploads\/sites\/7\/2023\/05\/sloupek_nebudme_lhostejni-78x300.png 78w, https:\/\/prahasobe.cz\/praha12sobe\/wp-content\/uploads\/sites\/7\/2023\/05\/sloupek_nebudme_lhostejni.png 307w\" sizes=\"auto, (max-width: 267px) 100vw, 267px\" \/><\/figure>\n<\/div>\n\n\n<p>Prvn\u00edho dubna prob\u011bhla akce Ukli\u010fme \u010cesko, do&nbsp;kter\u00e9 se&nbsp;zapojili mnoz\u00ed ob\u010dan\u00e9 skrze aktivity m\u00edstn\u00edch spolk\u016f \u010di&nbsp;nez\u00e1visle. Pracovn\u00ed rukavice jsme si nasadili mezi jin\u00fdmi i&nbsp;v&nbsp;PRAHA 12 SOB\u011a. Radost m\u00e1m nejen z&nbsp;ka\u017ed\u00e9ho pytle uklizen\u00fdch odpadk\u016f, ale&nbsp;nemen\u0161\u00ed i&nbsp;z&nbsp;ka\u017ed\u00e9ho, kdo p\u0159ilo\u017e\u00ed ruku k&nbsp;d\u00edlu. Kdo to jednou zkus\u00ed, t\u011b\u017eko n\u011bkdy odhod\u00ed PETku nebo n\u011bco hor\u0161\u00edho.<\/p>\n\n\n\n<p>&nbsp;<\/p>\n\n\n\n<p>Na Praze 12 m\u00e1me nyn\u00ed novou p\u0159\u00edle\u017eitost p\u0159isp\u011bt k&nbsp;tomu, aby m\u00e9n\u011b PETek kon\u010dilo pohozen\u00fdch. Prodejna Lidl v&nbsp;Lhoteck\u00e9 ulici se&nbsp;jako jedna z&nbsp;\u0161esti prodejen v&nbsp;\u010cesku \u00fa\u010dastn\u00ed pilotn\u00edho projekt\u016f pro&nbsp;zam\u00fd\u0161len\u00e9 zaveden\u00ed z\u00e1lohov\u00e1n\u00ed i&nbsp;PET a&nbsp;plechovek od n\u00e1poj\u016f. V\u00fdhodou oproti \u017elut\u00e9mu kontejneru by m\u011blo b\u00fdt to, \u017ee automat PET lahve pozn\u00e1 a&nbsp;se\u0161rotovan\u00fd cenn\u011bj\u0161\u00ed materi\u00e1l je rovnou vyt\u0159\u00edd\u011bn\u00fd a&nbsp;m\u016f\u017ee b\u00fdt znovu pou\u017eit\u00fd k&nbsp;v\u00fdrob\u011b. Lahve i&nbsp;plechovky mus\u00ed b\u00fdt nese\u0161l\u00e1pnut\u00e9 a&nbsp;v&nbsp;r\u00e1mci pilotn\u00edho provozu za n\u011b z\u00edsk\u00e1te jen slevu na n\u00e1kup ur\u010dit\u00e9ho zbo\u017e\u00ed.<\/p>\n\n\n\n<p>&nbsp;<\/p>\n\n\n\n<p>P\u00e9\u010de o&nbsp;na\u0161e okol\u00ed nekon\u010d\u00ed u&nbsp;odpadk\u016f. Neoceniteln\u00e9 je i&nbsp;upozorn\u011bn\u00ed na probl\u00e9m ve&nbsp;ve\u0159ejn\u00e9m prostoru. Radnici d\u00e1te v\u011bd\u011bt aplikac\u00ed \u201e<a href=\"https:\/\/www.praha12.cz\/znate-mobilni-aplikaci-praha-12-v-mobilu\/d-93646\">Praha 12 v&nbsp;mobilu<\/a>\u201c. Tou lze velmi snadno vyfocen\u00edm a&nbsp;stru\u010dn\u00fdm popisem nahl\u00e1sit vyvr\u00e1cenou dopravn\u00ed zna\u010dku, rozbitou dla\u017ebu, nefunk\u010dn\u00ed ve\u0159ejn\u00e9 osv\u011btlen\u00ed (nejl\u00e9pe i&nbsp;s&nbsp;\u010d\u00edslem lampy), z\u00e1vadu na d\u011btsk\u00e9m h\u0159i\u0161ti apod. Podn\u011bt v&nbsp;r\u00e1mci \u00fa\u0159adu doputuje na spr\u00e1vn\u00e9 m\u00edsto a&nbsp;v&nbsp;aplikaci se&nbsp;do\u010dtete o&nbsp;postupu \u0159e\u0161en\u00ed.<\/p>\n\n\n\n<p>&nbsp;<\/p>\n\n\n\n<p>Po zku\u0161enosti s&nbsp;nahl\u00e1\u0161en\u00fdmi z\u00e1vadami se&nbsp;zasad\u00edm o&nbsp;dolad\u011bn\u00ed postupu i&nbsp;v&nbsp;situac\u00edch, kdy \u00fa\u0159edn\u00edk nyn\u00ed po\u017eadavek uzav\u0159e jako \u201eodstran\u011bnou z\u00e1vadu\u201c i&nbsp;tehdy, kdy teprve podn\u011bt p\u0159ed\u00e1v\u00e1 d\u00e1l (nap\u0159.&nbsp;zad\u00e1v\u00e1 k&nbsp;\u0159e\u0161en\u00ed TSK) a&nbsp;ne a\u017e po&nbsp;jeho skute\u010dn\u00e9m vy\u0159e\u0161en\u00ed. P\u0159i&nbsp;cest\u00e1ch po&nbsp;cel\u00e9 Praze m\u016f\u017eete stejn\u011b pomoci aplikac\u00ed <a href=\"https:\/\/zmente.to\/\">Zm\u011b\u0148te.to<\/a> hlavn\u00edho m\u011bsta Prahy.<\/p>\n\n\n\n<p>&nbsp;<\/p>\n\n\n\n<p>O m\u00edsto, kde se&nbsp;pohybujeme a&nbsp;\u017eijeme, dbejme i&nbsp;t\u00edm, \u017ee nenech\u00e1me vyasfaltovat dal\u0161\u00ed kusy zelen\u011b \u2013 o&nbsp;tom p\u0159\u00ed\u0161t\u011b.<\/p>\n\n\n\n<p>&nbsp;<\/p>\n\n\n\n<p>Ing. Ladislav Pelcl<\/p>\n\n\n\n<p><em>(sloupek zastupitele do\u00a0Novin Prahy 12 \u2013 kv\u011bten 2023, dostupn\u00e9 i\u00a0<a href=\"https:\/\/www.praha12.cz\/assets\/File.ashx?id_org=80112&amp;id_dokumenty=97153\">online v\u00a0PDF<\/a>)<\/em><\/p>\n","protected":false},"excerpt":{"rendered":"<p>Prvn\u00edho dubna prob\u011bhla akce Ukli\u010fme \u010cesko, do&nbsp;kter\u00e9 se&nbsp;zapojili mnoz\u00ed ob\u010dan\u00e9 skrze aktivity m\u00edstn\u00edch spolk\u016f \u010di&nbsp;nez\u00e1visle. Pracovn\u00ed rukavice jsme si nasadili mezi jin\u00fdmi i&nbsp;v&nbsp;PRAHA 12 SOB\u011a. Radost m\u00e1m nejen z&nbsp;ka\u017ed\u00e9ho pytle uklizen\u00fdch odpadk\u016f, ale&nbsp;nemen\u0161\u00ed i&nbsp;z&nbsp;ka\u017ed\u00e9ho, kdo p\u0159ilo\u017e\u00ed ruku k&nbsp;d\u00edlu. Kdo to jednou zkus\u00ed, t\u011b\u017eko n\u011bkdy odhod\u00ed PETku nebo n\u011bco hor\u0161\u00edho. &nbsp; Na Praze 12 m\u00e1me nyn\u00ed [&hellip;]<\/p>\n","protected":false},"author":11,"featured_media":713,"comment_status":"open","ping_status":"open","sticky":false,"template":"","format":"standard","meta":{"_acf_changed":false,"inline_featured_image":false,"footnotes":""},"categories":[2],"tags":[],"class_list":["post-709","post","type-post","status-publish","format-standard","has-post-thumbnail","hentry","category-news"],"acf":[],"aioseo_notices":[],"distributor_meta":false,"distributor_terms":false,"distributor_media":false,"distributor_original_site_name":"PRAHA 12 SOB\u011a","distributor_original_site_url":"https:\/\/prahasobe.cz\/praha12sobe","push-errors":false,"_links":{"self":[{"href":"https:\/\/prahasobe.cz\/praha12sobe\/wp-json\/wp\/v2\/posts\/709","targetHints":{"allow":["GET"]}}],"collection":[{"href":"https:\/\/prahasobe.cz\/praha12sobe\/wp-json\/wp\/v2\/posts"}],"about":[{"href":"https:\/\/prahasobe.cz\/praha12sobe\/wp-json\/wp\/v2\/types\/post"}],"author":[{"embeddable":true,"href":"https:\/\/prahasobe.cz\/praha12sobe\/wp-json\/wp\/v2\/users\/11"}],"replies":[{"embeddable":true,"href":"https:\/\/prahasobe.cz\/praha12sobe\/wp-json\/wp\/v2\/comments?post=709"}],"version-history":[{"count":8,"href":"https:\/\/prahasobe.cz\/praha12sobe\/wp-json\/wp\/v2\/posts\/709\/revisions"}],"predecessor-version":[{"id":720,"href":"https:\/\/prahasobe.cz\/praha12sobe\/wp-json\/wp\/v2\/posts\/709\/revisions\/720"}],"wp:featuredmedia":[{"embeddable":true,"href":"https:\/\/prahasobe.cz\/praha12sobe\/wp-json\/wp\/v2\/media\/713"}],"wp:attachment":[{"href":"https:\/\/prahasobe.cz\/praha12sobe\/wp-json\/wp\/v2\/media?parent=709"}],"wp:term":[{"taxonomy":"category","embeddable":true,"href":"https:\/\/prahasobe.cz\/praha12sobe\/wp-json\/wp\/v2\/categories?post=709"},{"taxonomy":"post_tag","embeddable":true,"href":"https:\/\/prahasobe.cz\/praha12sobe\/wp-json\/wp\/v2\/tags?post=709"}],"curies":[{"name":"wp","href":"https:\/\/api.w.org\/{rel}","templated":true}]}}