{"id":485,"date":"2022-05-12T22:02:00","date_gmt":"2022-05-12T22:02:00","guid":{"rendered":"https:\/\/prahasobe.cz\/praha12sobe\/?p=485"},"modified":"2022-06-13T22:06:38","modified_gmt":"2022-06-13T22:06:38","slug":"barrandak-zacina-oprava-stoleti","status":"publish","type":"post","link":"https:\/\/prahasobe.cz\/praha12sobe\/2022\/05\/12\/barrandak-zacina-oprava-stoleti\/","title":{"rendered":"Barran\u010f\u00e1k: za\u010d\u00edn\u00e1 oprava stolet\u00ed"},"content":{"rendered":"\n<p>Takovou opravu je\u0161t\u011b Praha neza\u017eila. V&nbsp;pond\u011bl\u00ed 16.&nbsp;kv\u011btna za\u010dne naplno oprava Barrandovsk\u00e9ho mostu \u2013 kl\u00ed\u010dov\u00e9 pra\u017esk\u00e9 tepny, po&nbsp;kter\u00e9 ka\u017ed\u00fd den p\u0159ejede 144 tis\u00edc aut. Navzdory sv\u00e9mu obrovsk\u00e9mu v\u00fdznamu se&nbsp;na most t\u00e9m\u011b\u0159 40 let nes\u00e1hlo. \ud83d\udc4e Nebyla k&nbsp;tomu jednodu\u0161e politick\u00e1 odvaha. Jak \u0159\u00edk\u00e1 n\u00e1m\u011bstek <a href=\"https:\/\/www.facebook.com\/adam.praha.sobe\/\">Adam Scheinherr<\/a>, je to pro&nbsp;politika opravdu trochu sebevra\u017eedn\u00e1 mise.<\/p>\n\n\n\n<p>&nbsp;<\/p>\n\n\n\n<p>Barran\u010f\u00e1k je ale&nbsp;dnes ve&nbsp;stupni 5 ze 7. Nikdo v&nbsp;Praze nechce druhou Trojskou l\u00e1vku nebo most v&nbsp;Janov\u011b, kter\u00e9 oba byly podobn\u00e9 konstrukce. \u010cekat s&nbsp;opravou Barran\u010f\u00e1ku po&nbsp;volb\u00e1ch by byla zbab\u011blost a&nbsp;hazard. \ud83d\udc49 D\u00e1v\u00e1me na doporu\u010den\u00ed expert\u016f a&nbsp;startujeme gener\u00e1ln\u00ed rekonstrukci.<\/p>\n\n\n\n<p>&nbsp;<\/p>\n\n\n\n<p>Opravu stolet\u00ed jsme b\u011bhem posledn\u00edch t\u0159\u00ed let napl\u00e1novali s&nbsp;t\u00fdmem odborn\u00edk\u016f do&nbsp;nejmen\u0161\u00edho detailu. \ud83e\udd0f Vloni se&nbsp;b\u011bhem nult\u00e9 f\u00e1ze zvl\u00e1dla bez omezen\u00ed dopravy oprava pil\u00ed\u0159\u016f a&nbsp;spodn\u00ed \u010d\u00e1sti mostu. Oprava svrchn\u00ed \u010d\u00e1sti za\u010dne v&nbsp;pond\u011bl\u00ed 16.&nbsp;kv\u011btna.<\/p>\n\n\n\n<ul class=\"wp-block-list\"><li>Pracovat se&nbsp;bude v&nbsp;re\u017eimu 24\/7 a&nbsp;opravu bude mo\u017en\u00e9 sledovat online d\u00edky sedmi kamer\u00e1m.\u2757\ufe0f<\/li><li>Prvn\u00ed etapa potrv\u00e1 110&nbsp;dn\u00ed.<\/li><li>Uzav\u00edrat se&nbsp;bude v\u017edy jen jeden pruh ze \u010dty\u0159 v&nbsp;obou sm\u011brech.<\/li><li>Na v\u0161ech obj\u00edzdn\u00fdch tras\u00e1ch jsou zak\u00e1zan\u00e9 uzav\u00edrky a&nbsp;opravy. \u26d4\ufe0f<\/li><li>Na obou stran\u00e1ch mostu bude 24\/7 odtahov\u00e1 slu\u017eba pro&nbsp;rychl\u00e9 odstran\u011bn\u00ed jak\u00e9koliv nehody. \ud83d\ude4f\ud83c\udffb<\/li><li>Oprav\u011b p\u0159edch\u00e1z\u00ed masivn\u00ed informa\u010dn\u00ed kampa\u0148.<\/li><li>Do\u010dasn\u011b se&nbsp;zv\u00fd\u0161\u00ed \u2b06\ufe0f povolen\u00e1 rychlost v&nbsp;Barrandovsk\u00e9m uzlu, a&nbsp;tedy i&nbsp;jeho kapacita.<\/li><li>P\u0159ed rekonstrukc\u00ed jsme v&nbsp;extr\u00e9mn\u011b kr\u00e1tk\u00e9m \u010dase roz\u0161\u00ed\u0159ili Strakonicku o&nbsp;nov\u00fd j\u00edzdn\u00ed pruh. \u2705 Pro&nbsp;\u0159idi\u010de te\u010f budou pruhy dva a&nbsp;k&nbsp;tomu speci\u00e1ln\u00ed buspruh pro&nbsp;cestuj\u00edc\u00ed v&nbsp;MHD.<\/li><li>P\u0159istav\u011bli jsme tak\u00e9 dop\u0159edu t\u0159et\u00ed odbo\u010dovac\u00ed pruh v&nbsp;m\u00edst\u011b sjezdu na Mod\u0159anskou ve&nbsp;sm\u011bru na Bran\u00edk, aby se&nbsp;netvo\u0159ily \u0161punty na sjezdech. \u2935\ufe0f<\/li><li>Speci\u00e1ln\u011b pro&nbsp;opravu jsme vyjednali otev\u0159en\u00ed k\u0159i\u017eovatky s&nbsp;n\u00e1jezdem na Pra\u017esk\u00fd okruh mezi P\u00edsnic\u00ed a&nbsp;Doln\u00edmi B\u0159e\u017eany, d\u00edky \u010demu\u017e odleh\u010d\u00edme obj\u00edzdn\u00fdm tras\u00e1m.<\/li><li>Kompletn\u011b opraven\u00fd bude most v&nbsp;2026, d\u00e9lku stavby jsme d\u00edky detailn\u00ed p\u0159\u00edprav\u011b a&nbsp;koordinaci stla\u010dili na minimum.\ud83d\udcaa\ud83c\udffb<\/li><li>Roz\u0161i\u0159ujeme mo\u017enost p\u016fj\u010den\u00ed sd\u00edlen\u00fdch kol Nextbike a&nbsp;Rekola do&nbsp;oblast\u00ed Komo\u0159an, Zbraslavi, Velk\u00e9 Chuchle a&nbsp;Radot\u00edna. \ud83d\udeb4<\/li><li>Upravili jsme syst\u00e9m MHD, p\u0159esto plat\u00ed doporu\u010den\u00ed vyu\u017e\u00edt m\u00edsto autobus\u016f tramvaj, metro a&nbsp;vlaky. \ud83d\ude8b Bli\u017e\u0161\u00ed informace k&nbsp;doprav\u011b MHD naleznete na <a href=\"https:\/\/www.dpp.cz\/\">https:\/\/www.dpp.cz\/<\/a>.<\/li><\/ul>\n\n\n\n<p><\/p>\n\n\n\n<p>Oprava Barran\u010f\u00e1ku nejde s&nbsp;ni\u010d\u00edm srovnat. Tak vyt\u00ed\u017een\u00e1 tepna je\u0161t\u011b uzav\u0159en\u00e1 nebyla. Je jasn\u00e9, \u017ee i&nbsp;s&nbsp;precizn\u00ed p\u0159\u00edpravou to nebude bez bolesti. Jinak to bohu\u017eel nejde. Ale&nbsp;zvl\u00e1dneme to. \ud83d\ude4f<\/p>\n\n\n\n<p>Kompletn\u00ed info o&nbsp;obj\u00edzdn\u00fdch tras\u00e1ch a&nbsp;detaily opravy \u27a1\ufe0f <a href=\"https:\/\/barrandak.cz\/\">https:\/\/barrandak.cz\/<\/a><\/p>\n\n\n\n<p>&nbsp;<\/p>\n\n\n\n<p>Zdroj fotografie: IPR, Ond\u0159ej Mal\u00fd<\/p>\n","protected":false},"excerpt":{"rendered":"<p>Takovou opravu je\u0161t\u011b Praha neza\u017eila. V&nbsp;pond\u011bl\u00ed 16.&nbsp;kv\u011btna za\u010dne naplno oprava Barrandovsk\u00e9ho mostu \u2013 kl\u00ed\u010dov\u00e9 pra\u017esk\u00e9 tepny, po&nbsp;kter\u00e9 ka\u017ed\u00fd den p\u0159ejede 144 tis\u00edc aut. Navzdory sv\u00e9mu obrovsk\u00e9mu v\u00fdznamu se&nbsp;na most t\u00e9m\u011b\u0159 40 let nes\u00e1hlo. \ud83d\udc4e Nebyla k&nbsp;tomu jednodu\u0161e politick\u00e1 odvaha. Jak \u0159\u00edk\u00e1 n\u00e1m\u011bstek Adam Scheinherr, je to pro&nbsp;politika opravdu trochu sebevra\u017eedn\u00e1 mise. &nbsp; Barran\u010f\u00e1k je ale&nbsp;dnes [&hellip;]<\/p>\n","protected":false},"author":11,"featured_media":483,"comment_status":"open","ping_status":"open","sticky":false,"template":"","format":"standard","meta":{"_acf_changed":false,"inline_featured_image":false,"footnotes":""},"categories":[2],"tags":[],"class_list":["post-485","post","type-post","status-publish","format-standard","has-post-thumbnail","hentry","category-news"],"acf":[],"aioseo_notices":[],"distributor_meta":false,"distributor_terms":false,"distributor_media":false,"distributor_original_site_name":"PRAHA 12 SOB\u011a","distributor_original_site_url":"https:\/\/prahasobe.cz\/praha12sobe","push-errors":false,"_links":{"self":[{"href":"https:\/\/prahasobe.cz\/praha12sobe\/wp-json\/wp\/v2\/posts\/485","targetHints":{"allow":["GET"]}}],"collection":[{"href":"https:\/\/prahasobe.cz\/praha12sobe\/wp-json\/wp\/v2\/posts"}],"about":[{"href":"https:\/\/prahasobe.cz\/praha12sobe\/wp-json\/wp\/v2\/types\/post"}],"author":[{"embeddable":true,"href":"https:\/\/prahasobe.cz\/praha12sobe\/wp-json\/wp\/v2\/users\/11"}],"replies":[{"embeddable":true,"href":"https:\/\/prahasobe.cz\/praha12sobe\/wp-json\/wp\/v2\/comments?post=485"}],"version-history":[{"count":3,"href":"https:\/\/prahasobe.cz\/praha12sobe\/wp-json\/wp\/v2\/posts\/485\/revisions"}],"predecessor-version":[{"id":489,"href":"https:\/\/prahasobe.cz\/praha12sobe\/wp-json\/wp\/v2\/posts\/485\/revisions\/489"}],"wp:featuredmedia":[{"embeddable":true,"href":"https:\/\/prahasobe.cz\/praha12sobe\/wp-json\/wp\/v2\/media\/483"}],"wp:attachment":[{"href":"https:\/\/prahasobe.cz\/praha12sobe\/wp-json\/wp\/v2\/media?parent=485"}],"wp:term":[{"taxonomy":"category","embeddable":true,"href":"https:\/\/prahasobe.cz\/praha12sobe\/wp-json\/wp\/v2\/categories?post=485"},{"taxonomy":"post_tag","embeddable":true,"href":"https:\/\/prahasobe.cz\/praha12sobe\/wp-json\/wp\/v2\/tags?post=485"}],"curies":[{"name":"wp","href":"https:\/\/api.w.org\/{rel}","templated":true}]}}