{"id":476,"date":"2022-04-01T21:52:00","date_gmt":"2022-04-01T21:52:00","guid":{"rendered":"https:\/\/prahasobe.cz\/praha12sobe\/?p=476"},"modified":"2022-06-13T21:54:12","modified_gmt":"2022-06-13T21:54:12","slug":"stavime-dalsi-tramvajovou-trat-modrany-libus","status":"publish","type":"post","link":"https:\/\/prahasobe.cz\/praha12sobe\/2022\/04\/01\/stavime-dalsi-tramvajovou-trat-modrany-libus\/","title":{"rendered":"Stav\u00edme dal\u0161\u00ed tramvajovou tra\u0165: Mod\u0159any \u2013 Libu\u0161"},"content":{"rendered":"\n<p>A to nen\u00ed Apr\u00edl!<img loading=\"lazy\" decoding=\"async\" width=\"16\" height=\"16\" alt=\"\ud83d\ude42\" src=\"https:\/\/static.xx.fbcdn.net\/images\/emoji.php\/v9\/t4c\/1\/16\/1f642.png\">Tramvajov\u00fd boom v\u00a0Praze pokra\u010duje i\u00a0v\u00a0roce 2022. Dnes jsme s\u00a0<a href=\"https:\/\/www.facebook.com\/DopravniPodnikPraha\/\" target=\"_blank\" rel=\"noreferrer noopener\">Dopravn\u00ed podnik hlavn\u00edho m\u011bsta Prahy<\/a>\u00a0zah\u00e1jili stavbu dal\u0161\u00ed tramvajov\u00e9 trat\u011b \u2013 tentokr\u00e1t z\u00a0Mod\u0159an do&nbsp;Libu\u0161e. Pra\u017ean\u00e9 se&nbsp;mohou t\u011b\u0161it na pohodln\u00e9 spojen\u00ed od s\u00eddli\u0161t\u011b Libu\u0161 a\u00a0Kam\u00fdk do&nbsp;Mod\u0159an, Bran\u00edk, Palack\u00e9ho n\u00e1m\u011bst\u00ed a\u00a0d\u00e1l do&nbsp;centra. B\u011bhem stavby vysad\u00edme pod\u00e9l kolej\u00ed tak\u00e9 85 nov\u00fdch vzrostl\u00fdch strom\u016f a\u00a026\u00a0400 ke\u0159\u016f.<\/p>\n\n\n\n<p>&nbsp;<\/p>\n\n\n\n<p>Pra\u017ean\u00e9 z\u00a0oblasti Kr\u010de, Libu\u0161e \u010di\u00a0P\u00edsnice se&nbsp;do&nbsp;te\u010f museli spol\u00e9hat pouze autobusy. My jim k\u00a0domov\u016fm p\u0159ivedeme metro D a\u00a0nov\u00e9 tramvajov\u00e9 trat\u011b. U\u017e&nbsp;te\u010f pracujeme na prodlou\u017een\u00ed k\u00a0budouc\u00ed stanici metra D Nov\u00e9 Dvory. Tohle propojen\u00ed nab\u00eddne \u00fapln\u011b nov\u00e9 dopravn\u00ed mo\u017enosti a\u00a0potenci\u00e1l. Jak propoj\u00edme D\u00e9\u010dko s\u00a0kolejemi, lid\u00e9 z\u00a0Mod\u0159an budou za 10 minut tramvaj\u00ed ve&nbsp;stanici Nov\u00e9 Dvory a\u00a0budou moct p\u0159es Pankr\u00e1c pokra\u010dovat do&nbsp;centra metrem.<\/p>\n\n\n\n<p>&nbsp;<\/p>\n\n\n\n<p>Vezm\u011bte si to. V&nbsp;Praze m\u00e1me v&nbsp;tento moment rozestav\u011bn\u00e9 t\u0159i tramvajov\u00e9 stavby. Tra\u0165 do&nbsp;nov\u00e9 \u010dtvrti ve&nbsp;Slivenci, nov\u00fd p\u0159estupn\u00ed uzel Depo Hostiva\u0159 a&nbsp;te\u010f i&nbsp;tra\u0165 Mod\u0159any \u2013 Libu\u0161. Kolegov\u00e9 z&nbsp;DPP \u0159\u00edkali, \u017ee to se&nbsp;stalo naposledy v&nbsp;30.&nbsp;letech 20.&nbsp;stolet\u00ed. Mysl\u00edm, \u017ee na sebe m\u016f\u017eeme b\u00fdt py\u0161n\u00ed. Bylo mi ct\u00ed dnes stavbu zah\u00e1jit s&nbsp;panem in\u017een\u00fdrem Filipem Ji\u0159\u00edkem, kter\u00fd stavbu p\u0159ipravil a&nbsp;je vedouc\u00edm projektu za Dopravn\u00ed podnik.<img loading=\"lazy\" decoding=\"async\" alt=\"\ud83d\udcaf\" src=\"https:\/\/static.xx.fbcdn.net\/images\/emoji.php\/v9\/tf1\/1\/16\/1f4af.png\" width=\"16\" height=\"16\"><\/p>\n","protected":false},"excerpt":{"rendered":"<p>A to nen\u00ed Apr\u00edl!Tramvajov\u00fd boom v\u00a0Praze pokra\u010duje i\u00a0v\u00a0roce 2022. Dnes jsme s\u00a0Dopravn\u00ed podnik hlavn\u00edho m\u011bsta Prahy\u00a0zah\u00e1jili stavbu dal\u0161\u00ed tramvajov\u00e9 trat\u011b \u2013 tentokr\u00e1t z\u00a0Mod\u0159an do&nbsp;Libu\u0161e. Pra\u017ean\u00e9 se&nbsp;mohou t\u011b\u0161it na pohodln\u00e9 spojen\u00ed od s\u00eddli\u0161t\u011b Libu\u0161 a\u00a0Kam\u00fdk do&nbsp;Mod\u0159an, Bran\u00edk, Palack\u00e9ho n\u00e1m\u011bst\u00ed a\u00a0d\u00e1l do&nbsp;centra. B\u011bhem stavby vysad\u00edme pod\u00e9l kolej\u00ed tak\u00e9 85 nov\u00fdch vzrostl\u00fdch strom\u016f a\u00a026\u00a0400 ke\u0159\u016f. &nbsp; Pra\u017ean\u00e9 z\u00a0oblasti [&hellip;]<\/p>\n","protected":false},"author":11,"featured_media":466,"comment_status":"open","ping_status":"open","sticky":false,"template":"","format":"standard","meta":{"_acf_changed":false,"inline_featured_image":false,"footnotes":""},"categories":[2],"tags":[],"class_list":["post-476","post","type-post","status-publish","format-standard","has-post-thumbnail","hentry","category-news"],"acf":[],"aioseo_notices":[],"distributor_meta":false,"distributor_terms":false,"distributor_media":false,"distributor_original_site_name":"PRAHA 12 SOB\u011a","distributor_original_site_url":"https:\/\/prahasobe.cz\/praha12sobe","push-errors":false,"_links":{"self":[{"href":"https:\/\/prahasobe.cz\/praha12sobe\/wp-json\/wp\/v2\/posts\/476","targetHints":{"allow":["GET"]}}],"collection":[{"href":"https:\/\/prahasobe.cz\/praha12sobe\/wp-json\/wp\/v2\/posts"}],"about":[{"href":"https:\/\/prahasobe.cz\/praha12sobe\/wp-json\/wp\/v2\/types\/post"}],"author":[{"embeddable":true,"href":"https:\/\/prahasobe.cz\/praha12sobe\/wp-json\/wp\/v2\/users\/11"}],"replies":[{"embeddable":true,"href":"https:\/\/prahasobe.cz\/praha12sobe\/wp-json\/wp\/v2\/comments?post=476"}],"version-history":[{"count":1,"href":"https:\/\/prahasobe.cz\/praha12sobe\/wp-json\/wp\/v2\/posts\/476\/revisions"}],"predecessor-version":[{"id":477,"href":"https:\/\/prahasobe.cz\/praha12sobe\/wp-json\/wp\/v2\/posts\/476\/revisions\/477"}],"wp:featuredmedia":[{"embeddable":true,"href":"https:\/\/prahasobe.cz\/praha12sobe\/wp-json\/wp\/v2\/media\/466"}],"wp:attachment":[{"href":"https:\/\/prahasobe.cz\/praha12sobe\/wp-json\/wp\/v2\/media?parent=476"}],"wp:term":[{"taxonomy":"category","embeddable":true,"href":"https:\/\/prahasobe.cz\/praha12sobe\/wp-json\/wp\/v2\/categories?post=476"},{"taxonomy":"post_tag","embeddable":true,"href":"https:\/\/prahasobe.cz\/praha12sobe\/wp-json\/wp\/v2\/tags?post=476"}],"curies":[{"name":"wp","href":"https:\/\/api.w.org\/{rel}","templated":true}]}}